{"id":150017,"date":"2025-06-03T22:45:17","date_gmt":"2025-06-03T22:45:17","guid":{"rendered":"https:\/\/www.europesays.com\/fr\/150017\/"},"modified":"2025-06-03T22:45:17","modified_gmt":"2025-06-03T22:45:17","slug":"je-naurais-jamais-vote-contre-jerome-des-landes","status":"publish","type":"post","link":"https:\/\/www.europesays.com\/fr\/150017\/","title":{"rendered":"Je n&rsquo;aurais jamais vot\u00e9 contre J\u00e9r\u00f4me des Landes"},"content":{"rendered":"<p>No\u00e9mie m\u00e9rite sans nul doute la m\u00e9daille du fair-play. Ce mardi 3 juin, \u00e9limin\u00e9e du conseil de <a href=\"https:\/\/www.programme-tv.net\/news\/tv\/370938-koh-lanta-2025-date-de-diffusion-candidats-nouveautes-toutes-les-infos-sur-la-revanche-des-4-terres-la-nouvelle-saison-du-jeu-de-tf1\/\" data-api-deeplink=\"teleloisirs:\/\/news\/370938\" target=\"_blank\" rel=\"noopener\">Koh-Lanta, La revanche des 4 terres<\/a> apr\u00e8s <a href=\"https:\/\/www.programme-tv.net\/news\/tv\/379764-koh-lanta-2025-quel-est-le-plus-grand-coup-de-bluff-de-l-histoire-qui-vous-attend-la-semaine-prochaine\/\" data-api-deeplink=\"teleloisirs:\/\/news\/379764\" target=\"_blank\" rel=\"noopener\">l&rsquo;incroyable coup de bluff men\u00e9 par J\u00e9r\u00f4me le Catalan et Claire la Nordiste<\/a>, la trentenaire a malgr\u00e9 tout tenu \u00e0 f\u00e9liciter ses deux adversaires. La candidate a confi\u00e9 son vote noir \u00e0 Ma\u00ebl, son complice de toujours. L&rsquo;ex-navigatrice aura en tout cas tenu bon la barre pendant 35 jours apr\u00e8s avoir une premi\u00e8re fois <a href=\"https:\/\/www.programme-tv.net\/news\/tv\/377279-noemie-koh-lanta-2025-sauvee-de-l-elimination-in-extremis-je-voulais-voter-contre-joana\/\" data-api-deeplink=\"teleloisirs:\/\/news\/377279\" target=\"_blank\" rel=\"noopener\">fr\u00f4l\u00e9 l&rsquo;\u00e9limination face \u00e0 Adrien juste apr\u00e8s la r\u00e9unification<\/a>. Elle revient sur son aventure aupr\u00e8s de T\u00e9l\u00e9-Loisirs.<\/p>\n<p>No\u00e9mie r\u00e9agit \u00e0 son \u00e9limination de Koh-Lanta, La revanche des 4 terres : \u00ab\u00a0J\u00e9r\u00f4me le Catalan est un tr\u00e8s bon adversaire\u00a0\u00bb<\/p>\n<p><b>T\u00e9l\u00e9-Loisirs<\/b><b> : Vous avez \u00e9t\u00e9 tr\u00e8s fair-play lors de votre d\u00e9part. \u00c9tait-ce important pour vous de partir sur une note positive ?<br \/>No\u00e9mie : <\/b>Compl\u00e8tement. Le d\u00e9part de ce conseil d\u00e9finit bien la personne que je suis dans la vie de tous les jours. Je suis quelqu&rsquo;un qui accepte les faits. <b>C&rsquo;\u00e9tait bien jou\u00e9 de leur part<\/b>. Koh-Lanta est un jeu, j&rsquo;ai accept\u00e9 les r\u00e8gles et \u00e7a en fait partie aussi.<\/p>\n<p><b>Aviez-vous senti le vent tourner en votre d\u00e9faveur ?<br \/><\/b>Oui, clairement. Mais j&rsquo;avais toujours le petit espoir de me dire que sur un malentendu, les votes allaient plut\u00f4t pencher sur une des Vertes.<\/p>\n<p><b>Vous avez failli d\u00e9crocher l\u2019immunit\u00e9 en terminant deuxi\u00e8me sur l\u2019\u00e9preuve derri\u00e8re J\u00e9r\u00f4me le Catalan. Pas trop frustrant ?<br \/><\/b>J&rsquo;\u00e9tais pourtant vraiment bien sur cette \u00e9preuve. Hyper calme, concentr\u00e9e, focus, dans ma bulle. L\u00e0-dessus, <b>je n&rsquo;ai pas de regrets \u00e0 avoir. <\/b>J\u00e9r\u00f4me a juste \u00e9t\u00e9 meilleur que moi. Je ne peux que saluer sa victoire parce que c&rsquo;est un tr\u00e8s bon adversaire. Il a r\u00e9ussi \u00e0 nous le montrer une fois de plus sur cette \u00e9preuve-l\u00e0.<\/p>\n<p><b>Ce qui aurait peut-\u00eatre pu sauver votre peau dans cette aventure, c&rsquo;est d&rsquo;accepter l&rsquo;alliance des filles que <\/b><a href=\"https:\/\/www.programme-tv.net\/news\/tv\/378262-je-men-suis-beaucoup-voulu-gaelle-koh-lanta-2025-n-a-toujours-pas-digere-l-elimination-de-louise\/\" data-api-deeplink=\"teleloisirs:\/\/news\/378262\" target=\"_blank\" rel=\"noopener\"><b>Ga\u00eblle<\/b><\/a><b> vous a propos\u00e9e. Ne regrettez-vous pas d&rsquo;avoir dit non finalement ?<br \/><\/b>Ce qu\u2019il faut savoir, c\u2019est que de mon premier \u00e0 mon dernier jour d\u2019aventure, je n&rsquo;ai absolument aucun regret. Je n\u2019ai pas de regrets car les filles voulaient faire cette alliance pour voter contre J\u00e9r\u00f4me des Landes. Or, il a \u00e9t\u00e9 mon compagnon depuis le d\u00e9but de l&rsquo;aventure. On a eu des grosses gal\u00e8res ensemble. <b>Je n&rsquo;aurais donc jamais vot\u00e9 contre lui<\/b>. C&rsquo;est pour \u00e7a que je pr\u00e9f\u00e8re sortir la t\u00eate haute que de devoir voter contre une personne avec laquelle on est arriv\u00e9s jusqu&rsquo;au 35e jour.<\/p>\n<p><b>Dans cette alliance de filles, il y aurait eu Claire \u00e9galement, avec laquelle vous n\u2019avez pas d\u2019affinit\u00e9s ?<br \/><\/b>Ga\u00eblle m&rsquo;en a parl\u00e9. Je ne sais pas si \u00e7a l&rsquo;aurait fait. En tout cas, j&rsquo;avais cette possibilit\u00e9 de jouer sur cette alliance de femmes pour \u00e9liminer J\u00e9r\u00f4me des Landes qui avait un bon potentiel pour l&rsquo;orientation.<\/p>\n<p>Pourquoi No\u00e9mie ne s&rsquo;entendait pas avec Claire dans Koh-Lanta 2025 ? Elle nous r\u00e9pond<\/p>\n<p><b>En regardant l&rsquo;\u00e9mission, on ne comprend pas pourquoi \u00e7a ne matchait pas entre vous et Claire\u2026<br \/><\/b>Ce n&rsquo;est pas que \u00e7a ne matchait pas. On avait un bon feeling au d\u00e9but.<b> C&rsquo;est une nana que j&rsquo;avais h\u00e2te de rencontrer.<\/b> \u00c0 la r\u00e9unification, j&rsquo;\u00e9tais contente de pouvoir enfin parler avec elle. Il faut savoir que quand on est en \u00e9quipe, on n&rsquo;a pas du tout l&rsquo;opportunit\u00e9 de pouvoir \u00e9changer avec l&rsquo;\u00e9quipe d&rsquo;en face. Claire, la premi\u00e8re fois que je lui ai parl\u00e9, c&rsquo;\u00e9tait vraiment au bout du 20e jour. Mais il ne faut pas oublier qu&rsquo;elle nous l\u2019a fait \u00e0 l&rsquo;envers deux fois. Elle nous a menti droit dans les yeux pour le vote concernant Adrien. J&rsquo;ai fini \u00e0 la boule noire contre Adrien. Elle a vot\u00e9 contre moi alors qu&rsquo;elle nous avait dit qu&rsquo;elle ne le ferait pas. M\u00eame chose pour Louise. <b>Claire nous a donc menti. Et moi, je n&rsquo;ai pas oubli\u00e9<\/b>.<\/p>\n<p><b>Comprenez-vous qu&rsquo;elle a pu \u00eatre heurt\u00e9e lorsque vous l\u2019avez prise \u00e0 partie au lendemain du d\u00e9part de Joana ?<br \/><\/b>Oui, je comprends. Apr\u00e8s, je n&rsquo;ai pas de regrets parce que &#8211; de toute fa\u00e7on &#8211; il fallait bien que \u00e7a sorte un jour et qu&rsquo;<b>elle nous a quand m\u00eame pas mal balad\u00e9s avant<\/b>. J&rsquo;ai juste rappel\u00e9 que c&rsquo;\u00e9tait <a href=\"https:\/\/www.programme-tv.net\/news\/tv\/378325-joana-koh-lanta-2025-revele-la-nature-de-sa-relation-avec-andrea-depuis-la-fin-du-tournage\/\" data-api-deeplink=\"teleloisirs:\/\/news\/378325\" target=\"_blank\" rel=\"noopener\">Joana<\/a> et Claire qui faisaient partie de l&rsquo;alliance. Rien de plus. Et \u00e7a ne lui a pas plu. C&rsquo;est comme \u00e7a.<\/p>\n<p>\u00ab\u00a0Ce sont des \u00e9motions que je ne souhaite \u00e0 personne\u00a0\u00bb : ce moment que No\u00e9mie a mal v\u00e9cu dans Koh-Lanta<\/p>\n<p><b>Quel conseil a \u00e9t\u00e9 le plus difficile \u00e0 vivre pour vous ? Celui de la boule noire ou celui de mardi soir ?<br \/><\/b>Je pense que \u00e7a a \u00e9t\u00e9 celui contre Adrien parce qu&rsquo;il y avait beaucoup d&rsquo;injustice et d&rsquo;incompr\u00e9hension. Plus de la peur et de la frustration. <b>Ce sont des \u00e9motions que je ne souhaite \u00e0 personne<\/b>. \u00c7a a \u00e9t\u00e9 une journ\u00e9e extr\u00eamement difficile. On se retrouvait avec des personnes qu&rsquo;on ne connaissait pas. On n&rsquo;avait pas toutes les cartes en main et j&rsquo;avais vraiment l&rsquo;impression d&rsquo;avoir manqu\u00e9 quelque chose. Le dernier conseil, c\u2019\u00e9tait quinze jours plus tard. J\u2019avais d\u00e9j\u00e0 eu le c\u00f4t\u00e9 d\u00e9passement de soi, on avait remport\u00e9 des \u00e9preuves avec Maxime et j\u2019avais cr\u00e9\u00e9 des alliances tr\u00e8s fortes. Il ne me manquait plus que les poteaux finalement.<\/p>\n<p><b>Vous qui avez c\u00f4toy\u00e9 Maxime de pr\u00e8s lors des destins li\u00e9s, qu\u2019avez-vous pens\u00e9 de sa strat\u00e9gie revancharde ?<br \/><\/b>Je peux comprendre son c\u00f4t\u00e9 revanchard. Il a \u00e9t\u00e9 bless\u00e9, comme moi j&rsquo;ai pu l&rsquo;\u00eatre aussi. Apr\u00e8s, chacun raisonne diff\u00e9remment, mais il a voulu se venger et il l&rsquo;a fait. Pour moi, il a fait son jeu et il a plut\u00f4t bien anim\u00e9 les derniers \u00e9pisodes. C&rsquo;\u00e9tait int\u00e9ressant de voir \u00e7a.<\/p>\n<p><b>Est-ce qu&rsquo;il aurait constitu\u00e9 un partenaire fiable pour vous s&rsquo;il avait poursuivi l&rsquo;aventure ?<br \/><\/b>C\u2019\u00e9tait compliqu\u00e9 de le cerner donc non, pour moi, il n\u2019\u00e9tait pas fiable. Mais endors du jeu, c\u2019est une personne que j\u2019adore. Il est tr\u00e8s sympa, il a beaucoup d\u2019humour. Il sort de grosses vannes avec un c\u00f4t\u00e9 \u00ab\u00a0poker face\u00a0\u00bb. Je suis tr\u00e8s fan de son humour.<\/p>\n","protected":false},"excerpt":{"rendered":"No\u00e9mie m\u00e9rite sans nul doute la m\u00e9daille du fair-play. Ce mardi 3 juin, \u00e9limin\u00e9e du conseil de Koh-Lanta,&hellip;\n","protected":false},"author":2,"featured_media":150018,"comment_status":"","ping_status":"","sticky":false,"template":"","format":"standard","meta":{"footnotes":""},"categories":[1356],"tags":[244,681,58,59,1011,27,2173,680,24107,2277,27945,252,199,2175,1364],"class_list":{"0":"post-150017","1":"post","2":"type-post","3":"status-publish","4":"format-standard","5":"has-post-thumbnail","7":"category-television","8":"tag-commentaire","9":"tag-denis-brogniart","10":"tag-divertissement","11":"tag-entertainment","12":"tag-fr","13":"tag-france","14":"tag-interview","15":"tag-koh-lanta","16":"tag-koh-lanta-2252025-0910-pm-tf1","17":"tag-la-revanche-des-4-terres","18":"tag-nou00e9mie-koh-lanta","19":"tag-television","20":"tag-tf1","21":"tag-tl-story","22":"tag-tv"},"share_on_mastodon":{"url":"https:\/\/pubeurope.com\/@fr\/114621862848003613","error":""},"_links":{"self":[{"href":"https:\/\/www.europesays.com\/fr\/wp-json\/wp\/v2\/posts\/150017","targetHints":{"allow":["GET"]}}],"collection":[{"href":"https:\/\/www.europesays.com\/fr\/wp-json\/wp\/v2\/posts"}],"about":[{"href":"https:\/\/www.europesays.com\/fr\/wp-json\/wp\/v2\/types\/post"}],"author":[{"embeddable":true,"href":"https:\/\/www.europesays.com\/fr\/wp-json\/wp\/v2\/users\/2"}],"replies":[{"embeddable":true,"href":"https:\/\/www.europesays.com\/fr\/wp-json\/wp\/v2\/comments?post=150017"}],"version-history":[{"count":0,"href":"https:\/\/www.europesays.com\/fr\/wp-json\/wp\/v2\/posts\/150017\/revisions"}],"wp:featuredmedia":[{"embeddable":true,"href":"https:\/\/www.europesays.com\/fr\/wp-json\/wp\/v2\/media\/150018"}],"wp:attachment":[{"href":"https:\/\/www.europesays.com\/fr\/wp-json\/wp\/v2\/media?parent=150017"}],"wp:term":[{"taxonomy":"category","embeddable":true,"href":"https:\/\/www.europesays.com\/fr\/wp-json\/wp\/v2\/categories?post=150017"},{"taxonomy":"post_tag","embeddable":true,"href":"https:\/\/www.europesays.com\/fr\/wp-json\/wp\/v2\/tags?post=150017"}],"curies":[{"name":"wp","href":"https:\/\/api.w.org\/{rel}","templated":true}]}}