{"id":150023,"date":"2025-06-03T22:48:17","date_gmt":"2025-06-03T22:48:17","guid":{"rendered":"https:\/\/www.europesays.com\/fr\/150023\/"},"modified":"2025-06-03T22:48:17","modified_gmt":"2025-06-03T22:48:17","slug":"les-francais-nen-peuvent-plus","status":"publish","type":"post","link":"https:\/\/www.europesays.com\/fr\/150023\/","title":{"rendered":"les Fran\u00e7ais n\u2019en peuvent plus\u00a0"},"content":{"rendered":"<p>             <a href=\"https:\/\/ma-sante.news\/wp-content\/uploads\/2025\/06\/sante-au-travail-stress-burnout-depression-anxiete-Ma-Sante.jpg\" data-caption=\"En France, 60 % des arr\u00eats de travail de plus de 30 jours sont li\u00e9s \u00e0 des troubles psychosociaux comme le stress, l\u2019anxi\u00e9t\u00e9 ou le burn-out, selon Harmonie Mutuelle. \u00a9 Freepik\" target=\"_blank\" rel=\"noopener\"><img loading=\"lazy\" decoding=\"async\" width=\"696\" height=\"464\" class=\"entry-thumb td-modal-image\" src=\"data:image\/svg+xml,%3Csvg%20xmlns=\" http:=\"\" data-lazy- data-lazy- alt=\"Une femme en stress au travail, au bord du burn-out.\" title=\"sante\u0301 au travail stress burnout de\u0301pression anxie\u0301te\u0301 Ma Sante\u0301\" data-lazy-src=\"https:\/\/www.europesays.com\/fr\/wp-content\/uploads\/2025\/06\/sante-au-travail-stress-burnout-depression-anxiete-Ma-Sante-696x464.jpg\"\/><\/a>En France, 60 % des arr\u00eats de travail de plus de 30 jours sont li\u00e9s \u00e0 des troubles psychosociaux comme le stress, l\u2019anxi\u00e9t\u00e9 ou le burn-out, selon Harmonie Mutuelle. \u00a9 Freepik                                    \t\t\t             <a class=\"gofollow\" data-track=\"MjgsMCwxLDYw\" href=\"https:\/\/ma-sante.news\/inscrivez-vous-a-notre-newsletter\/\" target=\"_blank\" rel=\"noopener\"><img loading=\"lazy\" decoding=\"async\" width=\"1068\" height=\"131\" src=\"data:image\/svg+xml,%3Csvg%20xmlns=\" http:=\"\" data-lazy-src=\"https:\/\/www.europesays.com\/fr\/wp-content\/uploads\/2025\/03\/banniere-newsletter.png\"\/><\/a> <\/p>\n<p>Pas besoin d\u2019\u00eatre psy pour le constater : le travail est devenu une source de tension quotidienne pour beaucoup. <a href=\"https:\/\/ma-sante.news\/effets-du-travail-sur-le-cerveau-surmenage-trop-cest-trop\/\" target=\"_blank\" rel=\"noopener\">R\u00e9unions \u00e0 rallonge, pression sur les r\u00e9sultats, emails qui tombent \u00e0 22h<\/a>\u2026 Pr\u00e8s d\u2019un salari\u00e9 sur deux est en d\u00e9tresse psychologique.<\/p>\n<p>Derri\u00e8re ce chiffre, le barom\u00e8tre Empreinte Humaine r\u00e9v\u00e8le que 31 % des salari\u00e9s pr\u00e9sentent <a href=\"https:\/\/ma-sante.news\/burn-out-enfin-reconnu-797879\/\" target=\"_blank\" rel=\"noopener\">un risque de burn-out<\/a>. Avec la crise sanitaire, le t\u00e9l\u00e9travail, l\u2019incertitude \u00e9conomique et des conditions de travail souvent peu ergonomiques,<a href=\"https:\/\/ma-sante.news\/sante-travail-artisans-ont-le-blues-135978\/\" target=\"_blank\" rel=\"noopener\"> le stress au travail s\u2019est durablement install\u00e9<\/a> dans nos vies.<\/p>\n<p>        Le stress au travail, un fl\u00e9au qui s\u2019installe (trop) tranquillement    <strong>Qu\u2019est-ce qui nous stresse au boulot ?<\/strong>    <\/p>\n<p>Plusieurs facteurs sont en cause, et ils sont parfois bien plus insidieux qu\u2019une simple surcharge de travail :<\/p>\n<ul class=\"wp-block-list\">\n<li>Le manque de reconnaissance : quand votre travail passe inaper\u00e7u, que vos efforts ne sont pas salu\u00e9s, cela finit par user.<\/li>\n<li>Des objectifs inatteignables : \u00eatre sous pression en permanence pour atteindre des r\u00e9sultats irr\u00e9alistes, c\u2019est comme courir un marathon sans chaussures.<\/li>\n<li>L\u2019organisation du travail : outils d\u00e9faillants, bruit, open space bruyant, \u00e9clairage agressif\u2026 autant de petits d\u00e9tails qui, accumul\u00e9s, finissent par rendre fou.<\/li>\n<li>Des relations hi\u00e9rarchiques tendues : le manque de communication avec la direction, les conflits ou <a href=\"https:\/\/ma-sante.news\/isolement-social-solitude-risque-grave-pour-sante\/\" target=\"_blank\" rel=\"noopener\">l\u2019isolement social sont aussi des sources fr\u00e9quentes de mal-\u00eatre.<\/a><\/li>\n<\/ul>\n<p>D\u2019apr\u00e8s une enqu\u00eate OpinionWay pour l\u2019UFIPA (2024), 88 % des salari\u00e9s estiment que <a href=\"https:\/\/ma-sante.news\/sante-mentale-souffrance-jeunes-moins-epanouis-au-travail\/\" target=\"_blank\" rel=\"noopener\">leur environnement de travail a un impact direct sur leur sant\u00e9 mentale<\/a>. Parmi eux, plus de la moiti\u00e9 souffrent de douleurs physiques li\u00e9es \u00e0 des postures inadapt\u00e9es, et 51 % d\u00e9clarent avoir des difficult\u00e9s de concentration li\u00e9es \u00e0 un environnement peu adapt\u00e9.<\/p>\n<p>        <strong>Le stress n\u2019est pas qu\u2019un \u201ctruc dans la t\u00eate\u201d : il rend malade<\/strong>    <\/p>\n<p>On minimise souvent les effets du stress au travail, mais il peut avoir des cons\u00e9quences graves. La Haute Autorit\u00e9 de Sant\u00e9 (HAS) souligne que le stress chronique peut provoquer :<\/p>\n<p>La souffrance psychique li\u00e9e au travail touche en moyenne 3,3 % des actifs, selon Sant\u00e9 Publique France, avec <a href=\"https:\/\/ma-sante.news\/charge-mentale-comment-faire-face-au-syndrome-de-la-double-journee\/\" target=\"_blank\" rel=\"noopener\">une pr\u00e9valence deux fois plus \u00e9lev\u00e9e chez les femmes<\/a> (4,6 % contre 2,1 % chez les hommes). Les secteurs les plus expos\u00e9s ? Le transport, l\u2019industrie, la construction, mais aussi les fonctions manag\u00e9riales.<\/p>\n<p>        Stress au travail : peut-on s\u2019en prot\u00e9ger ?    <strong>Et si le probl\u00e8me venait aussi de l\u2019employeur ?<\/strong>    <\/p>\n<p>Tout ne repose pas sur les \u00e9paules du salari\u00e9 ! Le Code du travail (article L. 4121-1) est tr\u00e8s clair : l\u2019employeur a une obligation l\u00e9gale de <a href=\"https:\/\/ma-sante.news\/sante-au-travail-sacha-rosenthal-le-sport-sante-taille-patron\/\" target=\"_blank\" rel=\"noopener\">prot\u00e9ger la sant\u00e9 mentale et physique de ses salari\u00e9s<\/a>. Cela implique notamment d\u2019<a href=\"https:\/\/ma-sante.news\/sante-au-travail-journee-prevention-des-risques-31862\/\" target=\"_blank\" rel=\"noopener\">\u00e9valuer les risques psychosociaux (RPS) et de mettre en place des actions concr\u00e8tes pour pr\u00e9venir le stress au travail<\/a>.<\/p>\n<p>Et pourtant\u2026 beaucoup d\u2019entreprises se contentent encore de proposer des formations bien-\u00eatre ou <a href=\"https:\/\/ma-sante.news\/yoga-adoptez-les-bonnes-positions-pour-dire-enfin-adieu-au-mal-de-dos\/\" target=\"_blank\" rel=\"noopener\">des s\u00e9ances de yoga <\/a>en ligne, sans jamais remettre en cause leur organisation interne. Pratique, mais pas suffisant.<\/p>\n<p>        <strong>Des solutions existent, mais elles demandent du courage<\/strong>    <\/p>\n<p>Pour am\u00e9liorer la qualit\u00e9 de vie au travail, on peut agir \u00e0 plusieurs niveaux :<\/p>\n<ul class=\"wp-block-list\">\n<li>R\u00e9organiser le travail : revoir la charge de travail, donner plus d\u2019autonomie, mieux r\u00e9partir les responsabilit\u00e9s.<\/li>\n<li>Former les managers : ils doivent \u00eatre capables de rep\u00e9rer les signes de mal-\u00eatre et de soutenir leurs \u00e9quipes.<\/li>\n<li>Am\u00e9liorer l\u2019environnement physique : un bon \u00e9clairage, du mobilier adapt\u00e9, un espace calme\u2026 \u00e7a change tout.<\/li>\n<li>Favoriser le dialogue social : cr\u00e9er un climat de confiance o\u00f9 les salari\u00e9s peuvent exprimer leurs difficult\u00e9s.<\/li>\n<\/ul>\n<p>        <strong>Le stress au travail n\u2019est pas une fatalit\u00e9<\/strong>    <\/p>\n<p>En parler, c\u2019est d\u00e9j\u00e0 avancer. Mais il est temps que les entreprises prennent vraiment conscience de leur r\u00f4le dans ce ph\u00e9nom\u00e8ne. Les salari\u00e9s, eux, doivent pouvoir <a href=\"https:\/\/ma-sante.news\/sante-au-travail-les-salaries-sont-ils-heureux-en-region-auvergne-rhone-alpes\/\" target=\"_blank\" rel=\"noopener\">retrouver un \u00e9quilibre entre vie pro et vie perso<\/a> sans culpabiliser.<\/p>\n<p><a href=\"https:\/\/ma-sante.news\/la-sophrologie-un-allie-anti-stress-au-bureau\/\" target=\"_blank\" rel=\"noopener\">Le stress au travail <\/a>est un enjeu de sant\u00e9 publique. Il co\u00fbte cher \u00e0 l\u2019\u00e9conomie (plusieurs milliards d\u2019euros par an selon la Direction de l\u2019Animation de la recherche, des \u00c9tudes et des Statistiques), mais il co\u00fbte encore plus \u00e0 ceux qui le vivent chaque jour.<\/p>\n<blockquote class=\"wp-block-quote is-layout-flow wp-block-quote-is-layout-flow\">\n<p><strong>\u00c0 SAVOIR\u00a0<\/strong><\/p>\n<p>D\u2019apr\u00e8s la Dares (2024), les femmes sont 1,5 fois plus expos\u00e9es aux risques psychosociaux que les hommes, notamment en raison d\u2019exigences \u00e9motionnelles plus fortes et d\u2019un manque de reconnaissance au travail.<\/p>\n<\/blockquote>\n<p>  <a class=\"gofollow\" data-track=\"MTIsMCwxLDYw\" href=\"https:\/\/ma-sante.news\/annonceurs\/\" target=\"_blank\" rel=\"noopener\"><img loading=\"lazy\" decoding=\"async\" width=\"2560\" height=\"2133\" src=\"data:image\/svg+xml,%3Csvg%20xmlns=\" http:=\"\" data-lazy-src=\"https:\/\/www.europesays.com\/fr\/wp-content\/uploads\/2025\/03\/pub-annonceurs-4-scaled.jpg\"\/><\/a>    <img loading=\"lazy\" decoding=\"async\" width=\"755\" height=\"495\" src=\"data:image\/svg+xml,%3Csvg%20xmlns=\" http:=\"\" data-lazy-src=\"https:\/\/www.europesays.com\/fr\/wp-content\/uploads\/2025\/03\/Image1.jpg\"\/>Inscrivez-vous \u00e0 notre newsletter <br \/>Ma Sant\u00e9                      <\/p>\n","protected":false},"excerpt":{"rendered":"En France, 60 % des arr\u00eats de travail de plus de 30 jours sont li\u00e9s \u00e0 des troubles&hellip;\n","protected":false},"author":2,"featured_media":150024,"comment_status":"","ping_status":"","sticky":false,"template":"","format":"standard","meta":{"footnotes":""},"categories":[10],"tags":[27947,1011,27,72,71,14041,4990],"class_list":{"0":"post-150023","1":"post","2":"type-post","3":"status-publish","4":"format-standard","5":"has-post-thumbnail","7":"category-sante","8":"tag-du00e9pression-travail","9":"tag-fr","10":"tag-france","11":"tag-health","12":"tag-sante","13":"tag-santu00e9-mentale","14":"tag-stress"},"share_on_mastodon":{"url":"https:\/\/pubeurope.com\/@fr\/114621874529994006","error":""},"_links":{"self":[{"href":"https:\/\/www.europesays.com\/fr\/wp-json\/wp\/v2\/posts\/150023","targetHints":{"allow":["GET"]}}],"collection":[{"href":"https:\/\/www.europesays.com\/fr\/wp-json\/wp\/v2\/posts"}],"about":[{"href":"https:\/\/www.europesays.com\/fr\/wp-json\/wp\/v2\/types\/post"}],"author":[{"embeddable":true,"href":"https:\/\/www.europesays.com\/fr\/wp-json\/wp\/v2\/users\/2"}],"replies":[{"embeddable":true,"href":"https:\/\/www.europesays.com\/fr\/wp-json\/wp\/v2\/comments?post=150023"}],"version-history":[{"count":0,"href":"https:\/\/www.europesays.com\/fr\/wp-json\/wp\/v2\/posts\/150023\/revisions"}],"wp:featuredmedia":[{"embeddable":true,"href":"https:\/\/www.europesays.com\/fr\/wp-json\/wp\/v2\/media\/150024"}],"wp:attachment":[{"href":"https:\/\/www.europesays.com\/fr\/wp-json\/wp\/v2\/media?parent=150023"}],"wp:term":[{"taxonomy":"category","embeddable":true,"href":"https:\/\/www.europesays.com\/fr\/wp-json\/wp\/v2\/categories?post=150023"},{"taxonomy":"post_tag","embeddable":true,"href":"https:\/\/www.europesays.com\/fr\/wp-json\/wp\/v2\/tags?post=150023"}],"curies":[{"name":"wp","href":"https:\/\/api.w.org\/{rel}","templated":true}]}}