{"id":150027,"date":"2025-06-03T22:50:10","date_gmt":"2025-06-03T22:50:10","guid":{"rendered":"https:\/\/www.europesays.com\/fr\/150027\/"},"modified":"2025-06-03T22:50:10","modified_gmt":"2025-06-03T22:50:10","slug":"george-clooney-commente-sa-nouvelle-couleur-de-cheveux-avec-autoderision","status":"publish","type":"post","link":"https:\/\/www.europesays.com\/fr\/150027\/","title":{"rendered":"George Clooney commente sa nouvelle couleur de cheveux avec autod\u00e9rision"},"content":{"rendered":"<p>Invit\u00e9e sur le plateau de l\u2019\u00e9mission Late Night with Seth Meyers mardi 2 juin l\u2019acteur est revenu sur sa teinture brune.<\/p>\n<p class=\"fig-paragraph\">Ses\u00a0<a href=\"https:\/\/madame.lefigaro.fr\/tag\/cheveux\" target=\"_blank\" rel=\"noopener\" data-gtm-custom-categorie=\"navigation\" data-gtm-custom-action=\"crossclick\" data-gtm-custom-label=\"Contextuel\" data-gtm-event=\"customEventSPE\">cheveux\u00a0<\/a>poivre et sel sont sans doute les plus c\u00e9l\u00e8bres\u00a0<a href=\"https:\/\/madame.lefigaro.fr\/tag\/hollywood\" target=\"_blank\" rel=\"noopener\" data-gtm-custom-categorie=\"navigation\" data-gtm-custom-action=\"crossclick\" data-gtm-custom-label=\"Contextuel\" data-gtm-event=\"customEventSPE\">de Hollywood<\/a>.\u00a0<a href=\"https:\/\/madame.lefigaro.fr\/tag\/george-clooney\" target=\"_blank\" rel=\"noopener\" data-gtm-custom-categorie=\"navigation\" data-gtm-custom-action=\"crossclick\" data-gtm-custom-label=\"Contextuel\" data-gtm-event=\"customEventSPE\">George Clooney<\/a>\u00a0assume depuis toujours ses cheveux gris. Mais pour les besoins d\u2019une\u00a0<a href=\"https:\/\/madame.lefigaro.fr\/tag\/theatre\" target=\"_blank\" rel=\"noopener\" data-gtm-custom-categorie=\"navigation\" data-gtm-custom-action=\"crossclick\" data-gtm-custom-label=\"Contextuel\" data-gtm-event=\"customEventSPE\">pi\u00e8ce de th\u00e9\u00e2tre<\/a>, sa premi\u00e8re \u00e0\u00a0<a href=\"https:\/\/madame.lefigaro.fr\/tag\/broadway\" target=\"_blank\" rel=\"noopener\" data-gtm-custom-categorie=\"navigation\" data-gtm-custom-action=\"crossclick\" data-gtm-custom-label=\"Contextuel\" data-gtm-event=\"customEventSPE\">Broadway<\/a>, l\u2019\u00e9g\u00e9rie Nespresso a d\u00fb opter pour une teinture noire, pour dissimuler ses cheveux naturels. Une nouvelle t\u00eate que l\u2019acteur a beaucoup de mal \u00e0 assumer, comme le r\u00e9v\u00e8le le magazine am\u00e9ricain\u00a0<a href=\"https:\/\/people.com\/george-clooney-changing-hair-after-dyeing-it-for-broadway-play-11747071?taid=683efa471dc732000173e9b5&amp;utm_campaign=peoplemagazine&amp;utm_content=new&amp;utm_medium=social&amp;utm_source=twitter.com\" target=\"_blank\" rel=\"nofollow noopener\" data-gtm-custom-categorie=\"navigation\" data-gtm-custom-action=\"crossclick\" data-gtm-custom-label=\"Contextuel\" data-gtm-event=\"customEventSPE\">People<\/a> .<\/p>\n<p class=\"fig-body-link&#10;    \">\n            \u00c0 lire aussi<br \/>\n        <a class=\"fig-body-link__link\" href=\"http:\/\/madame.lefigaro.fr\/style\/news\/amal-et-george-clooney-en-robe-bustier-et-casquette-comme-deux-ados-dans-la-nuit-new-yorkaise-20250603\" data-fig-type=\"Article\" data-gtm-custom-categorie=\"navigation\" data-gtm-custom-action=\"crossclick\" data-gtm-custom-label=\"Contextuel\" data-gtm-event=\"customEventSPE\" data-fig-domain=\"MADAME\" target=\"_blank\" rel=\"noopener\">Amal et George Clooney en robe bustier et casquette, comme deux ados dans la nuit new-yorkaise<\/a>\n<\/p>\n<p>\u00abC\u2019est horrible\u00bb<\/p>\n<p class=\"fig-paragraph\">Invit\u00e9 sur le plateau de l\u2019\u00e9mission Late Night with Seth Meyers ce 2 juin, il est arriv\u00e9 avec une casquette grise viss\u00e9e sur le cr\u00e2ne, n\u00e9cessaire \u00e0 \u00abcacher\u00bb ses cheveux qu\u2019il ne supporte plus. \u00abC\u2019est vraiment moche. On dirait que je traverse une horrible<a href=\"http:\/\/madame.lefigaro.fr\/bien-etre\/psycho\/crise-de-la-quarantaine-ces-signes-a-ne-pas-ignorer-20230724\" data-fig-type=\"Article\" data-gtm-custom-categorie=\"navigation\" data-gtm-custom-action=\"crossclick\" data-gtm-custom-label=\"Contextuel\" data-gtm-event=\"customEventSPE\" data-fig-domain=\"MADAME\" target=\"_blank\" rel=\"noopener\">\u00a0crise de la quarantaine<\/a>. J\u2019ai 64 ans, la crise de la quarantaine, c\u2019est un peu exag\u00e9r\u00e9\u00bb, a-t-il ri. Avant de pr\u00e9ciser\u00a0: \u00abC\u2019est horrible. C\u2019est toujours sombre en haut, mais c\u2019est gris en bas\u00bb. Ne les ayant pas teints depuis pr\u00e8s de deux mois, le r\u00e9sultat ne semble pas vraiment lui convenir. \u00abDu coup, on obtient une belle repousse de cheveux gris\u00bb, a-t-il indiqu\u00e9 en riant.<\/p>\n<p class=\"fig-slideshow__title\">\n                    Le domaine de Canadel, demeure des Clooney\n                <\/p>\n<p>\u00abMa femme trouve \u00e7a dr\u00f4le\u00bb<\/p>\n<p class=\"fig-paragraph\">Ce n\u2019est pas la premi\u00e8re fois que\u00a0<a href=\"https:\/\/madame.lefigaro.fr\/tag\/george-clooney\" target=\"_blank\" rel=\"noopener\" data-gtm-custom-categorie=\"navigation\" data-gtm-custom-action=\"crossclick\" data-gtm-custom-label=\"Contextuel\" data-gtm-event=\"customEventSPE\">George Clooney<\/a>\u00a0se moque de sa nouvelle t\u00eate. Le 21 avril dernier d\u00e9j\u00e0, dans la matinale de CBS, il d\u00e9samor\u00e7ait d\u00e8s son arriv\u00e9e\u00a0: \u00abJe sais, ce n\u2019est pas beau\u00bb, avant de se confier d\u2019avantage sur son rapport \u00e0 ses cheveux gris\u00a0: \u00abJ\u2019ai commenc\u00e9 \u00e0 avoir les cheveux gris \u00e0 partir de l\u2019\u00e2ge de 25 ans, donc j\u2019ai \u00e9t\u00e9 gris la plupart de ma vie\u00a0! Donc ce n\u2019est pas mon look pr\u00e9f\u00e9r\u00e9 (les cheveux bruns, NDLR)\u00bb. Un avis que semblent partager les membres de sa famille\u00a0: \u00abMa femme (<a href=\"https:\/\/madame.lefigaro.fr\/tag\/amal-alamuddin-clooney\" target=\"_blank\" rel=\"noopener\" data-gtm-custom-categorie=\"navigation\" data-gtm-custom-action=\"crossclick\" data-gtm-custom-label=\"Contextuel\" data-gtm-event=\"customEventSPE\">Amal Clooney,<\/a>\u00a0NDLR) trouve \u00e7a dr\u00f4le. (&#8230;) Mes\u00a0<a href=\"https:\/\/madame.lefigaro.fr\/tag\/enfants\" target=\"_blank\" rel=\"noopener\" data-gtm-custom-categorie=\"navigation\" data-gtm-custom-action=\"crossclick\" data-gtm-custom-label=\"Contextuel\" data-gtm-event=\"customEventSPE\">enfants\u00a0<\/a>se moquent de moi aussi. Honn\u00eatement, rien ne vous donne l\u2019air plus vieux qu\u2019avoir 63 ans et teindre ses cheveux\u00a0!\u00bb<\/p>\n<p>\u00abIl n\u2019y aura plus rien\u00bb<\/p>\n<p class=\"fig-paragraph\">Heureusement pour l\u2019acteur, les repr\u00e9sentations de la pi\u00e8ce Good Night, and Good Luck s\u2019ach\u00e8vent bient\u00f4t, et avec elles sa terrible coiffure. \u00abLa derni\u00e8re repr\u00e9sentation a lieu dimanche. Nous faisons une matin\u00e9e, et quand nous irons aux\u00a0<a href=\"http:\/\/madame.lefigaro.fr\/celebrites\/actu-people\/a-new-york-la-rare-apparition-d-alicia-keys-avec-ses-deux-enfants-et-son-beau-fils-adolescent-20240617\" data-fig-type=\"Article\" data-gtm-custom-categorie=\"navigation\" data-gtm-custom-action=\"crossclick\" data-gtm-custom-label=\"Contextuel\" data-gtm-event=\"customEventSPE\" data-fig-domain=\"MADAME\" target=\"_blank\" rel=\"noopener\">Tonys Awards<\/a>\u00a0ce soir-l\u00e0, il n\u2019y aura plus rien\u00bb, a-t-il pr\u00e9cis\u00e9 sur le plateau t\u00e9l\u00e9 de Seth Meyers. Mais une question reste en suspens\u00a0: nouvelle teinture ou cr\u00e2ne ras\u00e9\u00a0?<\/p>\n<p>                                        <script async src=\"https:\/\/platform.twitter.com\/widgets.js\" charset=\"utf-8\"><\/script><\/p>\n","protected":false},"excerpt":{"rendered":"Invit\u00e9e sur le plateau de l\u2019\u00e9mission Late Night with Seth Meyers mardi 2 juin l\u2019acteur est revenu sur&hellip;\n","protected":false},"author":2,"featured_media":150028,"comment_status":"","ping_status":"","sticky":false,"template":"","format":"standard","meta":{"footnotes":""},"categories":[8],"tags":[976,972,11288,27576,58,59,638,1011,27,6054,977,973,975,974],"class_list":{"0":"post-150027","1":"post","2":"type-post","3":"status-publish","4":"format-standard","5":"has-post-thumbnail","7":"category-divertissement","8":"tag-actu-people","9":"tag-celebrite","10":"tag-cheveux","11":"tag-couleur","12":"tag-divertissement","13":"tag-entertainment","14":"tag-figaro","15":"tag-fr","16":"tag-france","17":"tag-george-clooney","18":"tag-madame","19":"tag-people","20":"tag-potain-de-stars","21":"tag-star"},"share_on_mastodon":{"url":"https:\/\/pubeurope.com\/@fr\/114621882323169450","error":""},"_links":{"self":[{"href":"https:\/\/www.europesays.com\/fr\/wp-json\/wp\/v2\/posts\/150027","targetHints":{"allow":["GET"]}}],"collection":[{"href":"https:\/\/www.europesays.com\/fr\/wp-json\/wp\/v2\/posts"}],"about":[{"href":"https:\/\/www.europesays.com\/fr\/wp-json\/wp\/v2\/types\/post"}],"author":[{"embeddable":true,"href":"https:\/\/www.europesays.com\/fr\/wp-json\/wp\/v2\/users\/2"}],"replies":[{"embeddable":true,"href":"https:\/\/www.europesays.com\/fr\/wp-json\/wp\/v2\/comments?post=150027"}],"version-history":[{"count":0,"href":"https:\/\/www.europesays.com\/fr\/wp-json\/wp\/v2\/posts\/150027\/revisions"}],"wp:featuredmedia":[{"embeddable":true,"href":"https:\/\/www.europesays.com\/fr\/wp-json\/wp\/v2\/media\/150028"}],"wp:attachment":[{"href":"https:\/\/www.europesays.com\/fr\/wp-json\/wp\/v2\/media?parent=150027"}],"wp:term":[{"taxonomy":"category","embeddable":true,"href":"https:\/\/www.europesays.com\/fr\/wp-json\/wp\/v2\/categories?post=150027"},{"taxonomy":"post_tag","embeddable":true,"href":"https:\/\/www.europesays.com\/fr\/wp-json\/wp\/v2\/tags?post=150027"}],"curies":[{"name":"wp","href":"https:\/\/api.w.org\/{rel}","templated":true}]}}