{"id":15003,"date":"2025-04-10T12:59:10","date_gmt":"2025-04-10T12:59:10","guid":{"rendered":"https:\/\/www.europesays.com\/fr\/15003\/"},"modified":"2025-04-10T12:59:10","modified_gmt":"2025-04-10T12:59:10","slug":"hugues-moutouh-prefet-aux-punchlines-chocs-va-quitter-ses-fonctions","status":"publish","type":"post","link":"https:\/\/www.europesays.com\/fr\/15003\/","title":{"rendered":"Hugues Moutouh, pr\u00e9fet aux punchlines chocs, va quitter ses fonctions"},"content":{"rendered":"<p>            Par<br \/>\n        <strong><br \/>\n            <a href=\"https:\/\/actu.fr\/auteur\/redaction-nice\" title=\"Consulter tous les articles de R\u00e9daction Nice\" rel=\"nofollow noopener\" target=\"_blank\">R\u00e9daction Nice<\/a><br \/>\n        <\/strong><\/p>\n<p>        Publi\u00e9 le<\/p>\n<p>            10 avr. 2025 \u00e0 7h42        <\/p>\n<p>Hugues Moutouh, actuel pr\u00e9fet des <a href=\"https:\/\/actu.fr\/provence-alpes-cote-d-azur\/alpes-maritimes_06\" rel=\"nofollow noopener\" target=\"_blank\">Alpes-Maritimes<\/a> aux relations notoirement mauvaises avec le maire de Nice Christian Estrosi, a \u00e9t\u00e9 nomm\u00e9 mercredi en Conseil des ministres <strong>secr\u00e9taire g\u00e9n\u00e9ral du minist\u00e8re de l\u2019Int\u00e9rieur<\/strong>, a-t-on appris de source gouvernementale.<\/p>\n<p class=\" wall-content\">Nomm\u00e9 sur proposition du locataire de Beauvau Bruno Retailleau, M. Moutouh succ\u00e8de \u00e0 Didier Martin, qui occupait ce poste-cl\u00e9 de l\u2019administration de l\u2019Int\u00e9rieur depuis janvier\u00a02023.<\/p>\n<p>\u00ab\u2009Deux claques et au lit\u2009!\u2009\u00bb<\/p>\n<p class=\" wall-content\">\u00c2g\u00e9 de 57\u00a0ans, <strong>ce proche d\u2019\u00c9ric Ciotti<\/strong>, ancien pr\u00e9sident de LR ralli\u00e9 au RN, \u00e9tait arriv\u00e9 \u00e0 Nice, en octobre\u00a02023, pr\u00e9c\u00e9d\u00e9 d\u2019une r\u00e9putation d\u2019adepte des formules \u00e0 l\u2019emporte-pi\u00e8ce, quitte \u00e0 d\u00e9clencher des pol\u00e9miques.<\/p>\n<p class=\" wall-content\">Dans l\u2019H\u00e9rault o\u00f9 il \u00e9tait en poste avant d\u2019arriver \u00e0 Nice, il s\u2019\u00e9tait illustr\u00e9 pour une phrase\u2009: \u00ab\u2009La m\u00e9thode, c\u2019est deux claques et au lit\u2009!\u2009\u00bb, lanc\u00e9e lors des violentes \u00e9meutes urbaines cons\u00e9cutives \u00e0 la mort de Nahel fin juin\u00a02023.<\/p>\n<p class=\" wall-content\">En pleine contestation de la r\u00e9forme des retraites, il avait pris en avril\u00a02023 un arr\u00eat\u00e9 baptis\u00e9 par la presse \u00ab\u2009anti-casseroles\u2009\u00bb, \u00e0 l\u2019occasion d\u2019une visite \u00e0 Ganges (H\u00e9rault) du pr\u00e9sident Emmanuel Macron.<\/p>\n<p>Vid\u00e9os : en ce moment sur ActuEstrosi r\u00e9clamait son d\u00e9part<\/p>\n<p class=\" wall-content\">Il interdisait tout \u00ab\u2009dispositif sonore portatif\u2009\u00bb dans un vaste p\u00e9rim\u00e8tre de cette commune de 4.000 habitants des contreforts des C\u00e9vennes, o\u00f9 Emmanuel Macron venait parler \u00e9ducation. Deux ans plus tard, en f\u00e9vrier, le tribunal administratif de Montpellier l\u2019a annul\u00e9, le jugeant \u00ab\u2009ill\u00e9gal\u2009\u00bb.<\/p>\n<p class=\" wall-content\">\u00c0 Nice, cet amateur de krav-maga, une m\u00e9thode de combat, a entretenu avec le maire de la ville des relations <strong>notoirement ex\u00e9crables<\/strong>. \u00c0 tel point que Christian Estrosi a r\u00e9clam\u00e9 son d\u00e9part l\u2019\u00e9t\u00e9 dernier. Dans un entretien au quotidien Nice-Matin, mi-ao\u00fbt, M. Estrosi s\u2019en \u00e9tait pris avec virulence au pr\u00e9fet, d\u00e9non\u00e7ant un \u00ab\u2009probl\u00e8me de commandement, de comp\u00e9tence et de responsabilit\u00e9\u2009\u00bb.<\/p>\n<p class=\" wall-content\">Dans les Alpes-Maritimes, le pr\u00e9fet Moutouh a fait de l\u2019immigration une de ses priorit\u00e9s, en ligne avec l\u2019objectif affich\u00e9 du ministre de l\u2019Int\u00e9rieur, Bruno Retailleau, qui en a fait son marqueur politique.<\/p>\n<p class=\" wall-content\"><strong>Avec AFP<\/strong><\/p>\n<p class=\" wall-content\">Suivez toute l\u2019actualit\u00e9 de vos villes et m\u00e9dias favoris en vous inscrivant \u00e0 <a href=\"https:\/\/moncompte.actu.fr\" title=\"D\u00e9couvez Mon Actu\" rel=\"nofollow noopener\" data-trk=\"{&quot;cta&quot;:{&quot;action&quot;:&quot;https:\\\/\\\/moncompte.actu.fr&quot;,&quot;category&quot;:&quot;mon compte&quot;,&quot;from&quot;:&quot;article footer&quot;,&quot;name&quot;:&quot;Mon actu&quot;,&quot;type&quot;:&quot;cta&quot;}}\" target=\"_blank\">Mon Actu<\/a>.<\/p>\n<ul class=\"ac-article-tag wall-content\">\n<li><a href=\"https:\/\/actu.fr\/tag\/bruno-retailleau\" data-trk=\"{&quot;cta&quot;:{&quot;action&quot;:&quot;Bruno Retailleau&quot;,&quot;category&quot;:&quot;tag&quot;,&quot;from&quot;:&quot;article footer&quot;,&quot;name&quot;:&quot;Bruno Retailleau&quot;,&quot;type&quot;:&quot;cta&quot;}}\" rel=\"nofollow noopener\" target=\"_blank\">#Bruno Retailleau<\/a><\/li>\n<li><a href=\"https:\/\/actu.fr\/tag\/emmanuel-macron\" data-trk=\"{&quot;cta&quot;:{&quot;action&quot;:&quot;Emmanuel Macron&quot;,&quot;category&quot;:&quot;tag&quot;,&quot;from&quot;:&quot;article footer&quot;,&quot;name&quot;:&quot;Emmanuel Macron&quot;,&quot;type&quot;:&quot;cta&quot;}}\" rel=\"nofollow noopener\" target=\"_blank\">#Emmanuel Macron<\/a><\/li>\n<\/ul>\n","protected":false},"excerpt":{"rendered":"Par R\u00e9daction Nice Publi\u00e9 le 10 avr. 2025 \u00e0 7h42 Hugues Moutouh, actuel pr\u00e9fet des Alpes-Maritimes aux relations&hellip;\n","protected":false},"author":2,"featured_media":15004,"comment_status":"","ping_status":"","sticky":false,"template":"","format":"standard","meta":{"footnotes":""},"categories":[2819],"tags":[1111,11,1013,1073,1777,674,118,1011,27,12,2401,882,25],"class_list":{"0":"post-15003","1":"post","2":"type-post","3":"status-publish","4":"format-standard","5":"has-post-thumbnail","7":"category-nice","8":"tag-actu","9":"tag-actualites","10":"tag-bruno-retailleau","11":"tag-emmanuel-macron","12":"tag-eu","13":"tag-europe","14":"tag-faits-divers","15":"tag-fr","16":"tag-france","17":"tag-news","18":"tag-nice","19":"tag-provence-alpes-cote-dazur","20":"tag-republique-francaise"},"share_on_mastodon":{"url":"https:\/\/pubeurope.com\/@fr\/114313793582710598","error":""},"_links":{"self":[{"href":"https:\/\/www.europesays.com\/fr\/wp-json\/wp\/v2\/posts\/15003","targetHints":{"allow":["GET"]}}],"collection":[{"href":"https:\/\/www.europesays.com\/fr\/wp-json\/wp\/v2\/posts"}],"about":[{"href":"https:\/\/www.europesays.com\/fr\/wp-json\/wp\/v2\/types\/post"}],"author":[{"embeddable":true,"href":"https:\/\/www.europesays.com\/fr\/wp-json\/wp\/v2\/users\/2"}],"replies":[{"embeddable":true,"href":"https:\/\/www.europesays.com\/fr\/wp-json\/wp\/v2\/comments?post=15003"}],"version-history":[{"count":0,"href":"https:\/\/www.europesays.com\/fr\/wp-json\/wp\/v2\/posts\/15003\/revisions"}],"wp:featuredmedia":[{"embeddable":true,"href":"https:\/\/www.europesays.com\/fr\/wp-json\/wp\/v2\/media\/15004"}],"wp:attachment":[{"href":"https:\/\/www.europesays.com\/fr\/wp-json\/wp\/v2\/media?parent=15003"}],"wp:term":[{"taxonomy":"category","embeddable":true,"href":"https:\/\/www.europesays.com\/fr\/wp-json\/wp\/v2\/categories?post=15003"},{"taxonomy":"post_tag","embeddable":true,"href":"https:\/\/www.europesays.com\/fr\/wp-json\/wp\/v2\/tags?post=15003"}],"curies":[{"name":"wp","href":"https:\/\/api.w.org\/{rel}","templated":true}]}}