{"id":150039,"date":"2025-06-03T22:56:36","date_gmt":"2025-06-03T22:56:36","guid":{"rendered":"https:\/\/www.europesays.com\/fr\/150039\/"},"modified":"2025-06-03T22:56:36","modified_gmt":"2025-06-03T22:56:36","slug":"saint-just-malmont-la-jeune-cavaliere-marine-segura-vice-championne-de-france-en-saut-dobstacles","status":"publish","type":"post","link":"https:\/\/www.europesays.com\/fr\/150039\/","title":{"rendered":"Saint-Just-Malmont : la jeune cavali\u00e8re Marine Segura vice-championne de France en saut d&rsquo;obstacles"},"content":{"rendered":"<p>\t\t\t\t\t\t\t\t\t\t\t\t\t\t\t\t\t\t\t\t\t\t\t\t\t\t\t\t\t\t\t\t\t\t\t\t\t\t\t\t\t\t\t\t\t\t<img decoding=\"async\" src=\"https:\/\/www.europesays.com\/fr\/wp-content\/uploads\/2025\/05\/LA_COMMERE_-_PAVE_-_600X600.jpg\" alt=\"Yssingeaux foire mai-juin 2025\"\/><\/p>\n<p>\t\t\t\t\t\t\t\t\t\t\t\t\t\t\t\t\t\t\t\t\t\t\t\t\t\t\t\t\t\t\t\t\t\t\t\t\t\t\t\t\t\t\t\t\t\t\t\t\t\t\t\t\t\t\t\t\t\t\t\t\t\t\t<a href=\"https:\/\/www.lacommere43.fr\/component\/banners\/click\/1773.html\" target=\"_blank\" title=\"Tence Carrefour Market minibus mai 2025\" rel=\"nofollow noopener\"><br \/>\n\t\t\t\t\t\t\t<img decoding=\"async\" src=\"https:\/\/www.europesays.com\/fr\/wp-content\/uploads\/2025\/05\/carre.jpg\" alt=\"Tence Carrefour Market minibus mai 2025\"\/><br \/>\n\t\t\t\t\t\t<\/a><\/p>\n<p><strong>Marine Segura, jeune cavali\u00e8re de 17 ans de Saint-Just-Malmont, est devenue ce week-end vice-championne de France au championnat de CSO qui s&rsquo;est tenu ce week-end \u00e0 Tour Pernay.<\/strong><\/p>\n<p>\u00c2g\u00e9e de 17 ans Marine Segura s&rsquo;est illustr\u00e9e par son sang-froid, sa technique et sa passion au sein de sa cat\u00e9gorie, d\u00e9crochant une tr\u00e8s belle deuxi\u00e8me place nationale face \u00e0 une concurrence relev\u00e9e.<\/p>\n<p>Son parcours est d&rsquo;autant plus remarquable qu&rsquo;elle \u00e9volue avec Fisalys de Lyr, 10 ans, un couple complice et prometteur.<\/p>\n<p>Apr\u00e8s 59 podiums dont 24 victoires en 2022 et 62 podiums dont 28 victoires en 2023, Marine Segura continue de monter en puissance. Cavali\u00e8re depuis toute petite dans une famille qui n&rsquo;avait aucun lien avec l&rsquo;\u00e9quitation, elle a commenc\u00e9 ses premiers concours poney \u00e0 6 ans. Troisi\u00e8me en poney aux championnats de France en As1 Excellence en juillet 2023 puis\u00a05e place aux championnats de France cadet en mai 2024, elle franchit encore un \u00e9chelon avec cette deuxi\u00e8me place en 2025.<\/p>\n","protected":false},"excerpt":{"rendered":"Marine Segura, jeune cavali\u00e8re de 17 ans de Saint-Just-Malmont, est devenue ce week-end vice-championne de France au championnat&hellip;\n","protected":false},"author":2,"featured_media":150040,"comment_status":"","ping_status":"","sticky":false,"template":"","format":"standard","meta":{"footnotes":""},"categories":[9653],"tags":[1111,2281,11,2430,1777,674,2282,1011,27,2280,2284,2285,2283,12,25,4001],"class_list":{"0":"post-150039","1":"post","2":"type-post","3":"status-publish","4":"format-standard","5":"has-post-thumbnail","7":"category-saint-etienne","8":"tag-actu","9":"tag-actualite-43","10":"tag-actualites","11":"tag-auvergne-rhone-alpes","12":"tag-eu","13":"tag-europe","14":"tag-faits-divers-auvergne","15":"tag-fr","16":"tag-france","17":"tag-information-haute-loire","18":"tag-infos-43","19":"tag-journal-haute-loire","20":"tag-la-commere-43","21":"tag-news","22":"tag-republique-francaise","23":"tag-saint-etienne"},"share_on_mastodon":{"url":"https:\/\/pubeurope.com\/@fr\/114621905889783227","error":""},"_links":{"self":[{"href":"https:\/\/www.europesays.com\/fr\/wp-json\/wp\/v2\/posts\/150039","targetHints":{"allow":["GET"]}}],"collection":[{"href":"https:\/\/www.europesays.com\/fr\/wp-json\/wp\/v2\/posts"}],"about":[{"href":"https:\/\/www.europesays.com\/fr\/wp-json\/wp\/v2\/types\/post"}],"author":[{"embeddable":true,"href":"https:\/\/www.europesays.com\/fr\/wp-json\/wp\/v2\/users\/2"}],"replies":[{"embeddable":true,"href":"https:\/\/www.europesays.com\/fr\/wp-json\/wp\/v2\/comments?post=150039"}],"version-history":[{"count":0,"href":"https:\/\/www.europesays.com\/fr\/wp-json\/wp\/v2\/posts\/150039\/revisions"}],"wp:featuredmedia":[{"embeddable":true,"href":"https:\/\/www.europesays.com\/fr\/wp-json\/wp\/v2\/media\/150040"}],"wp:attachment":[{"href":"https:\/\/www.europesays.com\/fr\/wp-json\/wp\/v2\/media?parent=150039"}],"wp:term":[{"taxonomy":"category","embeddable":true,"href":"https:\/\/www.europesays.com\/fr\/wp-json\/wp\/v2\/categories?post=150039"},{"taxonomy":"post_tag","embeddable":true,"href":"https:\/\/www.europesays.com\/fr\/wp-json\/wp\/v2\/tags?post=150039"}],"curies":[{"name":"wp","href":"https:\/\/api.w.org\/{rel}","templated":true}]}}