{"id":15005,"date":"2025-04-10T13:00:19","date_gmt":"2025-04-10T13:00:19","guid":{"rendered":"https:\/\/www.europesays.com\/fr\/15005\/"},"modified":"2025-04-10T13:00:19","modified_gmt":"2025-04-10T13:00:19","slug":"carquefou-liut-mise-sur-linsertion-professionnelle","status":"publish","type":"post","link":"https:\/\/www.europesays.com\/fr\/15005\/","title":{"rendered":"Carquefou. L\u2019IUT mise sur l\u2019insertion professionnelle"},"content":{"rendered":"<p>Organis\u00e9 par l\u2019IUT de Nantes et les Entreprises s\u2019engagent, l\u2019\u00e9v\u00e8nement la soir\u00e9e connexion \u2013 engagez-vous pour la r\u00e9ussite des jeunes du 3\u00a0avril dernier, fait \u00e9tat d\u2019un bon bilan ayant accueilli pr\u00e8s de 150\u00a0personnes. Avant la soir\u00e9e, 50\u00a0d\u2019entre elles ont visit\u00e9 la halle technologique de l\u2019IUT, d\u00e9couvrant la richesse des outils et moyens destin\u00e9s \u00e0 la formation des \u00e9tudiants.<\/p>\n<p>Des outils et des moyens destin\u00e9s \u00e0 la formation des \u00e9tudiants<\/p>\n<p>\u00a0La soir\u00e9e a permis de mettre en avant de belles r\u00e9alisations gr\u00e2ce aux op\u00e9rations collectives entre entreprises. Technomad partenaire avec la Semitan, partenariats avec Equans et Saferail pour booster l\u2019apprentissage et professionnaliser les enseignements gr\u00e2ce au m\u00e9c\u00e9nat de comp\u00e9tences et \u00e0 l\u2019adaptation des contenus de formation pour mieux coller aux besoins des industriels\u00a0, explique Yves-Olivier Lenormand, instigateur et animateur de cette initiative, par ailleurs d\u00e9l\u00e9gu\u00e9 r\u00e9gional Airbus D\u00e9veloppement en Pays de la Loire. L\u2019IUT et le club Les entreprises s\u2019engagent ont officialis\u00e9 leur partenariat avec les Mambas de l\u2019Atlantique, rugby Fauteuil, en pr\u00e9sence de Jordan Ducret, d\u00e9fenseur de l\u2019\u00e9quipe de France de Quad rugby.<\/p>\n<p>Des associations ont propos\u00e9 aux entreprises de s\u2019engager pour l\u2019emploi des jeunes des quartiers.<\/p>\n<p>La pi\u00e8ce de th\u00e9\u00e2tre Un employ\u00e9 nomm\u00e9 d\u00e9sir de la troupe Le Reflet a obtenu un vif succ\u00e8s.<\/p>\n<p>L\u2019intervention du sous-pr\u00e9fet Tom Follet a cl\u00f4tur\u00e9 cette soir\u00e9e \u00e9v\u00e8nement appel\u00e9e \u00e0 se renouveler.<\/p>\n<p>\u00a0<\/p>\n","protected":false},"excerpt":{"rendered":"Organis\u00e9 par l\u2019IUT de Nantes et les Entreprises s\u2019engagent, l\u2019\u00e9v\u00e8nement la soir\u00e9e connexion \u2013 engagez-vous pour la r\u00e9ussite&hellip;\n","protected":false},"author":2,"featured_media":15006,"comment_status":"","ping_status":"","sticky":false,"template":"","format":"standard","meta":{"footnotes":""},"categories":[2818],"tags":[1111,11,3862,1777,674,1011,27,6353,6351,6352,766,12,2636,6354,25],"class_list":{"0":"post-15005","1":"post","2":"type-post","3":"status-publish","4":"format-standard","5":"has-post-thumbnail","7":"category-nantes","8":"tag-actu","9":"tag-actualites","10":"tag-carquefou","11":"tag-eu","12":"tag-europe","13":"tag-fr","14":"tag-france","15":"tag-insertion","16":"tag-iut","17":"tag-mise","18":"tag-nantes","19":"tag-news","20":"tag-pays-de-la-loire","21":"tag-professionnelle","22":"tag-republique-francaise"},"share_on_mastodon":{"url":"https:\/\/pubeurope.com\/@fr\/114313797623471897","error":""},"_links":{"self":[{"href":"https:\/\/www.europesays.com\/fr\/wp-json\/wp\/v2\/posts\/15005","targetHints":{"allow":["GET"]}}],"collection":[{"href":"https:\/\/www.europesays.com\/fr\/wp-json\/wp\/v2\/posts"}],"about":[{"href":"https:\/\/www.europesays.com\/fr\/wp-json\/wp\/v2\/types\/post"}],"author":[{"embeddable":true,"href":"https:\/\/www.europesays.com\/fr\/wp-json\/wp\/v2\/users\/2"}],"replies":[{"embeddable":true,"href":"https:\/\/www.europesays.com\/fr\/wp-json\/wp\/v2\/comments?post=15005"}],"version-history":[{"count":0,"href":"https:\/\/www.europesays.com\/fr\/wp-json\/wp\/v2\/posts\/15005\/revisions"}],"wp:featuredmedia":[{"embeddable":true,"href":"https:\/\/www.europesays.com\/fr\/wp-json\/wp\/v2\/media\/15006"}],"wp:attachment":[{"href":"https:\/\/www.europesays.com\/fr\/wp-json\/wp\/v2\/media?parent=15005"}],"wp:term":[{"taxonomy":"category","embeddable":true,"href":"https:\/\/www.europesays.com\/fr\/wp-json\/wp\/v2\/categories?post=15005"},{"taxonomy":"post_tag","embeddable":true,"href":"https:\/\/www.europesays.com\/fr\/wp-json\/wp\/v2\/tags?post=15005"}],"curies":[{"name":"wp","href":"https:\/\/api.w.org\/{rel}","templated":true}]}}