{"id":150064,"date":"2025-06-03T23:10:09","date_gmt":"2025-06-03T23:10:09","guid":{"rendered":"https:\/\/www.europesays.com\/fr\/150064\/"},"modified":"2025-06-03T23:10:09","modified_gmt":"2025-06-03T23:10:09","slug":"previsions-du-mercredi-4-juin-2025-2","status":"publish","type":"post","link":"https:\/\/www.europesays.com\/fr\/150064\/","title":{"rendered":"pr\u00e9visions du mercredi 4 juin 2025"},"content":{"rendered":"<p>Le ciel sera nuageux \u00e0 Strasbourg dans la journ\u00e9e. Les valeurs s&rsquo;\u00e9chelonneront de 14 \u00e0 21\u00b0C. De la bruine va tomber tout au long de la matin\u00e9e. Un vent de sud soufflera l\u00e9g\u00e8rement, avec 10 km\/h. L&rsquo;apr\u00e8s-midi, l&rsquo;apparition du soleil sera retard\u00e9e par quelques nuages. Il y a un risque d&rsquo;averses. Les temp\u00e9ratures s&rsquo;\u00e9chelonneront entre 16 et 19\u00b0C. Durant la soir\u00e9e, le brouillard va s&rsquo;installer \u00e0 cause de l&rsquo;humidit\u00e9. Une nuit brumeuse vous attendra entre mercredi et jeudi.<\/p>\n<p>On observera la pr\u00e9sence persistante de nuages demain \u00e0 Strasbourg. Des pluies \u00e9parses vont tomber sur la ville. Une baisse des temp\u00e9ratures est \u00e0 pr\u00e9voir. Les valeurs afficheront entre 13 et 20\u00b0C. Un vent de sud-ouest rafra\u00eechira sensiblement l&rsquo;atmosph\u00e8re. Le matin, le soleil risque d&rsquo;\u00eatre dissimul\u00e9 par des nuages. Encore de la grisaille demain apr\u00e8s-midi. Les nuages vont s&rsquo;attarder. Les maximales atteindront les 20\u00b0C tandis que les minimales seront de 18\u00b0C. Demain soir, toujours des nuages dans le ciel qui emp\u00eachent le soleil d&rsquo;appara\u00eetre. Il faudra pr\u00e9voir son parapluie pour se prot\u00e9ger des pluies \u00e9parses. Il va faire environ 16\u00b0C.<\/p>\n<p>La m\u00e9t\u00e9o restera inchang\u00e9e les prochains jours. Des temp\u00e9ratures dans les 20\u00b0C accompagneront un ciel pluvieux.<\/p>\n<p><\/p>\n","protected":false},"excerpt":{"rendered":"Le ciel sera nuageux \u00e0 Strasbourg dans la journ\u00e9e. Les valeurs s&rsquo;\u00e9chelonneront de 14 \u00e0 21\u00b0C. De la&hellip;\n","protected":false},"author":2,"featured_media":150065,"comment_status":"","ping_status":"","sticky":false,"template":"","format":"standard","meta":{"footnotes":""},"categories":[2820],"tags":[1111,11,2389,2649,1777,674,1011,27,775,12,2119,25,640],"class_list":{"0":"post-150064","1":"post","2":"type-post","3":"status-publish","4":"format-standard","5":"has-post-thumbnail","7":"category-strasbourg","8":"tag-actu","9":"tag-actualites","10":"tag-alsace","11":"tag-bas-rhin","12":"tag-eu","13":"tag-europe","14":"tag-fr","15":"tag-france","16":"tag-grand-est","17":"tag-news","18":"tag-previsions-meteo","19":"tag-republique-francaise","20":"tag-strasbourg"},"share_on_mastodon":{"url":"https:\/\/pubeurope.com\/@fr\/114621960875502807","error":""},"_links":{"self":[{"href":"https:\/\/www.europesays.com\/fr\/wp-json\/wp\/v2\/posts\/150064","targetHints":{"allow":["GET"]}}],"collection":[{"href":"https:\/\/www.europesays.com\/fr\/wp-json\/wp\/v2\/posts"}],"about":[{"href":"https:\/\/www.europesays.com\/fr\/wp-json\/wp\/v2\/types\/post"}],"author":[{"embeddable":true,"href":"https:\/\/www.europesays.com\/fr\/wp-json\/wp\/v2\/users\/2"}],"replies":[{"embeddable":true,"href":"https:\/\/www.europesays.com\/fr\/wp-json\/wp\/v2\/comments?post=150064"}],"version-history":[{"count":0,"href":"https:\/\/www.europesays.com\/fr\/wp-json\/wp\/v2\/posts\/150064\/revisions"}],"wp:featuredmedia":[{"embeddable":true,"href":"https:\/\/www.europesays.com\/fr\/wp-json\/wp\/v2\/media\/150065"}],"wp:attachment":[{"href":"https:\/\/www.europesays.com\/fr\/wp-json\/wp\/v2\/media?parent=150064"}],"wp:term":[{"taxonomy":"category","embeddable":true,"href":"https:\/\/www.europesays.com\/fr\/wp-json\/wp\/v2\/categories?post=150064"},{"taxonomy":"post_tag","embeddable":true,"href":"https:\/\/www.europesays.com\/fr\/wp-json\/wp\/v2\/tags?post=150064"}],"curies":[{"name":"wp","href":"https:\/\/api.w.org\/{rel}","templated":true}]}}