{"id":150067,"date":"2025-06-03T23:12:09","date_gmt":"2025-06-03T23:12:09","guid":{"rendered":"https:\/\/www.europesays.com\/fr\/150067\/"},"modified":"2025-06-03T23:12:09","modified_gmt":"2025-06-03T23:12:09","slug":"previsions-du-mercredi-4-juin-2025-3","status":"publish","type":"post","link":"https:\/\/www.europesays.com\/fr\/150067\/","title":{"rendered":"pr\u00e9visions du mercredi 4 juin 2025"},"content":{"rendered":"<p>Le soleil aura du mal \u00e0 percer au milieu des nuages qui persisteront sur Nice dans la journ\u00e9e. Les valeurs avoisineront les 20\u00b0C. Une brise de nord-est soufflera doucement. Le matin, des nuages ne voudront pas c\u00e9der leur place au soleil. Intemp\u00e9ries : on pr\u00e9voit des pluies \u00e9parses. On anticipe des temp\u00e9ratures d&rsquo;environ 20\u00b0C. L&rsquo;apr\u00e8s-midi qui s&rsquo;annonce, promet d&rsquo;\u00eatre beau et ensoleill\u00e9 ! Les valeurs seront comprises entre 19 et 22\u00b0C. Le soir, le soleil risque d&rsquo;\u00eatre masqu\u00e9 par des nuages. Des pluies \u00e9parses vont tomber sur la ville. Les maximales iront jusqu&rsquo;\u00e0 20\u00b0C tandis que les minimales seront de 19\u00b0C. Durant la nuit de mercredi \u00e0 jeudi, le ciel sera pluvieux.<\/p>\n<p>Demain, les temp\u00e9ratures s&rsquo;\u00e9chelonneront entre 17 et 23\u00b0C \u00e0 Nice. Le matin, les Ni\u00e7ois vont pouvoir b\u00e9n\u00e9ficier d&rsquo;un soleil magnifique. Les valeurs seront de 19\u00b0C au plus bas et de 22\u00b0C au maximum. Un vent de sud-ouest rafra\u00eechira quelque peu l&rsquo;atmosph\u00e8re. Demain apr\u00e8s-midi, les perturbations seront toujours au rendez-vous avec des nuages. Des pluies \u00e9parses tomberont. Les temp\u00e9ratures afficheront entre 21 et 23\u00b0C. Dans la soir\u00e9e, les temp\u00e9ratures tourneront autour des 21\u00b0C. Un petit vent de nord soufflera.<\/p>\n<p>Le temps restera stable les prochains jours. Le temps sera ensoleill\u00e9 avec des temp\u00e9ratures avoisinant 20\u00b0C.<\/p>\n<p><\/p>\n","protected":false},"excerpt":{"rendered":"Le soleil aura du mal \u00e0 percer au milieu des nuages qui persisteront sur Nice dans la journ\u00e9e.&hellip;\n","protected":false},"author":2,"featured_media":150068,"comment_status":"","ping_status":"","sticky":false,"template":"","format":"standard","meta":{"footnotes":""},"categories":[2819],"tags":[1111,11,2898,1777,674,1011,27,12,2401,883,2119,882,25],"class_list":{"0":"post-150067","1":"post","2":"type-post","3":"status-publish","4":"format-standard","5":"has-post-thumbnail","7":"category-nice","8":"tag-actu","9":"tag-actualites","10":"tag-alpes-maritimes","11":"tag-eu","12":"tag-europe","13":"tag-fr","14":"tag-france","15":"tag-news","16":"tag-nice","17":"tag-paca","18":"tag-previsions-meteo","19":"tag-provence-alpes-cote-dazur","20":"tag-republique-francaise"},"share_on_mastodon":{"url":"https:\/\/pubeurope.com\/@fr\/114621968822077535","error":""},"_links":{"self":[{"href":"https:\/\/www.europesays.com\/fr\/wp-json\/wp\/v2\/posts\/150067","targetHints":{"allow":["GET"]}}],"collection":[{"href":"https:\/\/www.europesays.com\/fr\/wp-json\/wp\/v2\/posts"}],"about":[{"href":"https:\/\/www.europesays.com\/fr\/wp-json\/wp\/v2\/types\/post"}],"author":[{"embeddable":true,"href":"https:\/\/www.europesays.com\/fr\/wp-json\/wp\/v2\/users\/2"}],"replies":[{"embeddable":true,"href":"https:\/\/www.europesays.com\/fr\/wp-json\/wp\/v2\/comments?post=150067"}],"version-history":[{"count":0,"href":"https:\/\/www.europesays.com\/fr\/wp-json\/wp\/v2\/posts\/150067\/revisions"}],"wp:featuredmedia":[{"embeddable":true,"href":"https:\/\/www.europesays.com\/fr\/wp-json\/wp\/v2\/media\/150068"}],"wp:attachment":[{"href":"https:\/\/www.europesays.com\/fr\/wp-json\/wp\/v2\/media?parent=150067"}],"wp:term":[{"taxonomy":"category","embeddable":true,"href":"https:\/\/www.europesays.com\/fr\/wp-json\/wp\/v2\/categories?post=150067"},{"taxonomy":"post_tag","embeddable":true,"href":"https:\/\/www.europesays.com\/fr\/wp-json\/wp\/v2\/tags?post=150067"}],"curies":[{"name":"wp","href":"https:\/\/api.w.org\/{rel}","templated":true}]}}