{"id":15007,"date":"2025-04-10T13:01:40","date_gmt":"2025-04-10T13:01:40","guid":{"rendered":"https:\/\/www.europesays.com\/fr\/15007\/"},"modified":"2025-04-10T13:01:40","modified_gmt":"2025-04-10T13:01:40","slug":"previsions-du-jeudi-10-avril-2025-4","status":"publish","type":"post","link":"https:\/\/www.europesays.com\/fr\/15007\/","title":{"rendered":"pr\u00e9visions du jeudi 10 avril 2025"},"content":{"rendered":"<p>Un bel ensoleillement est pr\u00e9vu aujourd&rsquo;hui \u00e0 Nantes. On pr\u00e9voit des temp\u00e9ratures d&rsquo;environ 12\u00b0C. Un vent de nord-est soufflera \u00e0 22 km\/h. Le matin, le thermom\u00e8tre affichera 11\u00b0C en moyenne. Les temp\u00e9ratures vont grimper pendant l&rsquo;apr\u00e8s-midi de plusieurs degr\u00e9s. Les valeurs afficheront entre 16 et 18\u00b0C. Durant la nuit de jeudi \u00e0 vendredi, le ciel sera clair.<\/p>\n<p>Demain, un important soleil brillera sur Nantes. Une m\u00e9t\u00e9o plus chaude est attendue puisque le mercure va enregistrer une augmentation. Les temp\u00e9ratures seront comprises entre 6 et 19\u00b0C. Les valeurs avoisineront les 12\u00b0C dans la matin\u00e9e. La ville sera touch\u00e9e par un vent de nord-est de 21 km\/h. Les temp\u00e9ratures vont conna\u00eetre une hausse de plusieurs degr\u00e9s dans l&rsquo;apr\u00e8s-midi. Les maximales iront jusqu&rsquo;\u00e0 19\u00b0C et les minimales seront de 18\u00b0C. Un vent de nord-est soufflera l\u00e9g\u00e8rement, avec 13 km\/h dans la soir\u00e9e.<\/p>\n<p>Des changements sont pr\u00e9vus les prochains jours. Samedi, le temps sera pluvieux tandis qu&rsquo;une am\u00e9lioration est annonc\u00e9e dimanche.<\/p>\n<p><\/p>\n","protected":false},"excerpt":{"rendered":"Un bel ensoleillement est pr\u00e9vu aujourd&rsquo;hui \u00e0 Nantes. On pr\u00e9voit des temp\u00e9ratures d&rsquo;environ 12\u00b0C. Un vent de nord-est&hellip;\n","protected":false},"author":2,"featured_media":15008,"comment_status":"","ping_status":"","sticky":false,"template":"","format":"standard","meta":{"footnotes":""},"categories":[2818],"tags":[1111,11,1777,674,1011,27,3047,766,12,2636,2119,25],"class_list":{"0":"post-15007","1":"post","2":"type-post","3":"status-publish","4":"format-standard","5":"has-post-thumbnail","7":"category-nantes","8":"tag-actu","9":"tag-actualites","10":"tag-eu","11":"tag-europe","12":"tag-fr","13":"tag-france","14":"tag-loire-atlantique","15":"tag-nantes","16":"tag-news","17":"tag-pays-de-la-loire","18":"tag-previsions-meteo","19":"tag-republique-francaise"},"share_on_mastodon":{"url":"https:\/\/pubeurope.com\/@fr\/114313801762524653","error":""},"_links":{"self":[{"href":"https:\/\/www.europesays.com\/fr\/wp-json\/wp\/v2\/posts\/15007","targetHints":{"allow":["GET"]}}],"collection":[{"href":"https:\/\/www.europesays.com\/fr\/wp-json\/wp\/v2\/posts"}],"about":[{"href":"https:\/\/www.europesays.com\/fr\/wp-json\/wp\/v2\/types\/post"}],"author":[{"embeddable":true,"href":"https:\/\/www.europesays.com\/fr\/wp-json\/wp\/v2\/users\/2"}],"replies":[{"embeddable":true,"href":"https:\/\/www.europesays.com\/fr\/wp-json\/wp\/v2\/comments?post=15007"}],"version-history":[{"count":0,"href":"https:\/\/www.europesays.com\/fr\/wp-json\/wp\/v2\/posts\/15007\/revisions"}],"wp:featuredmedia":[{"embeddable":true,"href":"https:\/\/www.europesays.com\/fr\/wp-json\/wp\/v2\/media\/15008"}],"wp:attachment":[{"href":"https:\/\/www.europesays.com\/fr\/wp-json\/wp\/v2\/media?parent=15007"}],"wp:term":[{"taxonomy":"category","embeddable":true,"href":"https:\/\/www.europesays.com\/fr\/wp-json\/wp\/v2\/categories?post=15007"},{"taxonomy":"post_tag","embeddable":true,"href":"https:\/\/www.europesays.com\/fr\/wp-json\/wp\/v2\/tags?post=15007"}],"curies":[{"name":"wp","href":"https:\/\/api.w.org\/{rel}","templated":true}]}}