{"id":150073,"date":"2025-06-03T23:17:08","date_gmt":"2025-06-03T23:17:08","guid":{"rendered":"https:\/\/www.europesays.com\/fr\/150073\/"},"modified":"2025-06-03T23:17:08","modified_gmt":"2025-06-03T23:17:08","slug":"previsions-du-mercredi-4-juin-2025-4","status":"publish","type":"post","link":"https:\/\/www.europesays.com\/fr\/150073\/","title":{"rendered":"pr\u00e9visions du mercredi 4 juin 2025"},"content":{"rendered":"<p>\u00c0 Bordeaux les temp\u00e9ratures seront comprises entre 14 et 21\u00b0C aujourd&rsquo;hui. Le matin, c&rsquo;est sur un ciel couvert de nuages qu&rsquo;il faudra compter. Des pluies \u00e9parses sont attendues. Un vent de sud-ouest soufflera doucement. L&rsquo;apr\u00e8s-midi aura lieu sous un ciel mitig\u00e9, marqu\u00e9 par de l\u00e9g\u00e8res averses. Les valeurs s&rsquo;\u00e9chelonneront entre 18 et 21\u00b0C. Un vent d&rsquo;ouest, atteignant 20 km\/h, soufflera. Entre mercredi et jeudi, la nuit sera claire.<\/p>\n<p>Le soleil se fera d\u00e9sirer demain sur Bordeaux, o\u00f9 des nuages sont bien install\u00e9s. Les temp\u00e9ratures afficheront entre 13 et 22\u00b0C. Un vent de sud-ouest rafra\u00eechira l\u00e9g\u00e8rement l&rsquo;atmosph\u00e8re. On notera la pr\u00e9sence persistante de nuages le matin. Le temps sera ponctu\u00e9 par des pluies \u00e9parses. La grisaille ne se disperse toujours pas, il va y avoir encore de l\u00e9gers nuages demain apr\u00e8s-midi. Les valeurs seront de 18\u00b0C au minimum et de 22\u00b0C au maximum. La ville aura quelques \u00e9claircies demain soir. On anticipe des temp\u00e9ratures avoisinant 18\u00b0C.<\/p>\n<p>La m\u00e9t\u00e9o va s&rsquo;am\u00e9liorer dans les jours qui suivent. Le temps sera ensoleill\u00e9 avec des temp\u00e9ratures autour de 20\u00b0C.<\/p>\n<p><\/p>\n","protected":false},"excerpt":{"rendered":"\u00c0 Bordeaux les temp\u00e9ratures seront comprises entre 14 et 21\u00b0C aujourd&rsquo;hui. Le matin, c&rsquo;est sur un ciel couvert&hellip;\n","protected":false},"author":2,"featured_media":150074,"comment_status":"","ping_status":"","sticky":false,"template":"","format":"standard","meta":{"footnotes":""},"categories":[2817],"tags":[1111,11,3177,1997,1777,674,1011,27,2905,12,2219,2119,25],"class_list":{"0":"post-150073","1":"post","2":"type-post","3":"status-publish","4":"format-standard","5":"has-post-thumbnail","7":"category-bordeaux","8":"tag-actu","9":"tag-actualites","10":"tag-aquitaine","11":"tag-bordeaux","12":"tag-eu","13":"tag-europe","14":"tag-fr","15":"tag-france","16":"tag-gironde","17":"tag-news","18":"tag-nouvelle-aquitaine","19":"tag-previsions-meteo","20":"tag-republique-francaise"},"share_on_mastodon":{"url":"https:\/\/pubeurope.com\/@fr\/114621988463627401","error":""},"_links":{"self":[{"href":"https:\/\/www.europesays.com\/fr\/wp-json\/wp\/v2\/posts\/150073","targetHints":{"allow":["GET"]}}],"collection":[{"href":"https:\/\/www.europesays.com\/fr\/wp-json\/wp\/v2\/posts"}],"about":[{"href":"https:\/\/www.europesays.com\/fr\/wp-json\/wp\/v2\/types\/post"}],"author":[{"embeddable":true,"href":"https:\/\/www.europesays.com\/fr\/wp-json\/wp\/v2\/users\/2"}],"replies":[{"embeddable":true,"href":"https:\/\/www.europesays.com\/fr\/wp-json\/wp\/v2\/comments?post=150073"}],"version-history":[{"count":0,"href":"https:\/\/www.europesays.com\/fr\/wp-json\/wp\/v2\/posts\/150073\/revisions"}],"wp:featuredmedia":[{"embeddable":true,"href":"https:\/\/www.europesays.com\/fr\/wp-json\/wp\/v2\/media\/150074"}],"wp:attachment":[{"href":"https:\/\/www.europesays.com\/fr\/wp-json\/wp\/v2\/media?parent=150073"}],"wp:term":[{"taxonomy":"category","embeddable":true,"href":"https:\/\/www.europesays.com\/fr\/wp-json\/wp\/v2\/categories?post=150073"},{"taxonomy":"post_tag","embeddable":true,"href":"https:\/\/www.europesays.com\/fr\/wp-json\/wp\/v2\/tags?post=150073"}],"curies":[{"name":"wp","href":"https:\/\/api.w.org\/{rel}","templated":true}]}}