{"id":150075,"date":"2025-06-03T23:18:10","date_gmt":"2025-06-03T23:18:10","guid":{"rendered":"https:\/\/www.europesays.com\/fr\/150075\/"},"modified":"2025-06-03T23:18:10","modified_gmt":"2025-06-03T23:18:10","slug":"une-femme-retrouvee-morte-a-son-domicile-une-enquete-pour-meurtre-ouverte","status":"publish","type":"post","link":"https:\/\/www.europesays.com\/fr\/150075\/","title":{"rendered":"une femme retrouv\u00e9e morte \u00e0 son domicile, une enqu\u00eate pour meurtre ouverte"},"content":{"rendered":"<p>La d\u00e9couverte macabre a eu lieu samedi, \u00e0 Libourne. La victime pr\u00e9sentait une plaie \u00e0 la t\u00eate.<\/p>\n<p class=\"fig-paragraph\">Une femme \u00e2g\u00e9e de 48 ans a \u00e9t\u00e9 retrouv\u00e9e morte \u00e0 son domicile, samedi 31 mai, rue de la Marne, \u00e0\u00a0<a href=\"https:\/\/www.lefigaro.fr\/bordeaux\/libourne-une-interdiction-des-regroupements-sur-le-parvis-de-la-gare-pour-lutter-contre-le-sentiment-d-insecurite-20250321?msockid=258c4318a154643d05395665a0ed65f9\" target=\"_blank\" data-fig-type=\"NewsFlash\" rel=\"noopener\" data-gtm-custom-categorie=\"navigation\" data-gtm-custom-action=\"crossclick\" data-gtm-custom-label=\"Contextuel\" data-gtm-event=\"customEventSPE\" data-fig-domain=\"LEFIGARO\">Libourne<\/a>.<\/p>\n<p class=\"fig-paragraph\">Une\u00a0<a href=\"https:\/\/www.lefigaro.fr\/international\/affaire-maddie-18-ans-apres-la-disparition-de-la-fillette-ou-en-est-l-enquete-20250603?msockid=258c4318a154643d05395665a0ed65f9\" target=\"_blank\" data-fig-type=\"NewsFlash\" rel=\"noopener\" data-gtm-custom-categorie=\"navigation\" data-gtm-custom-action=\"crossclick\" data-gtm-custom-label=\"Contextuel\" data-gtm-event=\"customEventSPE\" data-fig-domain=\"LEFIGARO\">enqu\u00eate<\/a>\u00a0pour\u00a0<a href=\"https:\/\/www.lefigaro.fr\/faits-divers\/psg-champions-d-europe-l-enquete-sur-le-meurtre-d-un-mineur-tue-a-dax-requalifiee-en-assassinat-20250603?msockid=258c4318a154643d05395665a0ed65f9\" target=\"_blank\" data-fig-type=\"NewsFlash\" rel=\"noopener\" data-gtm-custom-categorie=\"navigation\" data-gtm-custom-action=\"crossclick\" data-gtm-custom-label=\"Contextuel\" data-gtm-event=\"customEventSPE\" data-fig-domain=\"LEFIGARO\">meurtre<\/a>\u00a0a \u00e9t\u00e9 ouverte et confi\u00e9e \u00e0 la brigade de recherches de Libourne, coop\u00e9rant avec la section de recherches de Bordeaux.<\/p>\n<p class=\"fig-paragraph\">Les circonstances de son d\u00e9c\u00e8s sont pour le moment inconnues, mais il pourrait s\u2019agir d\u2019un meurtre. Quand son corps a \u00e9t\u00e9 d\u00e9couvert, elle pr\u00e9sentait une plaie \u00e0 la t\u00eate. \u00abAu regard des premiers \u00e9l\u00e9ments recueillis lors de l\u2019enqu\u00eate, le parquet de Libourne s\u2019est dessaisi ce jour au profit du p\u00f4le criminel du parquet de Bordeaux\u00bb, a indiqu\u00e9 Lois Raschel, procureur de la R\u00e9publique de Libourne, dans un communiqu\u00e9.<\/p>\n","protected":false},"excerpt":{"rendered":"La d\u00e9couverte macabre a eu lieu samedi, \u00e0 Libourne. La victime pr\u00e9sentait une plaie \u00e0 la t\u00eate. Une&hellip;\n","protected":false},"author":2,"featured_media":150076,"comment_status":"","ping_status":"","sticky":false,"template":"","format":"standard","meta":{"footnotes":""},"categories":[2817],"tags":[1111,11,1997,2916,2911,2910,2915,2909,2904,2913,2912,2914,2906,2907,6725,5975,1067,1777,674,1011,27,2905,2908,12,2219,25],"class_list":{"0":"post-150075","1":"post","2":"type-post","3":"status-publish","4":"format-standard","5":"has-post-thumbnail","7":"category-bordeaux","8":"tag-actu","9":"tag-actualites","10":"tag-bordeaux","11":"tag-bordeaux-cauderan","12":"tag-bordeaux-centre-ville","13":"tag-bordeaux-chartrons-grand-parc-jardin-public","14":"tag-bordeaux-la-bastide","15":"tag-bordeaux-maritime","16":"tag-bordeaux-metropole","17":"tag-bordeaux-nansouty-st-genes","18":"tag-bordeaux-st-augustin-tauzin-alphonse-dupeux","19":"tag-bordeaux-sud","20":"tag-capitale-de-gaule","21":"tag-cathedrale-gothique-de-saint-andre","22":"tag-corps","23":"tag-decouverte","24":"tag-enquete","25":"tag-eu","26":"tag-europe","27":"tag-fr","28":"tag-france","29":"tag-gironde","30":"tag-girondins-de-bordeaux","31":"tag-news","32":"tag-nouvelle-aquitaine","33":"tag-republique-francaise"},"share_on_mastodon":{"url":"","error":"Validation failed: Text character limit of 500 exceeded"},"_links":{"self":[{"href":"https:\/\/www.europesays.com\/fr\/wp-json\/wp\/v2\/posts\/150075","targetHints":{"allow":["GET"]}}],"collection":[{"href":"https:\/\/www.europesays.com\/fr\/wp-json\/wp\/v2\/posts"}],"about":[{"href":"https:\/\/www.europesays.com\/fr\/wp-json\/wp\/v2\/types\/post"}],"author":[{"embeddable":true,"href":"https:\/\/www.europesays.com\/fr\/wp-json\/wp\/v2\/users\/2"}],"replies":[{"embeddable":true,"href":"https:\/\/www.europesays.com\/fr\/wp-json\/wp\/v2\/comments?post=150075"}],"version-history":[{"count":0,"href":"https:\/\/www.europesays.com\/fr\/wp-json\/wp\/v2\/posts\/150075\/revisions"}],"wp:featuredmedia":[{"embeddable":true,"href":"https:\/\/www.europesays.com\/fr\/wp-json\/wp\/v2\/media\/150076"}],"wp:attachment":[{"href":"https:\/\/www.europesays.com\/fr\/wp-json\/wp\/v2\/media?parent=150075"}],"wp:term":[{"taxonomy":"category","embeddable":true,"href":"https:\/\/www.europesays.com\/fr\/wp-json\/wp\/v2\/categories?post=150075"},{"taxonomy":"post_tag","embeddable":true,"href":"https:\/\/www.europesays.com\/fr\/wp-json\/wp\/v2\/tags?post=150075"}],"curies":[{"name":"wp","href":"https:\/\/api.w.org\/{rel}","templated":true}]}}