{"id":150077,"date":"2025-06-03T23:19:22","date_gmt":"2025-06-03T23:19:22","guid":{"rendered":"https:\/\/www.europesays.com\/fr\/150077\/"},"modified":"2025-06-03T23:19:22","modified_gmt":"2025-06-03T23:19:22","slug":"arnaud-bernard-se-transforme-haute-garonne-toulouse","status":"publish","type":"post","link":"https:\/\/www.europesays.com\/fr\/150077\/","title":{"rendered":"Arnaud Bernard se transforme\u00a0: &#8211; Haute Garonne &#8211; Toulouse"},"content":{"rendered":"<p>                    <img width=\"800\" height=\"800\" src=\"https:\/\/www.europesays.com\/fr\/wp-content\/uploads\/2025\/06\/6ea9bc57-9d6d-483f-a674-b446d9f19f69-800x800-1.jpg\" class=\"img-fluid portrait wp-post-image\" alt=\"Place Arnaud Bernard \u00e0 Toulouse\" itemprop=\"image\" decoding=\"async\" fetchpriority=\"high\"  \/>                    <\/p>\n<p itemprop=\"name\">\n                                                Place Arnaud Bernard \u00e0 Toulouse<br \/>\n                         Cr\u00e9dits :<br \/>\n                            MS31\n                                                <\/p>\n<p><strong>D\u2019ici fin 2025, Arnaud Bernard et ces rues voisines changeront de visage. La Mairie de Toulouse continue son objectif de transformer ce quartier au plein c\u0153ur de la Ville Rose.<\/strong><\/p>\n<p>Toulouse entame la transformation du quartier Arnaud-Bernard, connu pour son trafic nocturne. Le but est clair : v\u00e9g\u00e9taliser la place, embellir le quartier et faire \u00e9voluer son image. Le quartier comprend la place Arnaud-Bernard ainsi que deux rues : Trois-Piliers et Gatien-Arnoult.<\/p>\n<p>D\u00e9j\u00e0 embelli par des actions ant\u00e9rieures, comme la pi\u00e9tonisation de la place Arnaud-Bernard, la transformation de places de stationnement en espaces verts dans les rues voisines, et la r\u00e9novation de l\u2019\u00e9clairage public, le quartier continue de se m\u00e9tamorphoser. La Mairie de Toulouse ne s\u2019arr\u00eate pas l\u00e0 : de nouveaux travaux viennent compl\u00e9ter ces actions en 2025.<\/p>\n<p>Sur la place Arnaud-Bernard, une pergola multifonction sera construite afin de cr\u00e9er une zone d\u2019ombrage pour la p\u00e9riode estivale. Plus de dix grands arbres seront plant\u00e9s, et des jardini\u00e8res seront mises en place.<\/p>\n<p>Dans les rues Trois-Piliers et Gatien-Arnoult, un am\u00e9nagement complet sera r\u00e9alis\u00e9 selon le mod\u00e8le de la place Saint-Sernin. Les rues seront quasiment \u00e0 plat, ce qui facilitera l\u2019accessibilit\u00e9 pi\u00e9tonne, notamment pour les personnes \u00e0 mobilit\u00e9 r\u00e9duite. L\u2019espace d\u00e9j\u00e0 existant dans la rue des Trois-Piliers sera \u00e9tendu.<\/p>\n<p>La fin des travaux est pr\u00e9vue pour novembre 2025.<\/p>\n<p class=\"signature\" itemscope=\"\" itemprop=\"Author\" itemtype=\"http:\/\/schema.org\/Person\">\n                LD31\n            <\/p>\n","protected":false},"excerpt":{"rendered":"Place Arnaud Bernard \u00e0 Toulouse Cr\u00e9dits : MS31 D\u2019ici fin 2025, Arnaud Bernard et ces rues voisines changeront&hellip;\n","protected":false},"author":2,"featured_media":150078,"comment_status":"","ping_status":"","sticky":false,"template":"","format":"standard","meta":{"footnotes":""},"categories":[2816],"tags":[1111,11,1777,674,1011,27,23720,12,2680,25,2312],"class_list":{"0":"post-150077","1":"post","2":"type-post","3":"status-publish","4":"format-standard","5":"has-post-thumbnail","7":"category-toulouse","8":"tag-actu","9":"tag-actualites","10":"tag-eu","11":"tag-europe","12":"tag-fr","13":"tag-france","14":"tag-internet-seulement","15":"tag-news","16":"tag-occitanie","17":"tag-republique-francaise","18":"tag-toulouse"},"share_on_mastodon":{"url":"https:\/\/pubeurope.com\/@fr\/114621996433657063","error":""},"_links":{"self":[{"href":"https:\/\/www.europesays.com\/fr\/wp-json\/wp\/v2\/posts\/150077","targetHints":{"allow":["GET"]}}],"collection":[{"href":"https:\/\/www.europesays.com\/fr\/wp-json\/wp\/v2\/posts"}],"about":[{"href":"https:\/\/www.europesays.com\/fr\/wp-json\/wp\/v2\/types\/post"}],"author":[{"embeddable":true,"href":"https:\/\/www.europesays.com\/fr\/wp-json\/wp\/v2\/users\/2"}],"replies":[{"embeddable":true,"href":"https:\/\/www.europesays.com\/fr\/wp-json\/wp\/v2\/comments?post=150077"}],"version-history":[{"count":0,"href":"https:\/\/www.europesays.com\/fr\/wp-json\/wp\/v2\/posts\/150077\/revisions"}],"wp:featuredmedia":[{"embeddable":true,"href":"https:\/\/www.europesays.com\/fr\/wp-json\/wp\/v2\/media\/150078"}],"wp:attachment":[{"href":"https:\/\/www.europesays.com\/fr\/wp-json\/wp\/v2\/media?parent=150077"}],"wp:term":[{"taxonomy":"category","embeddable":true,"href":"https:\/\/www.europesays.com\/fr\/wp-json\/wp\/v2\/categories?post=150077"},{"taxonomy":"post_tag","embeddable":true,"href":"https:\/\/www.europesays.com\/fr\/wp-json\/wp\/v2\/tags?post=150077"}],"curies":[{"name":"wp","href":"https:\/\/api.w.org\/{rel}","templated":true}]}}