{"id":150079,"date":"2025-06-03T23:20:11","date_gmt":"2025-06-03T23:20:11","guid":{"rendered":"https:\/\/www.europesays.com\/fr\/150079\/"},"modified":"2025-06-03T23:20:11","modified_gmt":"2025-06-03T23:20:11","slug":"risque-de-crue-au-nord-de-toulouse-a-cause-des-orages-et-de-la-pluie-12-communes-concernees","status":"publish","type":"post","link":"https:\/\/www.europesays.com\/fr\/150079\/","title":{"rendered":"Risque de crue au nord de Toulouse \u00e0 cause des orages et de la pluie : 12 communes concern\u00e9es"},"content":{"rendered":"<p>            Par<br \/>\n        <strong><br \/>\n            <a href=\"https:\/\/actu.fr\/auteur\/mareva-laville-actu-fr\" title=\"Consulter tous les articles de Mar\u00e9va Laville\" target=\"_blank\" rel=\"noopener\">Mar\u00e9va Laville<\/a><br \/>\n        <\/strong><\/p>\n<p>        Publi\u00e9 le<\/p>\n<p>            3 juin 2025 \u00e0 19h51        <\/p>\n<p>Les orages risquent de frapper \u00e0 nouveau \u00e0 <a href=\"http:\/\/www.actu.fr\/toulouse\" target=\"_blank\" rel=\"noopener\">Toulouse <\/a>et dans le d\u00e9partement, <a href=\"https:\/\/actu.fr\/occitanie\/toulouse_31555\/orages-et-fortes-pluies-la-haute-garonne-placee-en-vigilance-orange-par-meteo-france_62721469.html\" target=\"_blank\" rel=\"noopener\">plac\u00e9 en vigilance orange par M\u00e9t\u00e9o France<\/a> ce mardi 3\u00a0juin 2025. L\u2019alerte entre aussi en vigueur pour la<strong> rivi\u00e8re de la Save.<\/strong> La Pr\u00e9fecture de Haute-Garonne a \u00e9mis un <strong>avis de vigilance jaune<\/strong> sur le<a href=\"https:\/\/actu.fr\/occitanie\/grenade_31232\/apres-orages-un-risque-de-crue-au-nord-ouest-de-toulouse-12-communes-concernees-en-haute-garonne_62594298.html\" target=\"_blank\" rel=\"noopener\"> tron\u00e7on Gimone-Save<\/a>, au nord-ouest de Toulouse, pour <strong>risques de d\u00e9bordements,<\/strong> <strong>dommages localis\u00e9s<\/strong> ou <strong>mont\u00e9e rapide et dangereuse des eaux.<\/strong><\/p>\n<p>La surveillance accrue due aux orages<\/p>\n<p class=\" wall-content\">\u00ab\u2009Les<strong> orages de la soir\u00e9e<\/strong> et de la <strong>premi\u00e8re partie de nuit<\/strong> devraient \u00eatre particuli\u00e8rement pluvieux, les cumuls de pluies se faisant en tr\u00e8s peu de temps du fait des <strong>tr\u00e8s fortes<\/strong> <strong>intensit\u00e9s pluvieuses attendues (50 \u00e0 70\u00a0mm\/h)\u2009\u00bb<\/strong>, explique la Pr\u00e9fecture.<\/p>\n<p class=\" wall-content\">Le ph\u00e9nom\u00e8ne d\u00e9marrait \u00e0 partir de 19\u00a0heures, ce mardi 3\u00a0juin soir. Des <strong>cumuls allant de 40 \u00e0 70\u00a0mm<\/strong> sont attendus, localement. Et plus g\u00e9n\u00e9ralement, ce sont 20 \u00e0 40 mm qui pourraient s\u2019accumuler au nord de la Haute-Garonne. \u00ab\u2009Des ph\u00e9nom\u00e8nes de ruissellement sont ainsi \u00e0 craindre\u2009\u00bb, souligne la Pr\u00e9fecture.\u00a0<\/p>\n<p>12\u00a0communes en alerte<\/p>\n<p class=\" wall-content\"><strong>Douze communes sont concern\u00e9es<\/strong> par la vigilance\u2009: Daux, <a href=\"https:\/\/actu.fr\/occitanie\/grenade_31232\" target=\"_blank\" rel=\"noopener\">Grenade<\/a>, <a href=\"https:\/\/actu.fr\/occitanie\/larra_31592\" target=\"_blank\" rel=\"noopener\">Larra<\/a>, Lasserre-Prad\u00e8re, Le Cast\u00e9ra, L\u00e9vignac, Menville, <a href=\"https:\/\/actu.fr\/occitanie\/merville_31341\" target=\"_blank\" rel=\"noopener\">Merville<\/a>, Montaigut-sur-Save, Ondes, Saint-Paul-sur-Save, Sainte-Livrade.<\/p>\n<p class=\" wall-content\">Suivez toute l\u2019actualit\u00e9 de vos villes et m\u00e9dias favoris en vous inscrivant \u00e0 <a href=\"https:\/\/moncompte.actu.fr\" title=\"D\u00e9couvez Mon Actu\" rel=\"nofollow noopener\" data-trk=\"{&quot;cta&quot;:{&quot;action&quot;:&quot;https:\\\/\\\/moncompte.actu.fr&quot;,&quot;category&quot;:&quot;mon compte&quot;,&quot;from&quot;:&quot;article footer&quot;,&quot;name&quot;:&quot;Mon actu&quot;,&quot;type&quot;:&quot;cta&quot;}}\" target=\"_blank\">Mon Actu<\/a>.<\/p>\n","protected":false},"excerpt":{"rendered":"Par Mar\u00e9va Laville Publi\u00e9 le 3 juin 2025 \u00e0 19h51 Les orages risquent de frapper \u00e0 nouveau \u00e0&hellip;\n","protected":false},"author":2,"featured_media":150080,"comment_status":"","ping_status":"","sticky":false,"template":"","format":"standard","meta":{"footnotes":""},"categories":[2816],"tags":[1111,11,1777,674,1011,27,2487,2357,12,2680,4594,25,2312],"class_list":{"0":"post-150079","1":"post","2":"type-post","3":"status-publish","4":"format-standard","5":"has-post-thumbnail","7":"category-toulouse","8":"tag-actu","9":"tag-actualites","10":"tag-eu","11":"tag-europe","12":"tag-fr","13":"tag-france","14":"tag-meteo","15":"tag-meteo-france","16":"tag-news","17":"tag-occitanie","18":"tag-orages","19":"tag-republique-francaise","20":"tag-toulouse"},"share_on_mastodon":{"url":"https:\/\/pubeurope.com\/@fr\/114622000160521550","error":""},"_links":{"self":[{"href":"https:\/\/www.europesays.com\/fr\/wp-json\/wp\/v2\/posts\/150079","targetHints":{"allow":["GET"]}}],"collection":[{"href":"https:\/\/www.europesays.com\/fr\/wp-json\/wp\/v2\/posts"}],"about":[{"href":"https:\/\/www.europesays.com\/fr\/wp-json\/wp\/v2\/types\/post"}],"author":[{"embeddable":true,"href":"https:\/\/www.europesays.com\/fr\/wp-json\/wp\/v2\/users\/2"}],"replies":[{"embeddable":true,"href":"https:\/\/www.europesays.com\/fr\/wp-json\/wp\/v2\/comments?post=150079"}],"version-history":[{"count":0,"href":"https:\/\/www.europesays.com\/fr\/wp-json\/wp\/v2\/posts\/150079\/revisions"}],"wp:featuredmedia":[{"embeddable":true,"href":"https:\/\/www.europesays.com\/fr\/wp-json\/wp\/v2\/media\/150080"}],"wp:attachment":[{"href":"https:\/\/www.europesays.com\/fr\/wp-json\/wp\/v2\/media?parent=150079"}],"wp:term":[{"taxonomy":"category","embeddable":true,"href":"https:\/\/www.europesays.com\/fr\/wp-json\/wp\/v2\/categories?post=150079"},{"taxonomy":"post_tag","embeddable":true,"href":"https:\/\/www.europesays.com\/fr\/wp-json\/wp\/v2\/tags?post=150079"}],"curies":[{"name":"wp","href":"https:\/\/api.w.org\/{rel}","templated":true}]}}