{"id":150081,"date":"2025-06-03T23:27:10","date_gmt":"2025-06-03T23:27:10","guid":{"rendered":"https:\/\/www.europesays.com\/fr\/150081\/"},"modified":"2025-06-03T23:27:10","modified_gmt":"2025-06-03T23:27:10","slug":"previsions-du-mercredi-4-juin-2025-5","status":"publish","type":"post","link":"https:\/\/www.europesays.com\/fr\/150081\/","title":{"rendered":"pr\u00e9visions du mercredi 4 juin 2025"},"content":{"rendered":"<p>Dans la journ\u00e9e, les temp\u00e9ratures seront de 17\u00b0C \u00e0 Lille. Un l\u00e9ger vent de sud-ouest sera ressenti par les habitants. Le soleil appara\u00eet l\u00e9g\u00e8rement le matin. Ces \u00e9claircies devraient r\u00e9jouir les habitants. Il fera 16\u00b0C en moyenne. L&rsquo;apparition du soleil l&rsquo;apr\u00e8s-midi sera retard\u00e9e par un bon nombre de l\u00e9gers nuages. Les temp\u00e9ratures afficheront entre 18 et 21\u00b0C. Le passage de mercredi \u00e0 jeudi se fera sous un ciel pluvieux.<\/p>\n<p>Demain, une diminution des temp\u00e9ratures est \u00e0 craindre \u00e0 Lille. Les valeurs seront comprises entre 12 et 17\u00b0C. Un vent de sud-ouest rafra\u00eechira quelque peu l&rsquo;atmosph\u00e8re. Un ciel voil\u00e9 avec une apparition de nuages est pr\u00e9vu dans la matin\u00e9e. Il est possible que de l\u00e9g\u00e8res averses \u00e9clatent. On pr\u00e9voit des temp\u00e9ratures d&rsquo;environ 14\u00b0C. Demain apr\u00e8s-midi, le soleil sera dissimul\u00e9 derri\u00e8re des nuages. Des pluies \u00e9parses sont attendues. Les valeurs seront de 14\u00b0C au minimum et de 17\u00b0C au maximum. Il va falloir \u00eatre pr\u00e9voyant demain soir : de petites averses sont \u00e0 pr\u00e9voir. Le thermom\u00e8tre affichera 15\u00b0C en moyenne.<\/p>\n<p>Le temps des jours qui suivent va changer progressivement. Apr\u00e8s des conditions m\u00e9t\u00e9orologiques similaires vendredi, la situation changera samedi.<\/p>\n<p><\/p>\n","protected":false},"excerpt":{"rendered":"Dans la journ\u00e9e, les temp\u00e9ratures seront de 17\u00b0C \u00e0 Lille. Un l\u00e9ger vent de sud-ouest sera ressenti par&hellip;\n","protected":false},"author":2,"featured_media":150082,"comment_status":"","ping_status":"","sticky":false,"template":"","format":"standard","meta":{"footnotes":""},"categories":[2815],"tags":[1111,11,1777,674,1011,27,811,1307,12,1308,1309,2119,25],"class_list":{"0":"post-150081","1":"post","2":"type-post","3":"status-publish","4":"format-standard","5":"has-post-thumbnail","7":"category-lille","8":"tag-actu","9":"tag-actualites","10":"tag-eu","11":"tag-europe","12":"tag-fr","13":"tag-france","14":"tag-hauts-de-france","15":"tag-lille","16":"tag-news","17":"tag-nord","18":"tag-nord-pas-de-calais","19":"tag-previsions-meteo","20":"tag-republique-francaise"},"share_on_mastodon":{"url":"https:\/\/pubeurope.com\/@fr\/114622027758022615","error":""},"_links":{"self":[{"href":"https:\/\/www.europesays.com\/fr\/wp-json\/wp\/v2\/posts\/150081","targetHints":{"allow":["GET"]}}],"collection":[{"href":"https:\/\/www.europesays.com\/fr\/wp-json\/wp\/v2\/posts"}],"about":[{"href":"https:\/\/www.europesays.com\/fr\/wp-json\/wp\/v2\/types\/post"}],"author":[{"embeddable":true,"href":"https:\/\/www.europesays.com\/fr\/wp-json\/wp\/v2\/users\/2"}],"replies":[{"embeddable":true,"href":"https:\/\/www.europesays.com\/fr\/wp-json\/wp\/v2\/comments?post=150081"}],"version-history":[{"count":0,"href":"https:\/\/www.europesays.com\/fr\/wp-json\/wp\/v2\/posts\/150081\/revisions"}],"wp:featuredmedia":[{"embeddable":true,"href":"https:\/\/www.europesays.com\/fr\/wp-json\/wp\/v2\/media\/150082"}],"wp:attachment":[{"href":"https:\/\/www.europesays.com\/fr\/wp-json\/wp\/v2\/media?parent=150081"}],"wp:term":[{"taxonomy":"category","embeddable":true,"href":"https:\/\/www.europesays.com\/fr\/wp-json\/wp\/v2\/categories?post=150081"},{"taxonomy":"post_tag","embeddable":true,"href":"https:\/\/www.europesays.com\/fr\/wp-json\/wp\/v2\/tags?post=150081"}],"curies":[{"name":"wp","href":"https:\/\/api.w.org\/{rel}","templated":true}]}}