{"id":150087,"date":"2025-06-03T23:30:12","date_gmt":"2025-06-03T23:30:12","guid":{"rendered":"https:\/\/www.europesays.com\/fr\/150087\/"},"modified":"2025-06-03T23:30:12","modified_gmt":"2025-06-03T23:30:12","slug":"previsions-du-mercredi-4-juin-2025-6","status":"publish","type":"post","link":"https:\/\/www.europesays.com\/fr\/150087\/","title":{"rendered":"pr\u00e9visions du mercredi 4 juin 2025"},"content":{"rendered":"<p>C&rsquo;est sous un ciel gris que va se d\u00e9rouler la journ\u00e9e. Les nuages perdurent sur Lyon. Les temp\u00e9ratures tourneront autour des 16\u00b0C. La grisaille ne se disperse toujours pas, il va y avoir encore des nuages le matin. Intemp\u00e9ries : on annonce des pluies \u00e9parses. Les temp\u00e9ratures seront comprises entre 16\u00b0C et 18\u00b0C. Un vent de sud-ouest rafra\u00eechira sensiblement l&rsquo;atmosph\u00e8re. Des averses sont pr\u00e9vues l&rsquo;apr\u00e8s-midi, et risquent de perturber les activit\u00e9s ext\u00e9rieures. Les valeurs afficheront entre 16 et 18\u00b0C. Pour le soir, des pluies \u00e9parses vont tomber sur la ville. Les temp\u00e9ratures seront de 15\u00b0C au plus bas et de 18\u00b0C au maximum. Durant la nuit de mercredi \u00e0 jeudi, le ciel sera brumeux.<\/p>\n<p>Demain, c&rsquo;est une hausse de quelques degr\u00e9s que vont conna\u00eetre les temp\u00e9ratures dans la ville de Lyon. Les valeurs s&rsquo;\u00e9chelonneront entre 12 et 24\u00b0C. Une modeste brise de sud-ouest sera ressentie par les habitants. Un magnifique soleil va briller et ce, tout au long de la matin\u00e9e. Il va faire 19\u00b0C en moyenne. Des \u00e9claircies sont pr\u00e9vues : on passera un apr\u00e8s-midi cl\u00e9ment. Les temp\u00e9ratures vont enregistrer une augmentation de plusieurs degr\u00e9s. Les valeurs seront comprises entre 23 et 24\u00b0C. Les maximales iront jusqu&rsquo;\u00e0 21\u00b0C dans la soir\u00e9e et les minimales seront de 19\u00b0C.<\/p>\n<p>Les conditions m\u00e9t\u00e9orologiques des journ\u00e9es qui suivent vont \u00e9voluer progressivement. Apr\u00e8s un temps stable vendredi, la situation changera samedi.<\/p>\n<p><\/p>\n","protected":false},"excerpt":{"rendered":"C&rsquo;est sous un ciel gris que va se d\u00e9rouler la journ\u00e9e. Les nuages perdurent sur Lyon. Les temp\u00e9ratures&hellip;\n","protected":false},"author":2,"featured_media":150088,"comment_status":"","ping_status":"","sticky":false,"template":"","format":"standard","meta":{"footnotes":""},"categories":[1889],"tags":[1111,11,2430,1777,674,1011,27,2428,12,2119,25,2429,2431],"class_list":{"0":"post-150087","1":"post","2":"type-post","3":"status-publish","4":"format-standard","5":"has-post-thumbnail","7":"category-lyon","8":"tag-actu","9":"tag-actualites","10":"tag-auvergne-rhone-alpes","11":"tag-eu","12":"tag-europe","13":"tag-fr","14":"tag-france","15":"tag-lyon","16":"tag-news","17":"tag-previsions-meteo","18":"tag-republique-francaise","19":"tag-rhone","20":"tag-rhone-alpes"},"share_on_mastodon":{"url":"https:\/\/pubeurope.com\/@fr\/114622039539154571","error":""},"_links":{"self":[{"href":"https:\/\/www.europesays.com\/fr\/wp-json\/wp\/v2\/posts\/150087","targetHints":{"allow":["GET"]}}],"collection":[{"href":"https:\/\/www.europesays.com\/fr\/wp-json\/wp\/v2\/posts"}],"about":[{"href":"https:\/\/www.europesays.com\/fr\/wp-json\/wp\/v2\/types\/post"}],"author":[{"embeddable":true,"href":"https:\/\/www.europesays.com\/fr\/wp-json\/wp\/v2\/users\/2"}],"replies":[{"embeddable":true,"href":"https:\/\/www.europesays.com\/fr\/wp-json\/wp\/v2\/comments?post=150087"}],"version-history":[{"count":0,"href":"https:\/\/www.europesays.com\/fr\/wp-json\/wp\/v2\/posts\/150087\/revisions"}],"wp:featuredmedia":[{"embeddable":true,"href":"https:\/\/www.europesays.com\/fr\/wp-json\/wp\/v2\/media\/150088"}],"wp:attachment":[{"href":"https:\/\/www.europesays.com\/fr\/wp-json\/wp\/v2\/media?parent=150087"}],"wp:term":[{"taxonomy":"category","embeddable":true,"href":"https:\/\/www.europesays.com\/fr\/wp-json\/wp\/v2\/categories?post=150087"},{"taxonomy":"post_tag","embeddable":true,"href":"https:\/\/www.europesays.com\/fr\/wp-json\/wp\/v2\/tags?post=150087"}],"curies":[{"name":"wp","href":"https:\/\/api.w.org\/{rel}","templated":true}]}}