{"id":15009,"date":"2025-04-10T13:02:10","date_gmt":"2025-04-10T13:02:10","guid":{"rendered":"https:\/\/www.europesays.com\/fr\/15009\/"},"modified":"2025-04-10T13:02:10","modified_gmt":"2025-04-10T13:02:10","slug":"ce-quil-faut-savoir-sur-les-reouvertures-de-lete-2025","status":"publish","type":"post","link":"https:\/\/www.europesays.com\/fr\/15009\/","title":{"rendered":"ce qu&rsquo;il faut savoir sur les r\u00e9ouvertures de l\u2019\u00e9t\u00e9 2025"},"content":{"rendered":"<p>            Par<br \/>\n        <strong><br \/>\n            <a href=\"https:\/\/actu.fr\/auteur\/aurelien-cardot\" title=\"Consulter tous les articles de Aurelien Cardot\" rel=\"nofollow noopener\" target=\"_blank\">Aurelien Cardot<\/a><br \/>\n        <\/strong><\/p>\n<p>        Publi\u00e9 le<\/p>\n<p>            10 avr. 2025 \u00e0 6h32        <\/p>\n<p>Avec la hausse des temp\u00e9ratures, les <strong>terrasses<\/strong> reprennent vie \u00e0 Bordeaux. Certaines <strong>guinguettes<\/strong> ont d\u00e9j\u00e0 rouvert, d\u2019autres s\u2019appr\u00eatent \u00e0 lancer leur <strong>saison<\/strong>. Zoom sur les dates de r\u00e9ouverture des guinguettes les plus fr\u00e9quent\u00e9es de Bordeaux.\u00a0<\/p>\n<p><strong>Les chantiers de la Garonne<\/strong><\/p>\n<p class=\" wall-content\">Ancien hangar de stockage, <a href=\"https:\/\/leschantiersdelagaronne.camp\/\" rel=\"nofollow noopener\" target=\"_blank\">Les Chantiers de la Garonne<\/a> n\u2019h\u00e9bergent plus de navires mais accueillent d\u00e9sormais de nouvelles activit\u00e9s.\u00a0<\/p>\n<p class=\" wall-content\">Le midi, vous pourrez profiter de la brasserie pour d\u00e9guster des <strong>fruits de mer<\/strong> en tout genre et un large \u00e9ventail de <strong>bi\u00e8res 100 % bio<\/strong>. Puis, quand l\u2019heure vient pour le soleil de se coucher, sortez les gobelets et appr\u00e9ciez l\u2019ambiance bord de plage avec vue sur la Garonne et <strong>fond sonore folk ou \u00e9lectro<\/strong>.<\/p>\n<p>21 quai de Queyries, rive droite. Ouvertures le mercredi, jeudi : 15h \u2013 23h ; vendredi, samedi : 12h \u2013 23h30 ; dimanche : 12h \u2013 22h.<\/p>\n<p class=\" wall-content\"><strong>Les Planches \u00c9ph\u00e9m\u00e8res<\/strong><\/p>\n<p class=\" wall-content\">Situ\u00e9e en <strong>bord de lac<\/strong> \u00e0 quelques pas du Parc des Expositions, la ginguette offre une exp\u00e9rience \u00e0 la fois <strong>d\u00e9paysante et relaxante<\/strong>. Elle r\u00e9ouvre le 16 mai, et sera ouverte tous les jours de 17 heures \u00e0 minuit.<\/p>\n<p class=\" wall-content\">Bars, espaces food, sc\u00e8ne, DJ sets, \u00e9cran g\u00e9ant, bassin, terrains de p\u00e9tanque et animations diverses, <a href=\"https:\/\/www.lesplanchesephemeres.fr\/bordeaux\" rel=\"nofollow noopener\" target=\"_blank\">Les Planches \u00e9ph\u00e9m\u00e8res<\/a> ont imagin\u00e9 un lieu unique pour vous \u00e9vader le temps d\u2019un \u00e9t\u00e9.<\/p>\n<p>Vid\u00e9os : en ce moment sur Actu<\/p>\n<p>Les Planches \u00c9ph\u00e9m\u00e8res, rue Jean Samazeuilh.<\/p>\n<p><strong>Chez Alriq<\/strong><\/p>\n<p class=\" wall-content\">Cette ann\u00e9e,\u00a0 <a href=\"https:\/\/www.laguinguettechezalriq.com\/\" rel=\"nofollow noopener\" target=\"_blank\">la guinguette Chez Alriq<\/a> c\u00e9l\u00e8bre ses 35 ans. Pour l\u2019occasion, elle <strong>ouvre d\u00e8s le d\u00e9but du mois d\u2019avril<\/strong> avec une programmation artistique \u00e9clectique. Rendez-vous rive droite, en bord de Garonne, pour boire un verre, grignoter et danser dans une ambiance conviviale.<\/p>\n<p class=\" wall-content\">Avec ses grandes tables en bois, ses guirlandes lumineuses et sa sc\u00e8ne en plein air, l\u2019endroit garde son charme <strong>boh\u00e8me et festif<\/strong>.<\/p>\n<p>Quai des Queyries, Port Bastide. Horaires variables en fonction de la <a href=\"https:\/\/www.laguinguettechezalriq.com\/programmation\/\" rel=\"nofollow noopener\" target=\"_blank\">programmation<\/a>.<strong>Effet Mer<\/strong><\/p>\n<p class=\" wall-content\">\u00c0 proximit\u00e9 du bassin des lumi\u00e8res, <a href=\"https:\/\/www.effetmer-bordeaux.fr\/terrasse-guinguette-bassins-a-flots\/\" rel=\"nofollow noopener\" target=\"_blank\">l\u2019Effet Mer<\/a> est un lieu de vie<strong> chaleureux<\/strong> o\u00f9 chaque soir des artistes de la r\u00e9gion se produisent en live pour vous ambiancer jusqu\u2019\u00e0 minuit.<\/p>\n<p class=\" wall-content\">Pour un verre, une partie de p\u00e9tanque ou m\u00eame de tennis de table, cette guinguette vaut le d\u00e9tour. La terrasse r\u00e9ouvre courant mai 2025.<\/p>\n<p>L\u2019Effet Mer, 230 Boulevard Alfred Daney. Ouverture tous les jours de 12h \u00e0 00h.<\/p>\n<p><strong>La Belle Saison<\/strong><\/p>\n<p class=\" wall-content\">Une terrasse, un grand jardin, le tout au bord des berges naturelles de la Garonne\u2026 <a href=\"https:\/\/la-bellesaison.fr\/\" rel=\"nofollow noopener\" target=\"_blank\">La Belle Saison<\/a> vous accueille dans un <strong>cadre verdoyant<\/strong> et une ambiance de <strong>guinguette chic<\/strong>, id\u00e9ale pour profiter d\u2019une vue panoramique sur le Bordeaux historique.<\/p>\n<p class=\" wall-content\">Install\u00e9e rive droite, cette adresse m\u00eale mobilier \u00e9l\u00e9gant et esprit champ\u00eatre, entre soir\u00e9es musicales et longues tabl\u00e9es \u00e0 l\u2019ombre des arbres. Elle r\u00e9ouvre courant mai.\u00a0<\/p>\n<p>La Belle Saison, 75 Quai des Queyries.<\/p>\n<p class=\" wall-content\">Suivez toute l\u2019actualit\u00e9 de vos villes et m\u00e9dias favoris en vous inscrivant \u00e0 <a href=\"https:\/\/moncompte.actu.fr\" title=\"D\u00e9couvez Mon Actu\" rel=\"nofollow noopener\" data-trk=\"{&quot;cta&quot;:{&quot;action&quot;:&quot;https:\\\/\\\/moncompte.actu.fr&quot;,&quot;category&quot;:&quot;mon compte&quot;,&quot;from&quot;:&quot;article footer&quot;,&quot;name&quot;:&quot;Mon actu&quot;,&quot;type&quot;:&quot;cta&quot;}}\" target=\"_blank\">Mon Actu<\/a>.<\/p>\n","protected":false},"excerpt":{"rendered":"Par Aurelien Cardot Publi\u00e9 le 10 avr. 2025 \u00e0 6h32 Avec la hausse des temp\u00e9ratures, les terrasses reprennent&hellip;\n","protected":false},"author":2,"featured_media":15010,"comment_status":"","ping_status":"","sticky":false,"template":"","format":"standard","meta":{"footnotes":""},"categories":[2817],"tags":[1111,11,1997,1777,674,1011,27,5691,1305,12,2219,25],"class_list":{"0":"post-15009","1":"post","2":"type-post","3":"status-publish","4":"format-standard","5":"has-post-thumbnail","7":"category-bordeaux","8":"tag-actu","9":"tag-actualites","10":"tag-bordeaux","11":"tag-eu","12":"tag-europe","13":"tag-fr","14":"tag-france","15":"tag-guinguette","16":"tag-lifestyle","17":"tag-news","18":"tag-nouvelle-aquitaine","19":"tag-republique-francaise"},"share_on_mastodon":{"url":"https:\/\/pubeurope.com\/@fr\/114313805692865105","error":""},"_links":{"self":[{"href":"https:\/\/www.europesays.com\/fr\/wp-json\/wp\/v2\/posts\/15009","targetHints":{"allow":["GET"]}}],"collection":[{"href":"https:\/\/www.europesays.com\/fr\/wp-json\/wp\/v2\/posts"}],"about":[{"href":"https:\/\/www.europesays.com\/fr\/wp-json\/wp\/v2\/types\/post"}],"author":[{"embeddable":true,"href":"https:\/\/www.europesays.com\/fr\/wp-json\/wp\/v2\/users\/2"}],"replies":[{"embeddable":true,"href":"https:\/\/www.europesays.com\/fr\/wp-json\/wp\/v2\/comments?post=15009"}],"version-history":[{"count":0,"href":"https:\/\/www.europesays.com\/fr\/wp-json\/wp\/v2\/posts\/15009\/revisions"}],"wp:featuredmedia":[{"embeddable":true,"href":"https:\/\/www.europesays.com\/fr\/wp-json\/wp\/v2\/media\/15010"}],"wp:attachment":[{"href":"https:\/\/www.europesays.com\/fr\/wp-json\/wp\/v2\/media?parent=15009"}],"wp:term":[{"taxonomy":"category","embeddable":true,"href":"https:\/\/www.europesays.com\/fr\/wp-json\/wp\/v2\/categories?post=15009"},{"taxonomy":"post_tag","embeddable":true,"href":"https:\/\/www.europesays.com\/fr\/wp-json\/wp\/v2\/tags?post=15009"}],"curies":[{"name":"wp","href":"https:\/\/api.w.org\/{rel}","templated":true}]}}