{"id":150093,"date":"2025-06-03T23:34:12","date_gmt":"2025-06-03T23:34:12","guid":{"rendered":"https:\/\/www.europesays.com\/fr\/150093\/"},"modified":"2025-06-03T23:34:12","modified_gmt":"2025-06-03T23:34:12","slug":"villeurbanne-lhomme-soupconne-davoir-brule-un-coran-interpelle","status":"publish","type":"post","link":"https:\/\/www.europesays.com\/fr\/150093\/","title":{"rendered":"Villeurbanne : l\u2019homme soup\u00e7onn\u00e9 d\u2019avoir brul\u00e9 un Coran interpell\u00e9"},"content":{"rendered":"<p class=\"paragraph text_align_left\">Un homme <a href=\"https:\/\/www.leparisien.fr\/faits-divers\/on-est-angoisse-ca-fait-mal-au-coeur-stupeur-a-la-mosquee-de-villeurbanne-ou-un-inconnu-a-brule-un-coran-03-06-2025-MTPXAHOUABHKJOJQR2F6C3RUCM.php\" target=\"_blank\" rel=\"noreferrer nofollow noopener\">soup\u00e7onn\u00e9 d\u2019avoir brul\u00e9 un Coran dans une mosqu\u00e9e de Villeurbanne<\/a>, pr\u00e8s de Lyon, dans la nuit de dimanche \u00e0 lundi, a \u00e9t\u00e9 interpell\u00e9 mardi soir et plac\u00e9 en garde \u00e0 vue, a appris l\u2019AFP aupr\u00e8s du parquet de Lyon et de source polici\u00e8re. Le suspect, un majeur dont l\u2019\u00e2ge n\u2019a pas \u00e9t\u00e9 pr\u00e9cis\u00e9, qualifi\u00e9 de \u00ab psychologiquement fragile \u00bb, a \u00e9t\u00e9 interpell\u00e9 peu avant 21 heures, selon la m\u00eame source.<\/p>\n<p class=\"paragraph text_align_left\">Dans la nuit de dimanche \u00e0 lundi, peu avant la premi\u00e8re pri\u00e8re du matin, \u00ab un individu \u00e0 visage d\u00e9couvert s\u2019est introduit dans la salle de pri\u00e8re, s\u2019est empar\u00e9 d\u2019un exemplaire du Coran, l\u2019a incendi\u00e9 puis l\u2019a d\u00e9pos\u00e9 \u00e0 l\u2019ext\u00e9rieur de l\u2019\u00e9difice avant de prendre la fuite \u00bb, avait annonc\u00e9 mardi le Conseil des mosqu\u00e9es du Rh\u00f4ne (CMR) dans un communiqu\u00e9.<\/p>\n<p>Une enqu\u00eate pour \u00ab d\u00e9gradation ou d\u00e9t\u00e9rioration par un moyen dangereux pour les personnes, commise en raison de la race, l\u2019ethnie, la nation ou la religion \u00bb<\/p>\n<p class=\"paragraph text_align_left\">Cet homme est entr\u00e9 dans la mosqu\u00e9e vers 03h45 et a eu un \u00e9change avec un fid\u00e8le qui lui a demand\u00e9 d\u2019enlever ses chaussures, a pr\u00e9cis\u00e9 \u00e0 l\u2019AFP une source polici\u00e8re. Il n\u2019y a pas eu de violence mais en ressortant, il s\u2019est empar\u00e9 d\u2019un Coran mis \u00e0 disposition des fid\u00e8les et \u00ab l\u2019aurait br\u00fbl\u00e9 dans la rue \u00bb, a-t-elle ajout\u00e9. Il n\u2019y a pas eu d\u2019appel \u00e0 la police, qui a d\u00e9couvert les faits parce que le tr\u00e9sorier de la mosqu\u00e9e a port\u00e9 plainte mardi, selon cette source.<\/p>\n<p class=\"paragraph text_align_left\">Le fid\u00e8le t\u00e9moin de l\u2019incendie avait \u00e9teint les flammes sans donner l\u2019alerte parce qu\u2019il n\u2019avait pas r\u00e9alis\u00e9 ce qui s\u2019\u00e9tait pass\u00e9, a expliqu\u00e9 Kamel Kabtane, le recteur de la Grande mosqu\u00e9e de Lyon. Il en a finalement parl\u00e9 aux responsables qui ont consult\u00e9 ce mardi les images de vid\u00e9osurveillance et port\u00e9 plainte, a-t-il pr\u00e9cis\u00e9.<\/p>\n<p class=\"paragraph text_align_left\">L\u2019enqu\u00eate a \u00e9t\u00e9 confi\u00e9e \u00e0 la police pour \u00ab d\u00e9gradation ou d\u00e9t\u00e9rioration par un moyen dangereux pour les personnes, commise en raison de la race, l\u2019ethnie, la nation ou la religion \u00bb, a indiqu\u00e9 le parquet de Lyon \u00e0 l\u2019AFP. <\/p>\n<p class=\"lp-card-podcast-highlighting__title  lp-f-subtitle-05\">L\u2019enl\u00e8vement d\u2019\u00c9ric Peugeot, 4\u00a0ans, contre 1\u00a0million d\u2019euros (2\/2)<\/p>\n<p class=\"lp-card-podcast-highlighting__description lp-f-ui-05\">Crime story raconte chaque semaine les grandes affaires criminelles.<\/p>\n<p><a class=\"lp-card-podcast-highlighting__call-to-action\" data-page-type=\"HP\" data-block-name=\"podcast-highlight\">\u00c9couter<\/a><\/p>\n<p class=\"paragraph text_align_left\">En fin d\u2019apr\u00e8s-midi mardi, deux policiers en civil sont sortis de la mosqu\u00e9e Errahma (La Mis\u00e9ricorde, en arabe), un grand b\u00e2timent moderne aux murs beige clair orn\u00e9s de fen\u00eatres \u00e0 moucharabieh, ont constat\u00e9 des journalistes de l\u2019AFP.<\/p>\n<p>Les responsables de la mosqu\u00e9e d\u00e9noncent un \u00ab acte islamophobe \u00bb<\/p>\n<p class=\"paragraph text_align_left\">Il s\u2019agit d\u2019un \u00ab <a href=\"https:\/\/www.leparisien.fr\/politique\/meurtre-dans-une-mosquee-pourquoi-le-mot-islamophobie-ne-fait-pas-consensus-au-sein-du-gouvernement-28-04-2025-UIXPFG6X2RA6VM727QLR2WDAWI.php\" target=\"_blank\" rel=\"noreferrer nofollow noopener\">acte islamophobe<\/a> d\u2019une extr\u00eame gravit\u00e9 (&#8230;) dans un contexte d\u00e9j\u00e0 marqu\u00e9 par les violences \u00e0 l\u2019encontre de notre communaut\u00e9 \u00bb, ont d\u00e9nonc\u00e9 les responsables de la mosqu\u00e9e Errahma sur son site internet. Les d\u00e9put\u00e9s LFI du Rh\u00f4ne Idir Boumertit et Gabriel Amard, comme le maire socialiste de Villeurbanne C\u00e9dric Van Styvendael, ont \u00e9galement condamn\u00e9 \u00ab un acte islamophobe \u00bb.<\/p>\n<p class=\"paragraph text_align_left\">\u00ab Nous assurons nos concitoyens musulmans dans le Rh\u00f4ne de toute l\u2019attention de l\u2019\u00c9tat et de son soutien face aux actes haineux dont ils sont la cible \u00bb, a d\u00e9clar\u00e9 dans un communiqu\u00e9 la pr\u00e9f\u00e8te de la r\u00e9gion Auvergne-Rh\u00f4ne-Alpes, Fabienne Buccio, en assurant \u00eatre en contact \u00ab avec les repr\u00e9sentants de la communaut\u00e9 pour prendre les mesures de s\u00e9curit\u00e9 n\u00e9cessaires \u00bb.<\/p>\n<p class=\"paragraph text_align_left\">Invoquant une \u00ab profanation odieuse \u00bb et une \u00ab atteinte grave \u00e0 la dignit\u00e9 des fid\u00e8les et aux principes fondamentaux de notre r\u00e9publique \u00bb, le CMR, instance f\u00e9d\u00e9rative qui regroupe les lieux de culte musulmans du d\u00e9partement du Rh\u00f4ne, appelle les autorit\u00e9s \u00e0 \u00ab tout mettre en oeuvre pour identifier l\u2019auteur de cet acte et engager des poursuites exemplaires \u00bb.<\/p>\n<p>Un \u00ab climat de plus en plus hostile aux citoyens de confession musulmane \u00bb<\/p>\n<p class=\"paragraph text_align_left\">Le CMR \u00e9voque \u00ab une s\u00e9rie d\u2019agressions haineuses \u00bb et un \u00ab climat de plus en plus hostile aux citoyens de confession musulmane \u00bb, en faisant r\u00e9f\u00e9rence au meurtre du jeune Malien Aboubakar Ciss\u00e9, tu\u00e9 de 57 coups de couteau le 25 avril dans la mosqu\u00e9e Khadidja de la Grande-Combe, dans le Gard, <a href=\"https:\/\/www.leparisien.fr\/faits-divers\/comment-peut-on-faire-preuve-dune-telle-rage-la-colere-de-la-cousine-dhichem-victime-dun-crime-raciste-03-06-2025-KSNS4HOOMFA6XOOHWSS5OWE4FU.php\" target=\"_blank\" rel=\"noreferrer nofollow noopener\">et celui samedi d\u2019un Tunisien tu\u00e9 par balles \u00e0 Puget-sur-Argens<\/a>, dans le Var.<\/p>\n<p class=\"paragraph text_align_left\">Un crime \u00ab pr\u00e9m\u00e9dit\u00e9 \u00bb, \u00ab clairement raciste \u00bb et \u00ab probablement antimusulman \u00bb, selon le ministre de l\u2019Int\u00e9rieur Bruno Retailleau. Le Parquet national antiterroriste (Pnat) s\u2019est d\u2019ailleurs saisi de l\u2019enqu\u00eate, menant pour la premi\u00e8re fois des investigations sur un homicide raciste li\u00e9 \u00e0 l\u2019ultradroite.<\/p>\n<p class=\"paragraph text_align_left\">Les trois premiers mois de 2025 ont enregistr\u00e9 une augmentation des actes antimusulmans de 72% par rapport \u00e0 la m\u00eame p\u00e9riode en 2024, avec 79 cas recens\u00e9s, selon un d\u00e9compte du minist\u00e8re de l\u2019Int\u00e9rieur.<\/p>\n","protected":false},"excerpt":{"rendered":"Un homme soup\u00e7onn\u00e9 d\u2019avoir brul\u00e9 un Coran dans une mosqu\u00e9e de Villeurbanne, pr\u00e8s de Lyon, dans la nuit&hellip;\n","protected":false},"author":2,"featured_media":150094,"comment_status":"","ping_status":"","sticky":false,"template":"","format":"standard","meta":{"footnotes":""},"categories":[1888],"tags":[1111,1928,11,1927,459,1777,674,118,1011,27,12,1926,626,1925,25],"class_list":{"0":"post-150093","1":"post","2":"type-post","3":"status-publish","4":"format-standard","5":"has-post-thumbnail","7":"category-paris","8":"tag-actu","9":"tag-actu-paris","10":"tag-actualites","11":"tag-actualites-paris","12":"tag-departements-horsidfo","13":"tag-eu","14":"tag-europe","15":"tag-faits-divers","16":"tag-fr","17":"tag-france","18":"tag-news","19":"tag-news-paris","20":"tag-paris","21":"tag-paris-news","22":"tag-republique-francaise"},"share_on_mastodon":{"url":"https:\/\/pubeurope.com\/@fr\/114622055249966055","error":""},"_links":{"self":[{"href":"https:\/\/www.europesays.com\/fr\/wp-json\/wp\/v2\/posts\/150093","targetHints":{"allow":["GET"]}}],"collection":[{"href":"https:\/\/www.europesays.com\/fr\/wp-json\/wp\/v2\/posts"}],"about":[{"href":"https:\/\/www.europesays.com\/fr\/wp-json\/wp\/v2\/types\/post"}],"author":[{"embeddable":true,"href":"https:\/\/www.europesays.com\/fr\/wp-json\/wp\/v2\/users\/2"}],"replies":[{"embeddable":true,"href":"https:\/\/www.europesays.com\/fr\/wp-json\/wp\/v2\/comments?post=150093"}],"version-history":[{"count":0,"href":"https:\/\/www.europesays.com\/fr\/wp-json\/wp\/v2\/posts\/150093\/revisions"}],"wp:featuredmedia":[{"embeddable":true,"href":"https:\/\/www.europesays.com\/fr\/wp-json\/wp\/v2\/media\/150094"}],"wp:attachment":[{"href":"https:\/\/www.europesays.com\/fr\/wp-json\/wp\/v2\/media?parent=150093"}],"wp:term":[{"taxonomy":"category","embeddable":true,"href":"https:\/\/www.europesays.com\/fr\/wp-json\/wp\/v2\/categories?post=150093"},{"taxonomy":"post_tag","embeddable":true,"href":"https:\/\/www.europesays.com\/fr\/wp-json\/wp\/v2\/tags?post=150093"}],"curies":[{"name":"wp","href":"https:\/\/api.w.org\/{rel}","templated":true}]}}