{"id":150099,"date":"2025-06-03T23:37:10","date_gmt":"2025-06-03T23:37:10","guid":{"rendered":"https:\/\/www.europesays.com\/fr\/150099\/"},"modified":"2025-06-03T23:37:10","modified_gmt":"2025-06-03T23:37:10","slug":"volee-au-musee-grevin-la-statue-demmanuel-macron-a-ete-deposee-devant-le-siege-dedf","status":"publish","type":"post","link":"https:\/\/www.europesays.com\/fr\/150099\/","title":{"rendered":"vol\u00e9e au mus\u00e9e Gr\u00e9vin, la statue d&rsquo;Emmanuel Macron a \u00e9t\u00e9 d\u00e9pos\u00e9e devant le si\u00e8ge d&rsquo;EDF"},"content":{"rendered":"<p>La statue d&rsquo;<a href=\"https:\/\/www.ledauphine.com\/p\/emmanuel-macron\" target=\"_blank\" rel=\"nofollow noopener\">Emmanuel Macron<\/a> va pouvoir retrouver sa place au mus\u00e9e Gr\u00e9vin. L&rsquo;ONG Greenpeace a rendu mardi soir la statue en cire du pr\u00e9sident de la R\u00e9publique, <a href=\"https:\/\/www.ledauphine.com\/insolite\/2025\/06\/02\/musee-grevin-la-statue-d-emmanuel-macron-a-ete-volee\" target=\"_blank\" rel=\"nofollow noopener\">d\u00e9rob\u00e9e la veille dans l&rsquo;institution parisienne<\/a>. Des militants l&rsquo;ont d\u00e9pos\u00e9 devant le si\u00e8ge d&rsquo;EDF \u00e0 Paris afin de d\u00e9noncer les liens \u00e9conomiques, notamment sur l&rsquo;\u00e9nergie, entre la France avec la Russie.<\/p>\n<p>\u00ab On est venu ramener la statue d&rsquo;Emmanuel Macron parce que comme on l&rsquo;avait promis d\u00e8s le d\u00e9but c&rsquo;est un emprunt \u00bb, a d\u00e9clar\u00e9 \u00e0 l&rsquo;AFP Jean-Fran\u00e7ois Julliard, directeur g\u00e9n\u00e9ral de Greenpeace France, \u00e0 proximit\u00e9 du si\u00e8ge d&rsquo;EDF dans le centre de Paris. \u00ab On a pr\u00e9venu \u00e0 la fois la direction du mus\u00e9e Gr\u00e9vin et les forces de l&rsquo;ordre. C&rsquo;est \u00e0 eux de venir la r\u00e9cup\u00e9rer \u00bb, a-t-il dit.<\/p>\n<p>Une action devant l&rsquo;ambassade russe lundi<\/p>\n<p>La statue a \u00e9t\u00e9 amen\u00e9e peu apr\u00e8s 23 heures dans un coffre dont elle a \u00e9t\u00e9 sortie quelques minutes pour \u00eatre expos\u00e9e sur le parvis devant le si\u00e8ge du groupe \u00e9nerg\u00e9tique, avec une pancarte de l&rsquo;ONG avec l&rsquo;inscription \u00ab Poutine-Macron Alli\u00e9s radioactifs \u00bb.<\/p>\n<p>Le si\u00e8ge d&rsquo;EDF a \u00e9t\u00e9 choisi \u00ab pour mettre Macron en face de ses responsabilit\u00e9s dans le commerce entretenu avec la Russie notamment dans la fili\u00e8re nucl\u00e9aire \u00bb, a expliqu\u00e9 Jean-Fran\u00e7ois Julliard.<\/p>\n<p>Ce contenu est bloqu\u00e9 car vous n&rsquo;avez pas accept\u00e9 les cookies et autres traceurs.<\/p>\n<p>En cliquant sur \u00ab J\u2019accepte \u00bb, les cookies et autres traceurs seront d\u00e9pos\u00e9s et vous pourrez visualiser les contenus  (<a href=\"\" class=\"consentModule_policy\" target=\"_blank\" title=\"Consulter la politique de protection des donn\u00e9es du fournisseur\">plus d&rsquo;informations<\/a>).<\/p>\n<p>En cliquant sur \u00ab J\u2019accepte tous les cookies \u00bb, vous autorisez des d\u00e9p\u00f4ts de cookies et autres traceurs pour le stockage de vos donn\u00e9es sur nos sites et applications \u00e0 des fins de personnalisation et de ciblage publicitaire.<\/p>\n<p class=\"consentModule_secondaryText\">Vous gardez la possibilit\u00e9 de retirer votre consentement \u00e0 tout moment en consultant notre <a href=\"https:\/\/www.ledauphine.com\/protection-des-donnees\" target=\"_blank\" title=\"Consulter notre politique de protection des donn\u00e9es\" rel=\"nofollow noopener\">politique de protection des donn\u00e9es<\/a>. <br \/>&#13;<br \/>\n            <a href=\"https:\/\/www.ledauphine.com\/politique\/2025\/06\/04\/javascript:Didomi.notice.show()\" class=\"consentModule_cmp\" rel=\"nofollow noopener\" target=\"_blank\">G\u00e9rer mes choix<\/a>&#13;\n        <\/p>\n<p>&#13;<br \/>\n                        J&rsquo;accepte&#13;<br \/>\n            J&rsquo;accepte tous les cookies&#13;\n        <\/p>\n<p>La statue, d&rsquo;une valeur de 40 000 euros, avait \u00e9t\u00e9 vol\u00e9e la veille par des militants de Greenpeace qui l&rsquo;avaient ensuite d\u00e9pos\u00e9e devant l&rsquo;ambassade de Russie situ\u00e9e dans le XVIe arrondissement (ouest) de la capitale. L&rsquo;action devant l&rsquo;ambassade n&rsquo;avait dur\u00e9 que quelques minutes. Un drapeau russe avait \u00e9t\u00e9 d\u00e9ploy\u00e9 derri\u00e8re la statue d&rsquo;Emmanuel Macron et un militant de l&rsquo;ONG a brandi une pancarte jaune fluo portant l&rsquo;inscription \u00ab Business is business \u00bb. Des membres de Greenpeace avaient lanc\u00e9 de faux billets de banque.<\/p>\n<p>L&rsquo;ONG veut protester contre les liens \u00e9conomiques entre la France et la Russie dans les secteurs du gaz, des engrais chimiques et du nucl\u00e9aire. Pour Jean-Fran\u00e7ois Julliard, les entreprises fran\u00e7aises peuvent continuer \u00ab \u00e0 importer tout un tas de produits en provenance de Russie que ce soit de l&rsquo;uranium enrichi pour faire tourner les centrales nucl\u00e9aires fran\u00e7aises ou de l&rsquo;uranium naturel qui transite par le Kazakhstan et l&rsquo;Ouzb\u00e9kistan via la Russie ou du gaz naturel liqu\u00e9fi\u00e9 (&#8230;) ou des engrais chimiques \u00bb.<\/p>\n","protected":false},"excerpt":{"rendered":"La statue d&rsquo;Emmanuel Macron va pouvoir retrouver sa place au mus\u00e9e Gr\u00e9vin. L&rsquo;ONG Greenpeace a rendu mardi soir&hellip;\n","protected":false},"author":2,"featured_media":150100,"comment_status":"","ping_status":"","sticky":false,"template":"","format":"standard","meta":{"footnotes":""},"categories":[1888],"tags":[11,33,893,1777,674,107,1011,27,329,1757,12,626,316,25],"class_list":{"0":"post-150099","1":"post","2":"type-post","3":"status-publish","4":"format-standard","5":"has-post-thumbnail","7":"category-paris","8":"tag-actualites","9":"tag-economie","10":"tag-energie","11":"tag-eu","12":"tag-europe","13":"tag-fil-info","14":"tag-fr","15":"tag-france","16":"tag-france-monde","17":"tag-insolite","18":"tag-news","19":"tag-paris","20":"tag-politique","21":"tag-republique-francaise"},"share_on_mastodon":{"url":"https:\/\/pubeurope.com\/@fr\/114622067077884441","error":""},"_links":{"self":[{"href":"https:\/\/www.europesays.com\/fr\/wp-json\/wp\/v2\/posts\/150099","targetHints":{"allow":["GET"]}}],"collection":[{"href":"https:\/\/www.europesays.com\/fr\/wp-json\/wp\/v2\/posts"}],"about":[{"href":"https:\/\/www.europesays.com\/fr\/wp-json\/wp\/v2\/types\/post"}],"author":[{"embeddable":true,"href":"https:\/\/www.europesays.com\/fr\/wp-json\/wp\/v2\/users\/2"}],"replies":[{"embeddable":true,"href":"https:\/\/www.europesays.com\/fr\/wp-json\/wp\/v2\/comments?post=150099"}],"version-history":[{"count":0,"href":"https:\/\/www.europesays.com\/fr\/wp-json\/wp\/v2\/posts\/150099\/revisions"}],"wp:featuredmedia":[{"embeddable":true,"href":"https:\/\/www.europesays.com\/fr\/wp-json\/wp\/v2\/media\/150100"}],"wp:attachment":[{"href":"https:\/\/www.europesays.com\/fr\/wp-json\/wp\/v2\/media?parent=150099"}],"wp:term":[{"taxonomy":"category","embeddable":true,"href":"https:\/\/www.europesays.com\/fr\/wp-json\/wp\/v2\/categories?post=150099"},{"taxonomy":"post_tag","embeddable":true,"href":"https:\/\/www.europesays.com\/fr\/wp-json\/wp\/v2\/tags?post=150099"}],"curies":[{"name":"wp","href":"https:\/\/api.w.org\/{rel}","templated":true}]}}