{"id":150103,"date":"2025-06-03T23:39:14","date_gmt":"2025-06-03T23:39:14","guid":{"rendered":"https:\/\/www.europesays.com\/fr\/150103\/"},"modified":"2025-06-03T23:39:14","modified_gmt":"2025-06-03T23:39:14","slug":"lukraine-revendique-une-attaque-contre-le-pont-de-crimee-symbole-de-lannexion-russe","status":"publish","type":"post","link":"https:\/\/www.europesays.com\/fr\/150103\/","title":{"rendered":"L&rsquo;Ukraine revendique une attaque contre le pont de Crim\u00e9e, symbole de l&rsquo;annexion russe"},"content":{"rendered":"<p>Le service de s\u00e9curit\u00e9 d&rsquo;Ukraine (SBU) a revendiqu\u00e9 ce mardi 3 juin une nouvelle attaque contre le pont de Crim\u00e9e, qui relie la p\u00e9ninsule annex\u00e9e par Moscou au territoire russe, et a d\u00e9j\u00e0 \u00e9t\u00e9 vis\u00e9 \u00e0 deux reprises par Kiev depuis l&rsquo;invasion de 2022.<\/p>\n<p>\u00ab Des agents du SBU ont min\u00e9 les piliers de cette installation ill\u00e9gale. Et aujourd&rsquo;hui, sans faire de victime civile, le premier engin explosif a \u00e9t\u00e9 activ\u00e9 \u00e0 4h44 (1h44 TU) du matin ! \u00bb, s&rsquo;est f\u00e9licit\u00e9 le SBU dans un communiqu\u00e9. Le service de s\u00e9curit\u00e9 ukrainien a assur\u00e9 avoir inflig\u00e9 des \u00ab d\u00e9g\u00e2ts s\u00e9v\u00e8res \u00bb avec \u00ab 1 100 kg de TNT \u00bb \u00e0 \u00ab des piliers de soutien sous-marins \u00bb de la structure. Celle-ci serait, selon le SBU, dans un \u00ab \u00e9tat d&rsquo;urgence \u00bb. Le SBU a \u00e9galement publi\u00e9 une vid\u00e9o, non authentifi\u00e9e, montrant une explosion sous-marine pr\u00e8s d&rsquo;un pilier du pont.<\/p>\n<p>Pour l&rsquo;heure, l&rsquo;ampleur r\u00e9elle des destructions est toutefois incertaine. La circulation sur le pont a bien \u00e9t\u00e9 temporairement ferm\u00e9e entre 6h (3h TU) du matin et 9h (6h TU) ce mardi, a indiqu\u00e9 sur Telegram le compte officiel du gestionnaire de l&rsquo;ouvrage, sans mentionner la raison de cette suspension d&rsquo;environ trois heures.<\/p>\n<p>Atteindre le pont de Crim\u00e9e, un symbole puissant en Ukraine<\/p>\n<p>Inaugur\u00e9 en 2018, le pont de Crim\u00e9e, aussi appel\u00e9 pont du D\u00e9troit de Kertch, est un grand ouvrage de 19 kilom\u00e8tres de long. Pour le Kremlin, c&rsquo;est l&rsquo;un des symboles de l&rsquo;annexion de la p\u00e9ninsule ukrainienne en 2014. Et pour l&rsquo;<strong><a href=\"https:\/\/www.rfi.fr\/fr\/tag\/ukraine\/\" rel=\"nofollow noopener\" target=\"_blank\" data-ylk=\"slk:Ukraine;elm:context_link;itc:0;sec:content-canvas\" class=\"link \">Ukraine<\/a><\/strong>, c&rsquo;est une cible tr\u00e8s particuli\u00e8re, eu \u00e9gard \u00e0 cette annexion et \u00e0 l&rsquo;invasion russe commenc\u00e9e en f\u00e9vrier 2022.<\/p>\n<p><a href=\"https:\/\/www.rfi.fr\/fr\/europe\/20250603-l-ukraine-revendique-une-attaque-contre-le-pont-de-crim%C3%A9e-symbole-de-l-annexion-russe\" rel=\"nofollow noopener\" target=\"_blank\" data-ylk=\"slk:Lire la suite sur RFI;elm:context_link;itc:0;sec:content-canvas\" class=\"link \">Lire la suite sur RFI<\/a><\/p>\n","protected":false},"excerpt":{"rendered":"Le service de s\u00e9curit\u00e9 d&rsquo;Ukraine (SBU) a revendiqu\u00e9 ce mardi 3 juin une nouvelle attaque contre le pont&hellip;\n","protected":false},"author":2,"featured_media":150104,"comment_status":"","ping_status":"","sticky":false,"template":"","format":"standard","meta":{"footnotes":""},"categories":[1590],"tags":[11,13469,1777,674,12,17040,12680,220],"class_list":{"0":"post-150103","1":"post","2":"type-post","3":"status-publish","4":"format-standard","5":"has-post-thumbnail","7":"category-ukraine","8":"tag-actualites","9":"tag-crimee","10":"tag-eu","11":"tag-europe","12":"tag-news","13":"tag-sbu","14":"tag-service-de-securite","15":"tag-ukraine"},"share_on_mastodon":{"url":"https:\/\/pubeurope.com\/@fr\/114622074903474552","error":""},"_links":{"self":[{"href":"https:\/\/www.europesays.com\/fr\/wp-json\/wp\/v2\/posts\/150103","targetHints":{"allow":["GET"]}}],"collection":[{"href":"https:\/\/www.europesays.com\/fr\/wp-json\/wp\/v2\/posts"}],"about":[{"href":"https:\/\/www.europesays.com\/fr\/wp-json\/wp\/v2\/types\/post"}],"author":[{"embeddable":true,"href":"https:\/\/www.europesays.com\/fr\/wp-json\/wp\/v2\/users\/2"}],"replies":[{"embeddable":true,"href":"https:\/\/www.europesays.com\/fr\/wp-json\/wp\/v2\/comments?post=150103"}],"version-history":[{"count":0,"href":"https:\/\/www.europesays.com\/fr\/wp-json\/wp\/v2\/posts\/150103\/revisions"}],"wp:featuredmedia":[{"embeddable":true,"href":"https:\/\/www.europesays.com\/fr\/wp-json\/wp\/v2\/media\/150104"}],"wp:attachment":[{"href":"https:\/\/www.europesays.com\/fr\/wp-json\/wp\/v2\/media?parent=150103"}],"wp:term":[{"taxonomy":"category","embeddable":true,"href":"https:\/\/www.europesays.com\/fr\/wp-json\/wp\/v2\/categories?post=150103"},{"taxonomy":"post_tag","embeddable":true,"href":"https:\/\/www.europesays.com\/fr\/wp-json\/wp\/v2\/tags?post=150103"}],"curies":[{"name":"wp","href":"https:\/\/api.w.org\/{rel}","templated":true}]}}