{"id":150119,"date":"2025-06-03T23:47:10","date_gmt":"2025-06-03T23:47:10","guid":{"rendered":"https:\/\/www.europesays.com\/fr\/150119\/"},"modified":"2025-06-03T23:47:10","modified_gmt":"2025-06-03T23:47:10","slug":"lassemblee-unanime-pour-une-reconnaissance-de-la-france-envers-les-rapatries-dindochine","status":"publish","type":"post","link":"https:\/\/www.europesays.com\/fr\/150119\/","title":{"rendered":"L&rsquo;Assembl\u00e9e unanime pour une reconnaissance de la France envers les rapatri\u00e9s d&rsquo;Indochine"},"content":{"rendered":"<p class=\"fig-paragraph\">Les d\u00e9put\u00e9s ont approuv\u00e9 \u00e0 l&rsquo;unanimit\u00e9 mardi 3 juin un texte transpartisan pour une reconnaissance de la France envers les rapatri\u00e9s d&rsquo;<a href=\"http:\/\/www.lefigaro.fr\/histoire\/l-indochine-la-vie-et-la-mort-d-un-empire-20240406\" target=\"_blank\" data-fig-type=\"Article\" rel=\"noopener\" data-gtm-custom-categorie=\"navigation\" data-gtm-custom-action=\"crossclick\" data-gtm-custom-label=\"Contextuel\" data-gtm-event=\"customEventSPE\" data-fig-domain=\"LEFIGARO\">Indochine<\/a>, pr\u00e9voyant \u00e0 la fois une journ\u00e9e nationale d&rsquo;hommage et une proc\u00e9dure de r\u00e9paration financi\u00e8re pour les personnes accueillies dans des conditions indignes. Le texte vise \u00e0 r\u00e9parer \u00abun calvaire\u00bb d\u00e9but\u00e9 en 1954 apr\u00e8s les accords de Gen\u00e8ve marquant la fin de la guerre d&rsquo;Indochine, selon les mots du premier secr\u00e9taire du PS\u00a0<a href=\"http:\/\/www.lefigaro.fr\/politique\/olivier-faure-joue-sa-survie-a-la-tete-du-ps-dans-un-congres-a-suspense-20250526\" target=\"_blank\" data-fig-type=\"Article\" rel=\"noopener\" data-gtm-custom-categorie=\"navigation\" data-gtm-custom-action=\"crossclick\" data-gtm-custom-label=\"Contextuel\" data-gtm-event=\"customEventSPE\" data-fig-domain=\"LEFIGARO\">Olivier Faure<\/a>, auteur du texte. Le texte a \u00e9t\u00e9 adopt\u00e9 par les 231 d\u00e9put\u00e9s votants, de LFI au RN. Il ira d\u00e9sormais au S\u00e9nat.<\/p>\n<p class=\"fig-paragraph\">\u00abCelui de ces suppl\u00e9tifs de l&rsquo;arm\u00e9e fran\u00e7aise, de ces fonctionnaires de police, de l&rsquo;administration p\u00e9nitentiaire, de ces travailleurs de comptoir que l&rsquo;on appelait encore indig\u00e8nes, devenus \u00e9trangers dans leur pays d&rsquo;origine pour avoir servi la France. Alors il faut les rapatrier\u00bb, a \u00e9grain\u00e9 \u00e0 la tribune le rapporteur du texte, cosign\u00e9 par une centaine de d\u00e9put\u00e9s de LFI \u00e0 LR (les d\u00e9put\u00e9s RN et ciottistes ont longuement reproch\u00e9 au d\u00e9put\u00e9 de ne pas les avoir inclus). \u00abLa France s&rsquo;est comport\u00e9e en puissance coloniale\u00bb avec eux, a insist\u00e9 Olivier Faure, d\u00e9peignant des conditions de vie \u00abindignes\u00bb, dans des \u00abcamps dirig\u00e9s par d&rsquo;anciens cadres coloniaux\u00bb. \u00abBarri\u00e8res, barbel\u00e9s, couvre-feu, salut au drapeau, autorisation pour les visites, pour les entr\u00e9es, pour les sorties&#8230;\u00bb, a \u00e9num\u00e9r\u00e9 le d\u00e9put\u00e9, lui-m\u00eame d&rsquo;origine vietnamienne.<\/p>\n<p>\u00abIndignit\u00e9\u00bb<\/p>\n<p class=\"fig-paragraph\">Le texte dispose que \u00abla Nation exprime sa reconnaissance envers les rapatri\u00e9s d&rsquo;Indochine\u00bb, et reconna\u00eet \u00abl&rsquo;indignit\u00e9\u00bb de leurs \u00abconditions d&rsquo;accueil\u00bb. Il \u00e9tend \u00e9galement la journ\u00e9e nationale d&rsquo;hommage aux morts pour la France en Indochine, le 8 juin, \u00abaux combattants, militaires et membres des formations suppl\u00e9tives, ainsi qu&rsquo;aux rapatri\u00e9s\u00bb. Surtout, le texte ouvre la voie \u00e0 une \u00abr\u00e9paration des pr\u00e9judices\u00bb r\u00e9sultant des conditions d&rsquo;accueils des rapatri\u00e9s, en tenant notamment compte de la dur\u00e9e du s\u00e9jour dans les structures d&rsquo;accueil. Les personnes concern\u00e9es sont celles qui ont s\u00e9journ\u00e9 \u00abentre le 22 juillet 1954 et le 31 d\u00e9cembre 1975\u00bb dans ces structures. Une date qui a suscit\u00e9 les plus vifs d\u00e9saccords.<\/p>\n<p class=\"fig-paragraph\">En soutien de l&rsquo;essentiel du texte, la ministre d\u00e9l\u00e9gu\u00e9e aux anciens combattants Patricia Miralles a insist\u00e9 pour ramener la date butoir au 1er janvier 1966. Date \u00e0 laquelle \u00abl&rsquo;\u00c9tat passe d&rsquo;une logique de contrainte \u00e0 une logique d&rsquo;accompagnement social\u00bb, a-t-elle soutenu. \u00abCeux qui ont v\u00e9cu dans ces centres d&rsquo;h\u00e9bergement nous disent que l&rsquo;assouplissement vient au mitan des ann\u00e9es 70. La date de 75 se justifie pleinement\u00bb, a r\u00e9torqu\u00e9 Olivier Faure. La d\u00e9put\u00e9e RN St\u00e9phanie Galzy a elle accus\u00e9 le gouvernement de se livrer \u00e0 une \u00abrecherche d&rsquo;\u00e9conomies (qui) frise l&rsquo;ind\u00e9cence\u00bb, accusations rejet\u00e9es par la ministre et des d\u00e9put\u00e9s du bloc central. L&rsquo;amendement gouvernemental a \u00e9t\u00e9 repouss\u00e9 par les oppositions, qui ont maintenu la date de 1975.<\/p>\n","protected":false},"excerpt":{"rendered":"Les d\u00e9put\u00e9s ont approuv\u00e9 \u00e0 l&rsquo;unanimit\u00e9 mardi 3 juin un texte transpartisan pour une reconnaissance de la France&hellip;\n","protected":false},"author":2,"featured_media":150120,"comment_status":"","ping_status":"","sticky":false,"template":"","format":"standard","meta":{"footnotes":""},"categories":[4],"tags":[1111,47,11,1109,1112,118,1108,107,1106,1107,1011,27,13704,1110,1114,14,12,1113,316,25],"class_list":{"0":"post-150119","1":"post","2":"type-post","3":"status-publish","4":"format-standard","5":"has-post-thumbnail","7":"category-france","8":"tag-actu","9":"tag-actualite","10":"tag-actualites","11":"tag-breves","12":"tag-depeches","13":"tag-faits-divers","14":"tag-fil","15":"tag-fil-info","16":"tag-flash","17":"tag-flash-actu","18":"tag-fr","19":"tag-france","20":"tag-indochine","21":"tag-informations","22":"tag-infos","23":"tag-international","24":"tag-news","25":"tag-nouvelles","26":"tag-politique","27":"tag-republique-francaise"},"share_on_mastodon":{"url":"https:\/\/pubeurope.com\/@fr\/114622106333273924","error":""},"_links":{"self":[{"href":"https:\/\/www.europesays.com\/fr\/wp-json\/wp\/v2\/posts\/150119","targetHints":{"allow":["GET"]}}],"collection":[{"href":"https:\/\/www.europesays.com\/fr\/wp-json\/wp\/v2\/posts"}],"about":[{"href":"https:\/\/www.europesays.com\/fr\/wp-json\/wp\/v2\/types\/post"}],"author":[{"embeddable":true,"href":"https:\/\/www.europesays.com\/fr\/wp-json\/wp\/v2\/users\/2"}],"replies":[{"embeddable":true,"href":"https:\/\/www.europesays.com\/fr\/wp-json\/wp\/v2\/comments?post=150119"}],"version-history":[{"count":0,"href":"https:\/\/www.europesays.com\/fr\/wp-json\/wp\/v2\/posts\/150119\/revisions"}],"wp:featuredmedia":[{"embeddable":true,"href":"https:\/\/www.europesays.com\/fr\/wp-json\/wp\/v2\/media\/150120"}],"wp:attachment":[{"href":"https:\/\/www.europesays.com\/fr\/wp-json\/wp\/v2\/media?parent=150119"}],"wp:term":[{"taxonomy":"category","embeddable":true,"href":"https:\/\/www.europesays.com\/fr\/wp-json\/wp\/v2\/categories?post=150119"},{"taxonomy":"post_tag","embeddable":true,"href":"https:\/\/www.europesays.com\/fr\/wp-json\/wp\/v2\/tags?post=150119"}],"curies":[{"name":"wp","href":"https:\/\/api.w.org\/{rel}","templated":true}]}}