{"id":150121,"date":"2025-06-03T23:50:14","date_gmt":"2025-06-03T23:50:14","guid":{"rendered":"https:\/\/www.europesays.com\/fr\/150121\/"},"modified":"2025-06-03T23:50:14","modified_gmt":"2025-06-03T23:50:14","slug":"super-xiii-sebastien-maris-retrouve-les-baroudeurs-de-pia-rugby-a-xiii","status":"publish","type":"post","link":"https:\/\/www.europesays.com\/fr\/150121\/","title":{"rendered":"Super XIII &#8211; S\u00e9bastien Maris retrouve les Baroudeurs de Pia &#8211; Rugby \u00e0 XIII"},"content":{"rendered":"<p style=\"text-align: justify;\"><strong>Retour \u00e0 la maison pour S\u00e9bastien Maris qui signe \u00e0 Pia et endosse un tout nouveau r\u00f4le : directeur sportif en charge de la formation.<\/strong><\/p>\n<p style=\"text-align: justify;\">Le d\u00e9veloppement continue pour les Baroudeurs de Pia. Apr\u00e8s son retour au plus haut niveau fran\u00e7ais en 2023, les Pianencs ne cessent d\u2019\u00e9voluer et de se structurer, pas \u00e0 pas, ann\u00e9e apr\u00e8s ann\u00e9e. Entraineur des U19 de Saint-Est\u00e8ve XIII Catalan la saison pass\u00e9e, S\u00e9bastien Maris dispose d\u2019un joli CV. Pass\u00e9 par Ille XIII, Palau ou Baho, il a surtout grandement contribu\u00e9 au sacre et \u00e0 la mont\u00e9e de Pia en tant qu\u2019adjoint de Thomas Valette.<\/p>\n<p style=\"text-align: justify;\">\u00c0 Pia, S\u00e9bastien Maris va endosser une toute nouvelle casquette. Celle de directeur sportif en charge de la formation. Depuis le retour en Super XIII, les Baroudeurs veulent s\u2019inscrire parmi les meilleurs clubs en termes de formation.<\/p>\n<p style=\"text-align: justify;\">Parmi les diff\u00e9rentes missions que le club salanquais lui ont attribu\u00e9es : structurer une politique de formation de l\u2019\u00e9cole de rugby jusqu\u2019aux U19, lancer une \u00e9quipe U17, et collaborer \u00e9troitement avec l\u2019\u00e9quipe premi\u00e8re pour donner leur chance aux jeunes espoirs montant du club.<\/p>\n<blockquote class=\"instagram-media\" data-instgrm-captioned=\"\" data-instgrm-permalink=\"https:\/\/www.instagram.com\/p\/DKZPLi7oAZi\/?utm_source=ig_embed&amp;utm_campaign=loading\" data-instgrm-version=\"14\" style=\" background:#FFF; border:0; border-radius:3px; box-shadow:0 0 1px 0 rgba(0,0,0,0.5),0 1px 10px 0 rgba(0,0,0,0.15); margin: 1px; max-width:500px; min-width:326px; padding:0; width:99.375%; width:-webkit-calc(100% - 2px); width:calc(100% - 2px);\">\n<\/blockquote>\n<p><strong>Treize Mondial<br \/><a href=\"https:\/\/www.facebook.com\/13Mondial\" target=\"_blank\" rel=\"noopener nofollow\"><img loading=\"lazy\" decoding=\"async\" class=\"alignnone wp-image-217097\" src=\"https:\/\/www.europesays.com\/fr\/wp-content\/uploads\/2025\/04\/logo-facebook.png\" alt=\"\" width=\"40\" height=\"40\"  \/><\/a> <a href=\"https:\/\/twitter.com\/XIIIMondial\" target=\"_blank\" rel=\"noopener nofollow\"><img loading=\"lazy\" decoding=\"async\" class=\"alignnone wp-image-217098\" src=\"https:\/\/www.europesays.com\/fr\/wp-content\/uploads\/2025\/04\/logo-twitter.png\" alt=\"\" width=\"39\" height=\"39\"  \/><\/a><\/strong><\/p>\n<p>        <script async src=\"https:\/\/platform.twitter.com\/widgets.js\" charset=\"utf-8\"><\/script><script async src=\"\/\/www.instagram.com\/embed.js\"><\/script><\/p>\n","protected":false},"excerpt":{"rendered":"Retour \u00e0 la maison pour S\u00e9bastien Maris qui signe \u00e0 Pia et endosse un tout nouveau r\u00f4le :&hellip;\n","protected":false},"author":2,"featured_media":150122,"comment_status":"","ping_status":"","sticky":false,"template":"","format":"standard","meta":{"footnotes":""},"categories":[1416],"tags":[1011,27,16661,479,2228,1468,2229,27948,60,2231],"class_list":{"0":"post-150121","1":"post","2":"type-post","3":"status-publish","4":"format-standard","5":"has-post-thumbnail","7":"category-rugby","8":"tag-fr","9":"tag-france","10":"tag-pia","11":"tag-rugby","12":"tag-rugby-a-xiii","13":"tag-rugby-football","14":"tag-rugby-league","15":"tag-sebastien-maris","16":"tag-sports","17":"tag-super-xiii"},"share_on_mastodon":{"url":"https:\/\/pubeurope.com\/@fr\/114622118307104057","error":""},"_links":{"self":[{"href":"https:\/\/www.europesays.com\/fr\/wp-json\/wp\/v2\/posts\/150121","targetHints":{"allow":["GET"]}}],"collection":[{"href":"https:\/\/www.europesays.com\/fr\/wp-json\/wp\/v2\/posts"}],"about":[{"href":"https:\/\/www.europesays.com\/fr\/wp-json\/wp\/v2\/types\/post"}],"author":[{"embeddable":true,"href":"https:\/\/www.europesays.com\/fr\/wp-json\/wp\/v2\/users\/2"}],"replies":[{"embeddable":true,"href":"https:\/\/www.europesays.com\/fr\/wp-json\/wp\/v2\/comments?post=150121"}],"version-history":[{"count":0,"href":"https:\/\/www.europesays.com\/fr\/wp-json\/wp\/v2\/posts\/150121\/revisions"}],"wp:featuredmedia":[{"embeddable":true,"href":"https:\/\/www.europesays.com\/fr\/wp-json\/wp\/v2\/media\/150122"}],"wp:attachment":[{"href":"https:\/\/www.europesays.com\/fr\/wp-json\/wp\/v2\/media?parent=150121"}],"wp:term":[{"taxonomy":"category","embeddable":true,"href":"https:\/\/www.europesays.com\/fr\/wp-json\/wp\/v2\/categories?post=150121"},{"taxonomy":"post_tag","embeddable":true,"href":"https:\/\/www.europesays.com\/fr\/wp-json\/wp\/v2\/tags?post=150121"}],"curies":[{"name":"wp","href":"https:\/\/api.w.org\/{rel}","templated":true}]}}