{"id":150141,"date":"2025-06-04T00:01:10","date_gmt":"2025-06-04T00:01:10","guid":{"rendered":"https:\/\/www.europesays.com\/fr\/150141\/"},"modified":"2025-06-04T00:01:10","modified_gmt":"2025-06-04T00:01:10","slug":"florent-pagny-et-carla-bruni-un-duo-a-venir-cest-non-et-le-coach-de-the-voice-explique-pourquoi","status":"publish","type":"post","link":"https:\/\/www.europesays.com\/fr\/150141\/","title":{"rendered":"Florent Pagny et Carla Bruni, un duo \u00e0 venir ? C&rsquo;est \u00ab\u00a0non\u00a0\u00bb, et le coach de \u00ab\u00a0The Voice\u00a0\u00bb explique pourquoi"},"content":{"rendered":"<p>      R\u00e9sum\u00e9<\/p>\n<p>Florent Pagny revient doucement avec un nouvel album apr\u00e8s son combat contre le cancer, tout en d\u00e9mentant une collaboration pr\u00e9vue avec Carla Bruni.<\/p>\n<p>        Sommaire<\/p>\n<p><a href=\"https:\/\/www.public.fr\/tag\/florent-pagny\" target=\"_blank\" rel=\"noopener\">Florent Pagny<\/a> en duo avec <a href=\"https:\/\/www.public.fr\/tag\/carla-bruni\" target=\"_blank\" rel=\"noopener\">Carla Bruni<\/a> ? Beaucoup en r\u00eavent mais le projet peut-il r\u00e9ellement voir le jour ? Nos confr\u00e8res de Nous Deux ont justement pos\u00e9 la question \u00e0 l\u2019un des principaux int\u00e9ress\u00e9s.<\/p>\n<p>Si une telle rumeur a vu le jour, c\u2019est aussi parce que l\u2019interpr\u00e8te de <strong>\u00ab\u00a0Ma libert\u00e9 de penser\u00a0\u00bb<\/strong> pr\u00e9pare son grand retour. Pour rappel, sa carri\u00e8re a d\u00fb \u00eatre mise en pause depuis janvier 2022. \u00c0 l\u2019\u00e9poque, <a href=\"https:\/\/www.public.fr\/je-ne-serai-pas-la-florent-pagny-lache-une-information-de-taille-sur-son-avenir-dans-the-voice\" target=\"_blank\" rel=\"noopener\">le coach de <strong>\u00ab\u00a0The Voice\u00a0\u00bb<\/strong><\/a> annon\u00e7ait une terrible nouvelle \u00e0 sa communaut\u00e9 : son cancer des poumons.<\/p>\n<p>Retour gagnant dans \u00ab\u00a0The Voice\u00a0\u00bb<\/p>\n<p>De fait, Florent Pagny a d\u00fb se r\u00e9soudre \u00e0 mettre sa carri\u00e8re entre parenth\u00e8se pour se concentrer sur son combat contre la maladie. Apr\u00e8s plusieurs ann\u00e9es de lutte, le chanteur assure se porter beaucoup mieux et faire reculer la maladie. Une situation qui lui permet de se tourner progressivement vers l\u2019avenir.<\/p>\n<p>C\u2019est pourquoi, les t\u00e9l\u00e9spectateurs de TF1 ont pu le retrouver dans la derni\u00e8re saison de <strong>\u00ab\u00a0The Voice\u00a0\u00bb<\/strong> il y a quelques mois. Un retour gagnant pour Florent Pagny qui a remport\u00e9 un nouveau troph\u00e9e gr\u00e2ce au trio Il Cello. Cela lui permettant d\u2019\u00eatre le plus titr\u00e9 du programme avec 6 victoires.<\/p>\n<p>Apr\u00e8s s\u2019\u00eatre concentr\u00e9 sur son r\u00f4le de coach dans <strong>\u00ab\u00a0The Voice\u00a0\u00bb<\/strong>, le chanteur de 63 ans peut \u00e0 pr\u00e9sent se reconcentrer sur ses projets. Et notamment son nouvel album, <strong>\u00ab\u00a0Grandeur nature\u00a0\u00bb<\/strong>, \u00e0 venir. Ses fans ont d\u2019ailleurs pu d\u00e9couvrir un premier extrait de ce projet.\u00a0<\/p>\n<p>Pas de duo entre Carla Bruni et Florent Pagny<\/p>\n<p>En effet, <strong>\u00ab\u00a0T\u2019aimer\u00a0\u00bb<\/strong>, une chanson \u00e9crite par Vianney, d\u00e9di\u00e9e \u00e0 la compagne de Florent Pagny, Azucena, a vu le jour. Un morceau qu\u2019il a pu \u00e9voquer lors de son r\u00e9cent entretien avec Nous Deux. <\/p>\n<p>Au cours de cette interview, le chanteur a \u00e9galement pu revenir sur une rumeur qui circule depuis quelques semaines. A savoir, <strong>une \u00e9ventuelle collaboration avec Carla Bruni.\u00a0<\/strong><\/p>\n<p>\u00ab\u00a0Depuis plusieurs semaines, une rumeur \u00e9voquait que la chanson\u00a0Lettre \u00e0 ma mort\u00a0\u00e9tait \u00e9crite par Carla Bruni, autour de son combat contre le cancer\u00a0\u00bb, notent nos confr\u00e8res de Voici. N\u00e9anmoins, le chanteur de 63 ans a d\u00e9menti les rumeurs \u00e0 ce sujet :<strong> \u00ab\u00a0Alors non, \u00e7a n\u2019a pas \u00e9t\u00e9 plus loin qu\u2019une proposition\u00a0\u00bb<\/strong>. De fait, aucune collaboration avec Carla Bruni n\u2019a eu lieu, m\u00eame si nombre de fans en auraient r\u00eav\u00e9.\u00a0<\/p>\n<p>      Mentionn\u00e9s dans cet article<\/p>\n<p>\u00c0 lire aussi<\/p>\n","protected":false},"excerpt":{"rendered":"R\u00e9sum\u00e9 Florent Pagny revient doucement avec un nouvel album apr\u00e8s son combat contre le cancer, tout en d\u00e9mentant&hellip;\n","protected":false},"author":2,"featured_media":150142,"comment_status":"","ping_status":"","sticky":false,"template":"","format":"standard","meta":{"footnotes":""},"categories":[1355],"tags":[12667,58,59,3109,1011,27,1361,873,3074],"class_list":{"0":"post-150141","1":"post","2":"type-post","3":"status-publish","4":"format-standard","5":"has-post-thumbnail","7":"category-musique","8":"tag-carla-bruni","9":"tag-divertissement","10":"tag-entertainment","11":"tag-florent-pagny","12":"tag-fr","13":"tag-france","14":"tag-music","15":"tag-musique","16":"tag-the-voice"},"share_on_mastodon":{"url":"https:\/\/pubeurope.com\/@fr\/114622161543228767","error":""},"_links":{"self":[{"href":"https:\/\/www.europesays.com\/fr\/wp-json\/wp\/v2\/posts\/150141","targetHints":{"allow":["GET"]}}],"collection":[{"href":"https:\/\/www.europesays.com\/fr\/wp-json\/wp\/v2\/posts"}],"about":[{"href":"https:\/\/www.europesays.com\/fr\/wp-json\/wp\/v2\/types\/post"}],"author":[{"embeddable":true,"href":"https:\/\/www.europesays.com\/fr\/wp-json\/wp\/v2\/users\/2"}],"replies":[{"embeddable":true,"href":"https:\/\/www.europesays.com\/fr\/wp-json\/wp\/v2\/comments?post=150141"}],"version-history":[{"count":0,"href":"https:\/\/www.europesays.com\/fr\/wp-json\/wp\/v2\/posts\/150141\/revisions"}],"wp:featuredmedia":[{"embeddable":true,"href":"https:\/\/www.europesays.com\/fr\/wp-json\/wp\/v2\/media\/150142"}],"wp:attachment":[{"href":"https:\/\/www.europesays.com\/fr\/wp-json\/wp\/v2\/media?parent=150141"}],"wp:term":[{"taxonomy":"category","embeddable":true,"href":"https:\/\/www.europesays.com\/fr\/wp-json\/wp\/v2\/categories?post=150141"},{"taxonomy":"post_tag","embeddable":true,"href":"https:\/\/www.europesays.com\/fr\/wp-json\/wp\/v2\/tags?post=150141"}],"curies":[{"name":"wp","href":"https:\/\/api.w.org\/{rel}","templated":true}]}}