{"id":150143,"date":"2025-06-04T00:02:12","date_gmt":"2025-06-04T00:02:12","guid":{"rendered":"https:\/\/www.europesays.com\/fr\/150143\/"},"modified":"2025-06-04T00:02:12","modified_gmt":"2025-06-04T00:02:12","slug":"ballerina-peak-season-trois-kilometres-jusqua-la-fin-du-monde-etc-ce-quil-faut-penser-des-6-sorties-cinema-de-ce-mercredi-4-juin-2025","status":"publish","type":"post","link":"https:\/\/www.europesays.com\/fr\/150143\/","title":{"rendered":"Ballerina, Peak Season, Trois kilom\u00e8tres jusqu&rsquo;\u00e0 la fin du monde,\u00a0etc.\u00a0: ce qu&rsquo;il faut penser des 6 sorties cin\u00e9ma de ce mercredi 4\u00a0juin 2025"},"content":{"rendered":"<p>2. Peak Season<\/p>\n<p class=\"ap-StoryElement ap-StoryElement--mb ap-StoryText\"><b>Com\u00e9die romantique de Steven Kanter et Henry Loevner. Avec Claudia Restrepo et D.J. DeBlasis. Dur\u00e9e : 1 h 22<\/b><\/p>\n<p>Ce que \u00e7a raconte<\/p>\n<p class=\"ap-StoryElement ap-StoryElement--mb ap-StoryText\">Laiss\u00e9e par son fianc\u00e9 retenu par le boulot \u00e0 New York lors de leurs vacances dans le Wyoming, Amy se rapproche d&rsquo;un guide de p\u00eache.<\/p>\n<p>Ce qu&rsquo;on en pense<\/p>\n<p class=\"ap-StoryElement ap-StoryElement--mb ap-StoryText\">Une com\u00e9die romantique aux accents m\u00e9lancoliques sur cette phase charni\u00e8re o\u00f9 on questionne ses choix de vie.<\/p>\n<p class=\"ap-StoryElement ap-StoryElement--mb ap-StoryText\"><b>Y EN A UN PEU PLUS, J&rsquo;VOUS L&rsquo;METS ? <\/b><a href=\"https:\/\/www.lavenir.net\/culture\/cinema\/2025\/06\/03\/peak-season-randos-et-sentiments-R564ILUSMVCKNFLAW7OWOYCPNE\/\" target=\"_blank\" rel=\"nofollow noopener\"><b>La critique compl\u00e8te, c&rsquo;est par ici<\/b><\/a><\/p>\n<p>3. Jeunes m\u00e8res<\/p>\n<p class=\"ap-StoryElement ap-StoryElement--mb ap-StoryText\"><b>Drame de Luc et Jean-Pierre Dardenne. Avec Babette Verbeek, Elsa Houben, Janaina Halloy Fokan, Lucie Laruelle et Samia Hilmi. Dur\u00e9e : 1 h 44<\/b><\/p>\n<p>Ce que \u00e7a raconte<\/p>\n<p class=\"ap-StoryElement ap-StoryElement--mb ap-StoryText\">Jessica, Julie, Ariane, Perla et Na\u00efma vivent dans la m\u00eame maison maternelle. Chacune a son parcours, mais ensemble, entour\u00e9es du personnel du lieu, elles apprennent \u00e0 g\u00e9rer \u00e0 leur fa\u00e7on l&rsquo;arriv\u00e9e de la maternit\u00e9.<\/p>\n<p>Ce qu&rsquo;on en pense<\/p>\n<p class=\"ap-StoryElement ap-StoryElement--mb ap-StoryText\">Pareil que les autres mais diff\u00e9rent, le nouveau Dardenne est un film choral doux et bienveillant. C&rsquo;est \u00e0 la fois un avantage, et un d\u00e9faut par endroits.<\/p>\n<p class=\"ap-StoryElement ap-StoryElement--mb ap-StoryText\"><b>Y EN A UN PEU PLUS, J&rsquo;VOUS L&rsquo;METS ? <\/b><a href=\"https:\/\/www.lavenir.net\/culture\/cinema\/2025\/06\/03\/jeunes-meres-la-force-douce-des-freres-dardenne-EBMLFX67FFENTHT757DPCAWCDU\/\" target=\"_blank\" rel=\"nofollow noopener\"><b>La critique compl\u00e8te, c&rsquo;est par ici<\/b><\/a><\/p>\n<p class=\"ap-StoryElement ap-StoryElement--mb ap-StoryText\"><b>\u00c0 LIRE AUSSI |<\/b> <a href=\"https:\/\/www.lavenir.net\/culture\/cinema\/2025\/06\/03\/les-dardenne-sortent-leur-nouveau-film-10-jours-apres-cannes-et-avec-toujours-leur-actrice-fetiche-dans-un-coin-de-la-tete-emilie-etait-avec-nous-22RTQ2U3ANCA3PYNH7NX74T26M\/\" target=\"_blank\" rel=\"nofollow noopener\"><b>L&rsquo;interview des fr\u00e8res Dardenne<\/b><\/a><\/p>\n<p>4. Trois kilom\u00e8tres jusqu&rsquo;\u00e0 la fin du monde<\/p>\n<p class=\"ap-StoryElement ap-StoryElement--mb ap-StoryText\"><b>Drame d&rsquo;Emanuel P\u00e2rvu. Avec Bogdan Dumitrache, Ciprian Chiujdea et Laura Vasiliu. Dur\u00e9e : 1 h 45<\/b><\/p>\n<p>Ce que \u00e7a raconte<\/p>\n<p class=\"ap-StoryElement ap-StoryElement--mb ap-StoryText\">\u00c0 17 ans, Adi voit son \u00e9t\u00e9 basculer apr\u00e8s une agression brutale dans son village du delta du Danube, r\u00e9v\u00e9lant les failles d&rsquo;une communaut\u00e9 o\u00f9 le silence p\u00e8se plus lourd que la violence.<\/p>\n<p>Ce qu&rsquo;on en pense<\/p>\n<p class=\"ap-StoryElement ap-StoryElement--mb ap-StoryText\">Ce film roumain saisissant explore avec subtilit\u00e9 l&rsquo;homophobie ordinaire et \u00e9touffante des villages traditionnels, port\u00e9 par une mise en sc\u00e8ne sobre qui m\u00eale beaut\u00e9 des paysages et violence sociale.<\/p>\n<p class=\"ap-StoryElement ap-StoryElement--mb ap-StoryText\"><b>Y EN A UN PEU PLUS, J&rsquo;VOUS L&rsquo;METS ? <\/b><a href=\"https:\/\/www.lavenir.net\/culture\/cinema\/2025\/06\/03\/trois-kilometres-jusqua-la-fin-du-monde-lhomophobie-ordinaire-dans-un-village-roumain-5ESYUSQ6KZAVFL7V6Q7VP2DP7Y\/\" target=\"_blank\" rel=\"nofollow noopener\"><b>La critique compl\u00e8te, c&rsquo;est par ici<\/b><\/a><\/p>\n<p>5. Le r\u00e9pondeur<\/p>\n<p class=\"ap-StoryElement ap-StoryElement--mb ap-StoryText\"><b>Com\u00e9die de Fabienne Godet. Avec Salif Ciss\u00e9 et Denis Podalyd\u00e8s. Dur\u00e9e : 1 h 42<\/b><\/p>\n<p>Ce que \u00e7a raconte<\/p>\n<p class=\"ap-StoryElement ap-StoryElement--mb ap-StoryText\">Exc\u00e9d\u00e9 par les appels incessants qui l&#8217;emp\u00eachent de se concentrer sur son nouveau livre, un \u00e9crivain engage un imitateur pour jouer les r\u00e9pondeurs.<\/p>\n<p>Ce qu&rsquo;on en pense<\/p>\n<p class=\"ap-StoryElement ap-StoryElement--mb ap-StoryText\">Un amusant jeu de dupes, qui ne force pas le trait en prenant le temps de d\u00e9velopper ses personnages secondaires.<\/p>\n<p>6. Hayao Miyazaki et le h\u00e9ron<\/p>\n<p class=\"ap-StoryElement ap-StoryElement--mb ap-StoryText\"><b>Documentaire de Kaku Arakawa. Dur\u00e9e : 2 h 00<\/b><\/p>\n<p>Ce que \u00e7a raconte<\/p>\n<p class=\"ap-StoryElement ap-StoryElement--mb ap-StoryText\">Pendant neuf ans, Hayao Miyazaki, cr\u00e9ateur du studio Ghibli, est sorti de sa retraite pour donner vie \u00e0 un dernier film, Le gar\u00e7on et le h\u00e9ron.<\/p>\n<p>Ce qu&rsquo;on en pense<\/p>\n<p class=\"ap-StoryElement ap-StoryElement--mb ap-StoryText\">Une plong\u00e9e \u00e9mouvante et intime dans le quotidien cr\u00e9atif du ma\u00eetre de l&rsquo;animation japonaise.<\/p>\n","protected":false},"excerpt":{"rendered":"2. Peak Season Com\u00e9die romantique de Steven Kanter et Henry Loevner. Avec Claudia Restrepo et D.J. DeBlasis. Dur\u00e9e&hellip;\n","protected":false},"author":2,"featured_media":150144,"comment_status":"","ping_status":"","sticky":false,"template":"","format":"standard","meta":{"footnotes":""},"categories":[1354],"tags":[27949,58,59,123,4651,1346,63,1011,27,10550,1360,27950,8363,27951,27952],"class_list":{"0":"post-150143","1":"post","2":"type-post","3":"status-publish","4":"format-standard","5":"has-post-thumbnail","7":"category-films","8":"tag-dames","9":"tag-divertissement","10":"tag-entertainment","11":"tag-espagne","12":"tag-femmes","13":"tag-films","14":"tag-football","15":"tag-fr","16":"tag-france","17":"tag-ladies","18":"tag-movies","19":"tag-spanje","20":"tag-voetbal","21":"tag-vrouwen","22":"tag-women"},"share_on_mastodon":{"url":"https:\/\/pubeurope.com\/@fr\/114622165370457254","error":""},"_links":{"self":[{"href":"https:\/\/www.europesays.com\/fr\/wp-json\/wp\/v2\/posts\/150143","targetHints":{"allow":["GET"]}}],"collection":[{"href":"https:\/\/www.europesays.com\/fr\/wp-json\/wp\/v2\/posts"}],"about":[{"href":"https:\/\/www.europesays.com\/fr\/wp-json\/wp\/v2\/types\/post"}],"author":[{"embeddable":true,"href":"https:\/\/www.europesays.com\/fr\/wp-json\/wp\/v2\/users\/2"}],"replies":[{"embeddable":true,"href":"https:\/\/www.europesays.com\/fr\/wp-json\/wp\/v2\/comments?post=150143"}],"version-history":[{"count":0,"href":"https:\/\/www.europesays.com\/fr\/wp-json\/wp\/v2\/posts\/150143\/revisions"}],"wp:featuredmedia":[{"embeddable":true,"href":"https:\/\/www.europesays.com\/fr\/wp-json\/wp\/v2\/media\/150144"}],"wp:attachment":[{"href":"https:\/\/www.europesays.com\/fr\/wp-json\/wp\/v2\/media?parent=150143"}],"wp:term":[{"taxonomy":"category","embeddable":true,"href":"https:\/\/www.europesays.com\/fr\/wp-json\/wp\/v2\/categories?post=150143"},{"taxonomy":"post_tag","embeddable":true,"href":"https:\/\/www.europesays.com\/fr\/wp-json\/wp\/v2\/tags?post=150143"}],"curies":[{"name":"wp","href":"https:\/\/api.w.org\/{rel}","templated":true}]}}