{"id":150145,"date":"2025-06-04T00:03:10","date_gmt":"2025-06-04T00:03:10","guid":{"rendered":"https:\/\/www.europesays.com\/fr\/150145\/"},"modified":"2025-06-04T00:03:10","modified_gmt":"2025-06-04T00:03:10","slug":"une-infection-respiratoire-aigue-26-residents-touches-dans-un-ehpad-de-baud","status":"publish","type":"post","link":"https:\/\/www.europesays.com\/fr\/150145\/","title":{"rendered":"\u00ab\u00a0Une infection respiratoire aigu\u00eb\u00a0\u00bb\u00a0: 26 r\u00e9sidents touch\u00e9s dans un Ehpad de Baud"},"content":{"rendered":"<p>\u00c0 Baud, depuis quelques jours, il se raconte que <a href=\"https:\/\/www.letelegramme.fr\/morbihan\/baud-56150\/spanle-clos-des-grands-chenesspan-un-ehpad-remarquable-1816300.php\" rel=\"nofollow noopener\" target=\"_blank\">l\u2019Ehpad Le clos des grands ch\u00eanes<\/a>, rue de Pont Augan, abriterait plusieurs cas de covid-19 qui l\u2019obligent \u00e0 se confiner. C\u2019est faux\u00a0: contact\u00e9e, l\u2019Agence r\u00e9gionale de sant\u00e9 nous confirme, par retour d\u2019e-mail, \u00ab\u00a0qu\u2019aucun cas de covid-19 n\u2019a \u00e9t\u00e9 diagnostiqu\u00e9 au sein de l\u2019Ehpad de Baud et que l\u2019\u00e9tablissement n\u2019est pas confin\u00e9\u00a0\u00bb. Toutefois, cette maison de retraite, cr\u00e9\u00e9e en 1949 \u00ab\u00a0compte 26 r\u00e9sidents touch\u00e9s par une infection respiratoire aigu\u00eb, avec des sympt\u00f4mes de toux\u00a0\u00bb, indique l\u2019agence. Le premier cas a \u00e9t\u00e9 enregistr\u00e9 le 19 mai. \u00ab\u00a0En r\u00e9ponse, les m\u00e9decins traitants des r\u00e9sidents ont mis en place une antibioth\u00e9rapie, d\u00e9voile l\u2019ARS. Le m\u00e9decin coordonnateur suit l\u2019\u00e9volution de la situation. Dans ce contexte, depuis le 20 mai, en lien avec une infirmi\u00e8re hygi\u00e9niste, les mesures suivantes ont \u00e9t\u00e9 prises\u00a0: les animations habituelles ont \u00e9t\u00e9 suspendues\u00a0; les r\u00e9sidents pr\u00e9sentant des sympt\u00f4mes prennent leur repas en chambre\u00a0; les visites des familles sont maintenues avec port du masque pr\u00e9conis\u00e9 mais non obligatoire\u00a0\u00bb.<\/p>\n","protected":false},"excerpt":{"rendered":"\u00c0 Baud, depuis quelques jours, il se raconte que l\u2019Ehpad Le clos des grands ch\u00eanes, rue de Pont&hellip;\n","protected":false},"author":2,"featured_media":150146,"comment_status":"","ping_status":"","sticky":false,"template":"","format":"standard","meta":{"footnotes":""},"categories":[10],"tags":[27953,829,13748,765,1011,27,72,3729,6099,71,572],"class_list":{"0":"post-150145","1":"post","2":"type-post","3":"status-publish","4":"format-standard","5":"has-post-thumbnail","7":"category-sante","8":"tag-baud","9":"tag-bretagne","10":"tag-dependance","11":"tag-en-continu","12":"tag-fr","13":"tag-france","14":"tag-health","15":"tag-morbihan","16":"tag-pontivy","17":"tag-sante","18":"tag-vieillesse"},"share_on_mastodon":{"url":"https:\/\/pubeurope.com\/@fr\/114622169307177491","error":""},"_links":{"self":[{"href":"https:\/\/www.europesays.com\/fr\/wp-json\/wp\/v2\/posts\/150145","targetHints":{"allow":["GET"]}}],"collection":[{"href":"https:\/\/www.europesays.com\/fr\/wp-json\/wp\/v2\/posts"}],"about":[{"href":"https:\/\/www.europesays.com\/fr\/wp-json\/wp\/v2\/types\/post"}],"author":[{"embeddable":true,"href":"https:\/\/www.europesays.com\/fr\/wp-json\/wp\/v2\/users\/2"}],"replies":[{"embeddable":true,"href":"https:\/\/www.europesays.com\/fr\/wp-json\/wp\/v2\/comments?post=150145"}],"version-history":[{"count":0,"href":"https:\/\/www.europesays.com\/fr\/wp-json\/wp\/v2\/posts\/150145\/revisions"}],"wp:featuredmedia":[{"embeddable":true,"href":"https:\/\/www.europesays.com\/fr\/wp-json\/wp\/v2\/media\/150146"}],"wp:attachment":[{"href":"https:\/\/www.europesays.com\/fr\/wp-json\/wp\/v2\/media?parent=150145"}],"wp:term":[{"taxonomy":"category","embeddable":true,"href":"https:\/\/www.europesays.com\/fr\/wp-json\/wp\/v2\/categories?post=150145"},{"taxonomy":"post_tag","embeddable":true,"href":"https:\/\/www.europesays.com\/fr\/wp-json\/wp\/v2\/tags?post=150145"}],"curies":[{"name":"wp","href":"https:\/\/api.w.org\/{rel}","templated":true}]}}