{"id":150149,"date":"2025-06-04T00:05:10","date_gmt":"2025-06-04T00:05:10","guid":{"rendered":"https:\/\/www.europesays.com\/fr\/150149\/"},"modified":"2025-06-04T00:05:10","modified_gmt":"2025-06-04T00:05:10","slug":"dans-koh-lanta-le-plus-grand-coup-de-bluff-de-lhistoire-du-jeu-a-surtout-beaucoup-decu","status":"publish","type":"post","link":"https:\/\/www.europesays.com\/fr\/150149\/","title":{"rendered":"Dans \u00ab\u00a0Koh-Lanta\u00a0\u00bb, le \u00ab\u00a0plus grand coup de bluff\u00a0de l\u2019histoire\u00a0\u00bb du jeu a surtout beaucoup d\u00e9\u00e7u"},"content":{"rendered":"<p>        <img decoding=\"async\" loading=\"lazy\" src=\"https:\/\/www.europesays.com\/fr\/wp-content\/uploads\/2025\/06\/1fbd4cb_sirius-fs-upload-1-vtkpcrskimye-1748985444826-gsbfmahwyaae6zo.jfif.jpeg\"  width=\"728\" height=\"409\" alt=\"Les fans de \u00ab\u00a0Koh-Lanta\u00a0: La Revanche des 4\u00a0Terres\u00a0\u00bb attendaient avec impatience l\u2019\u00e9pisode diffus\u00e9, ce mardi 3\u00a0juin, sur TF1, avec un \u00ab\u00a0coup de bluff\u00a0\u00bb historique.\"\/>  <\/p>\n<p>\u00ab\u00a0Koh-Lanta\u00a0\u00bb<\/p>\n<p>Les fans de \u00ab\u00a0Koh-Lanta\u00a0: La Revanche des 4\u00a0Terres\u00a0\u00bb attendaient avec impatience l\u2019\u00e9pisode diffus\u00e9, ce mardi 3\u00a0juin, sur TF1, avec un \u00ab\u00a0coup de bluff\u00a0\u00bb historique.<\/p>\n<p class=\"asset asset-text\">DIVERTISSEMENT &#8211; \u00ab\u00a0C\u2019est \u00e7a le <a href=\"https:\/\/www.huffingtonpost.fr\/divertissement\/article\/dans-koh-lanta-le-coup-de-bluff-de-rudy-a-anime-la-soiree-spoiler_216170.html\" target=\"_blank\" rel=\"noopener\">coup de bluff<\/a>\u00a0?\u00a0\u00bb Les fans<a href=\"https:\/\/www.huffingtonpost.fr\/divertissement\/article\/koh-lanta-la-revanche-des-4-terres-cette-chute-exageree-d-adrien-a-attendri-les-fans-de-l-emission_249120.html\" target=\"_blank\" rel=\"noopener\"> Koh-Lanta\u00a0: La Revanche des 4 Terres <\/a>attendaient avec impatience l\u2019\u00e9pisode diffus\u00e9, ce mardi 3\u00a0juin au soir, sur TF1. Et pour cause, la production avait promis une soir\u00e9e sensationnelle, avec un \u00e9v\u00e8nement jamais vu dans l\u2019\u00e9mission de t\u00e9l\u00e9r\u00e9alit\u00e9. Mais beaucoup n\u2019ont justement pas \u00e9t\u00e9 \u00ab\u00a0bluff\u00e9s\u00a0\u00bb.<\/p>\n<p class=\"asset asset-text\">Dans cet \u00e9pisode, intitul\u00e9 pour l\u2019occasion \u00ab\u00a0Le pouvoir du collier\u00a0\u00bb, les candidats J\u00e9r\u00f4me (le Catalan) et Claire\u00a0ont \u00e9t\u00e9 mis \u00e0 l\u2019\u00e9preuve. Encore sur l\u2019\u00eele de l\u2019Exil, deux bo\u00eetes myst\u00e9rieuses, dont le contenant aura des cons\u00e9quences sur la suite de leur aventure, leur ont \u00e9t\u00e9 pr\u00e9sent\u00e9es. \u00ab\u00a0Claire et J\u00e9r\u00f4me vont devoir r\u00e9fl\u00e9chir. Ils peuvent pr\u00e9cipiter leur chute\u00a0\u00bb, avait pr\u00e9venu Denis Brogniart dans une vid\u00e9o teasing.<\/p>\n<p class=\"asset asset-text\">On d\u00e9couvre ce mardi soir que les bo\u00eetes de pandore contenaient chacune un collier d\u2019immunit\u00e9, qui leur permettrait de se prot\u00e9ger d\u2019un vote \u00e9liminatoire. Probl\u00e8me\u00a0: l\u2019un est vrai, l\u2019autre est faux. Un dilemme corn\u00e9lien se pose pour les deux aventuriers\u00a0: faut-il prendre le risque de prendre un objet qui s\u2019av\u00e8re inutile\u00a0?<\/p>\n<p>    Un \u00ab\u00a0faux\u00a0\u00bb collier qui rebat les cartes, mais qui ne convainc pas    <\/p>\n<p class=\"asset asset-text\">Rapidement, Jerome et Claire d\u00e9cident de prendre le risque. Avant m\u00eame de savoir que le collier est un faux, ils choisissent de faire croire aux autres candidats que leur collier est un vrai et qu\u2019il les prot\u00e8ge tous les deux de l\u2019\u00e9limination. Une strat\u00e9gie pens\u00e9e \u00e0 l\u2019avance qui va s\u2019av\u00e9rer payante.<\/p>\n<p class=\"asset asset-text\">Quand Claire sort le collier de son short et annonce fi\u00e8rement qu\u2019elle et J\u00e9r\u00f4me le Catalan sont intouchables, les trois ex-membres de la tribu de l\u2019Ouest (No\u00e9mie, Ma\u00ebl et J\u00e9r\u00f4me des Landes) se retrouvent sans voix. Effectivement, ils pr\u00e9voyaient de les \u00e9liminer. Le \u00ab\u00a0faux\u00a0\u00bb collier a donc bien rebattu les cartes du jeu.<\/p>\n<p class=\"asset asset-text\">Mais ce m\u00e9li-m\u00e9lo de vrais et de faux colliers a compl\u00e8tement perdu et d\u00e9\u00e7u certains t\u00e9l\u00e9spectateurs. Sur X (ex-Twitter), un internaute s\u2019indigne\u00a0: \u00ab\u00a0D\u00e9sol\u00e9 mais si le coup de bluff c\u2019est un faux collier donner par la prod c\u2019est hyperd\u00e9cevant.\u00a0\u00bb Tandis qu\u2019un autre regrette\u00a0: \u00ab\u00a0C\u2019est la prod qui a d\u00e9lib\u00e9r\u00e9ment mis en \u0153uvre ce coup de bluff. Ce n\u2019est ni naturel, ni authentique. C\u2019est calcul\u00e9 par la prod, et c\u2019est dommage.\u00a0\u00bb<\/p>\n<p> La lecture de ce contenu est susceptible d\u2019entra\u00eener un d\u00e9p\u00f4t de cookies de la part de l\u2019op\u00e9rateur tiers qui l\u2019h\u00e9berge. Compte-tenu des choix que vous avez exprim\u00e9s en mati\u00e8re de d\u00e9p\u00f4t de cookies, nous avons bloqu\u00e9 l\u2019affichage de ce contenu. Si vous souhaitez y acc\u00e9der, vous devez accepter la cat\u00e9gorie de cookies \u201cContenus tiers\u201d en cliquant sur le bouton ci-dessous. <\/p>\n<p> Lire la Vid\u00e9o        <\/p>\n<p class=\"asset asset-text\">\u00ab\u00a0C\u2019est un simple retournement de situation\u2026. D\u00e9\u00e7ue\u00a0\u00bb, souligne une utilisatrice du r\u00e9seau social d\u2019Elon Musk. Un autre r\u00e9sume\u00a0: \u00ab\u00a0Tout le monde s\u2019attendait \u00e0 un truc de ouf et on est tous d\u00e9\u00e7us\u00a0\u00bb.<\/p>\n<p class=\"asset asset-text\">D\u2019autres conc\u00e8dent que c\u2019est un \u00ab\u00a0coup de bluff\u00a0\u00bb mais que c\u2019est loin d\u2019\u00eatre le plus gros coup de poker vu dans Koh-Lanta. Beaucoup citent, par exemple, le collier d\u2019immunit\u00e9 imaginaire de Setha pour sauver C\u00e9line dans\u00a0Koh-Lanta, le totem maudit en 2022.<\/p>\n<p class=\"asset asset-text\">Le producteur de l\u2019\u00e9mission, Julien Magne, s\u2019est justifi\u00e9 aupr\u00e8s de Diverto\u00a0: \u00ab\u00a0Avec Denis Brogniart, on a pes\u00e9 les termes et ce n\u2019est pas du tout galvaud\u00e9\u00a0\u00bb. Et se d\u00e9fend\u00a0: \u00ab\u00a0Ce qui en fait son c\u00f4t\u00e9 spectaculaire, c\u2019est justement le grand \u00e9cart entre le point de d\u00e9part et le point d\u2019arriv\u00e9e, o\u00f9 ils ont les cartes en main et ils d\u00e9cident de leur propre avenir, comme de celui des autres aventuriers.\u00a0\u00bb \u00c0 voir si ce faux collier r\u00e9servera d\u2019autres rebondissements aux prochains \u00e9pisodes\u2026<\/p>\n","protected":false},"excerpt":{"rendered":"\u00ab\u00a0Koh-Lanta\u00a0\u00bb Les fans de \u00ab\u00a0Koh-Lanta\u00a0: La Revanche des 4\u00a0Terres\u00a0\u00bb attendaient avec impatience l\u2019\u00e9pisode diffus\u00e9, ce mardi 3\u00a0juin, sur&hellip;\n","protected":false},"author":2,"featured_media":150150,"comment_status":"","ping_status":"","sticky":false,"template":"","format":"standard","meta":{"footnotes":""},"categories":[8],"tags":[58,59,1011,27,680,252,199],"class_list":{"0":"post-150149","1":"post","2":"type-post","3":"status-publish","4":"format-standard","5":"has-post-thumbnail","7":"category-divertissement","8":"tag-divertissement","9":"tag-entertainment","10":"tag-fr","11":"tag-france","12":"tag-koh-lanta","13":"tag-television","14":"tag-tf1"},"share_on_mastodon":{"url":"https:\/\/pubeurope.com\/@fr\/114622177351242679","error":""},"_links":{"self":[{"href":"https:\/\/www.europesays.com\/fr\/wp-json\/wp\/v2\/posts\/150149","targetHints":{"allow":["GET"]}}],"collection":[{"href":"https:\/\/www.europesays.com\/fr\/wp-json\/wp\/v2\/posts"}],"about":[{"href":"https:\/\/www.europesays.com\/fr\/wp-json\/wp\/v2\/types\/post"}],"author":[{"embeddable":true,"href":"https:\/\/www.europesays.com\/fr\/wp-json\/wp\/v2\/users\/2"}],"replies":[{"embeddable":true,"href":"https:\/\/www.europesays.com\/fr\/wp-json\/wp\/v2\/comments?post=150149"}],"version-history":[{"count":0,"href":"https:\/\/www.europesays.com\/fr\/wp-json\/wp\/v2\/posts\/150149\/revisions"}],"wp:featuredmedia":[{"embeddable":true,"href":"https:\/\/www.europesays.com\/fr\/wp-json\/wp\/v2\/media\/150150"}],"wp:attachment":[{"href":"https:\/\/www.europesays.com\/fr\/wp-json\/wp\/v2\/media?parent=150149"}],"wp:term":[{"taxonomy":"category","embeddable":true,"href":"https:\/\/www.europesays.com\/fr\/wp-json\/wp\/v2\/categories?post=150149"},{"taxonomy":"post_tag","embeddable":true,"href":"https:\/\/www.europesays.com\/fr\/wp-json\/wp\/v2\/tags?post=150149"}],"curies":[{"name":"wp","href":"https:\/\/api.w.org\/{rel}","templated":true}]}}