{"id":150155,"date":"2025-06-04T00:08:12","date_gmt":"2025-06-04T00:08:12","guid":{"rendered":"https:\/\/www.europesays.com\/fr\/150155\/"},"modified":"2025-06-04T00:08:12","modified_gmt":"2025-06-04T00:08:12","slug":"moscou-ne-sattend-a-aucune-avancee-rapide-dans-le-reglement-du-conflit-en-ukraine-03-06-2025-a-2146","status":"publish","type":"post","link":"https:\/\/www.europesays.com\/fr\/150155\/","title":{"rendered":"Moscou ne s&rsquo;attend \u00e0 aucune \u00ab\u00a0avanc\u00e9e\u00a0\u00bb rapide dans le r\u00e8glement du conflit en Ukraine &#8211; 03\/06\/2025 \u00e0 21:46"},"content":{"rendered":"<p>        <img fetchpriority=\"high\" decoding=\"async\" src=\"https:\/\/www.europesays.com\/fr\/wp-content\/uploads\/2025\/06\/6fa57a9ea00b87fe5dde32c60e903bdf-760x507.jpg\" alt=\"Des membres des d\u00e9l\u00e9gations ukrainienne (d), russe (g) et turque (c) le 2 juin 2025 \u00e0 Istanbul ( AFP \/ Adem ALTAN )\" loading=\"eager\" width=\"760\" height=\"507\" style=\"max-width: 100%!important; height: auto;\"\/><\/p>\n<p class=\"c-image-news__legend\">Des membres des d\u00e9l\u00e9gations ukrainienne (d), russe (g) et turque (c) le 2 juin 2025 \u00e0 Istanbul ( AFP \/ Adem ALTAN )<\/p>\n<p>\n Pas de solution \u00ab\u00a0imm\u00e9diate\u00a0\u00bb \u00e0 l&rsquo;horizon: le Kremlin a \u00e9cart\u00e9 mardi tout r\u00e8glement \u00e0 court terme du conflit arm\u00e9 en Ukraine, au lendemain de nouveaux pourparlers russo-ukrainiens peu fructueux \u00e0 Istanbul.\n<\/p>\n<p>\n L&rsquo;Ukraine a de son c\u00f4t\u00e9 accus\u00e9 Moscou d&rsquo;avoir pr\u00e9sent\u00e9 lors de ces n\u00e9gociations des demandes maximalistes, estimant qu&rsquo;il s&rsquo;agissait d'\u00a0\u00bbultimatums d\u00e9j\u00e0 connus\u00a0\u00bb qui \u00ab\u00a0ne font pas avancer la situation vers une paix v\u00e9ritable\u00a0\u00bb.\n<\/p>\n<p>\n Alors que l&rsquo;arm\u00e9e russe, plus nombreuse et mieux \u00e9quip\u00e9e, a l&rsquo;avantage, Kiev accuse depuis des mois la Russie de faire tra\u00eener les n\u00e9gociations de paix, car Moscou refuse sa demande d&rsquo;une tr\u00eave inconditionnelle, estimant qu&rsquo;elle permettrait \u00e0 l&rsquo;Ukraine de reprendre des forces avec l&rsquo;aide de ses alli\u00e9s occidentaux.\n<\/p>\n<p>\n \u00ab\u00a0Il serait erron\u00e9 d&rsquo;attendre des d\u00e9cisions et des avanc\u00e9es imm\u00e9diates\u00a0\u00bb, a tranch\u00e9 mardi le porte-parole de la pr\u00e9sidence russe, Dmitri Peskov.\n<\/p>\n<p>\n \u00ab\u00a0La question du r\u00e8glement est extr\u00eamement complexe et comporte de nombreuses nuances\u00a0\u00bb, a-t-il ajout\u00e9, rappelant que Moscou souhaitait avant tout \u00ab\u00a0\u00e9liminer les causes profondes du conflit\u00a0\u00bb pour parvenir \u00e0 la paix.\n<\/p>\n<p>\n La Russie campe sur ses positions, \u00e0 savoir la cession par Kiev de quatre r\u00e9gions qu&rsquo;elle occupe partiellement, en plus de la Crim\u00e9e annex\u00e9e en 2014, et que l&rsquo;Ukraine renonce \u00e0 int\u00e9grer l&rsquo;Otan. Le pr\u00e9sident ukrainien Volodymyr Zelensky a parall\u00e8lement annonc\u00e9 que l&rsquo;Ukraine avait \u00e9t\u00e9 invit\u00e9e \u00e0 un sommet de l&rsquo;Alliance fin juin \u00e0 La Haye.\n<\/p>\n<p>\n Le chef de la diplomatie ukrainienne, Andri\u00ef Sybiga, a regrett\u00e9 mardi que \u00ab\u00a0le format d&rsquo;Istanbul se soit transform\u00e9 en r\u00e9unions sur les \u00e9changes de prisonniers de guerre\u00a0\u00bb, sans \u00ab\u00a0r\u00e9sultat tangible\u00a0\u00bb sur une fin de l&rsquo;offensive russe lanc\u00e9e en f\u00e9vrier 2022.\n<\/p>\n<p> &#8211; Exigences inconciliables &#8211;<\/p>\n<p>\n Lundi, Russes et Ukrainiens s&rsquo;\u00e9taient retrouv\u00e9s pour la deuxi\u00e8me fois en deux semaines \u00e0 Istanbul pour des discussions de paix directes, sous m\u00e9diation turque.\n<\/p>\n<p>\n Lors de cette r\u00e9union, la Russie a une nouvelle fois rejet\u00e9 la proposition de Kiev et des Europ\u00e9ens d&rsquo;instaurer un cessez-le-feu \u00ab\u00a0inconditionnel\u00a0\u00bb de 30 jours. Elle a propos\u00e9 en retour une tr\u00eave partielle de 2 ou 3 jours dans certains secteurs du front.\n<\/p>\n<p>        <img decoding=\"async\" src=\"https:\/\/www.europesays.com\/fr\/wp-content\/uploads\/2025\/06\/10156690ad94bc671d8609558564fbe6-760x507.jpg\" alt=\"Le ministre ukrainien de la D\u00e9fense Roustem Oumerov(G) lors d'une conf\u00e9rence de presse le 2 juin 2025 \u00e0 Istanbul ( AFP \/ Adem ALTAN )\" loading=\"eager\" width=\"760\" height=\"507\" style=\"max-width: 100%!important; height: auto;\"\/><\/p>\n<p class=\"c-image-news__legend\">Le ministre ukrainien de la D\u00e9fense Roustem Oumerov(G) lors d&rsquo;une conf\u00e9rence de presse le 2 juin 2025 \u00e0 Istanbul ( AFP \/ Adem ALTAN )<\/p>\n<p>\n Russes et Ukrainiens ont toutefois convenu d&rsquo;\u00e9changer tous leurs prisonniers de guerre de moins de 25 ans ou gri\u00e8vement bless\u00e9s, ainsi que des milliers de corps de soldats tu\u00e9s.\n<\/p>\n<p>\n En revanche, les exigences de chaque camp, sur le fond, semblent toujours aussi inconciliables.\n<\/p>\n<p>\n La d\u00e9l\u00e9gation russe a remis aux Ukrainiens un m\u00e9morandum, publi\u00e9 par les agences de presse russes. Moscou y demande \u00e0 Kiev de retirer ses troupes des quatre r\u00e9gions d&rsquo;Ukraine dont la Russie revendique l&rsquo;annexion, avant tout cessez-le-feu global.\n<\/p>\n<p>\n Ces conditions sont inacceptables pour l&rsquo;Ukraine, qui demande un retrait pur et simple des troupes russes de son territoire, ainsi que des garanties de s\u00e9curit\u00e9 concr\u00e8tes des Occidentaux.\n<\/p>\n<p>\n Kiev appelle Washington \u00e0 sanctionner davantage Moscou pour la \u00ab\u00a0contraindre\u00a0\u00bb \u00e0 accepter une tr\u00eave globale, mais Donald Trump a refus\u00e9 pour l&rsquo;heure de prendre de telles mesures, disant ne pas vouloir faire \u00e9chouer un potentiel accord.\n<\/p>\n<p>\n En l&rsquo;\u00e9tat, une rencontre entre Vladimir Poutine, Volodymyr Zelensky et Donald Trump est \u00ab\u00a0peu probable\u00a0\u00bb dans un avenir \u00ab\u00a0proche\u00a0\u00bb, selon M. Peskov.\n<\/p>\n<p>\n Une d\u00e9l\u00e9gation de hauts responsables ukrainiens se trouve mardi \u00e0 Washington pour discuter avec l&rsquo;administration Trump du \u00ab\u00a0soutien \u00e0 la d\u00e9fense\u00a0\u00bb de leur pays et de dossiers \u00e9conomiques, notamment le renforcement des sanctions contre Moscou, a annonc\u00e9 Kiev.\n<\/p>\n<p> &#8211; Ponts et trains vis\u00e9s &#8211;<\/p>\n<p>\n Sur le terrain, les frappes et attaques se poursuivent.\n<\/p>\n<p>\n Selon les autorit\u00e9s ukrainiennes, un bombardement russe a tu\u00e9 mardi deux civils dans un village de la r\u00e9gion de Kharkiv (nord-est), tandis qu&rsquo;au moins quatre autres sont morts lors d&rsquo;une frappe de roquettes sur la ville de Soumy (nord), qui a fait au moins 20 bless\u00e9s.\n<\/p>\n<p>\n La r\u00e9gion de Soumy, frontali\u00e8re de la Russie, est soumise \u00e0 une pression accrue depuis des semaines, Moscou disant vouloir y constituer une \u00ab\u00a0zone tampon\u00a0\u00bb pour pr\u00e9venir des incursions ukrainiennes.\n<\/p>\n<p>\n Mardi, l&rsquo;arm\u00e9e russe y a revendiqu\u00e9 la prise d&rsquo;une nouvelle localit\u00e9.\n<\/p>\n<p>\n L&rsquo;Ukraine continue de son c\u00f4t\u00e9 d&rsquo;entreprendre des op\u00e9rations en territoire russe. Mardi, elle a revendiqu\u00e9 une attaque \u00e0 l&rsquo;explosif contre le pont de Crim\u00e9e, ouvrage gigantesque d\u00e9j\u00e0 vis\u00e9 \u00e0 deux reprises par Kiev.\n<\/p>\n<p>\n Moscou a aussi accus\u00e9 mardi l&rsquo;Ukraine d&rsquo;\u00eatre \u00e0 l&rsquo;origine des explosions qui ont provoqu\u00e9 le week-end dernier l&rsquo;effondrement de deux ponts et des accidents de trains en Russie, qui ont fait sept morts et 113 bless\u00e9s, dont des enfants.\n<\/p>\n<p>\n Dimanche, l&rsquo;Ukraine avait men\u00e9 une attaque coordonn\u00e9e de drones contre plusieurs a\u00e9rodromes russes, jusqu&rsquo;en Sib\u00e9rie, assurant avoir touch\u00e9 de nombreux avions russes, dont des bombardiers strat\u00e9giques. Apr\u00e8s cette attaque d&rsquo;une complexit\u00e9 in\u00e9dite, les autorit\u00e9s russes n&rsquo;ont fait quasiment aucune d\u00e9claration.\n<\/p>\n<p>\n Interrog\u00e9 mardi sur le sujet, Dmitri Peskov a bott\u00e9 en touche, se contentant d&rsquo;appeler \u00e0 attendre les \u00ab\u00a0r\u00e9sultats de l&rsquo;enqu\u00eate\u00a0\u00bb et \u00e0 se r\u00e9f\u00e9rer aux communiqu\u00e9s du minist\u00e8re russe de la D\u00e9fense.<\/p>\n","protected":false},"excerpt":{"rendered":"Des membres des d\u00e9l\u00e9gations ukrainienne (d), russe (g) et turque (c) le 2 juin 2025 \u00e0 Istanbul (&hellip;\n","protected":false},"author":2,"featured_media":150156,"comment_status":"","ping_status":"","sticky":false,"template":"","format":"standard","meta":{"footnotes":""},"categories":[5],"tags":[400,11,398,408,405,1011,27,403,14,402,399,404,12,401,406,407,28],"class_list":{"0":"post-150155","1":"post","2":"type-post","3":"status-publish","4":"format-standard","5":"has-post-thumbnail","7":"category-international","8":"tag-action-cac-40","9":"tag-actualites","10":"tag-bourse-de-paris","11":"tag-boursorama","12":"tag-cotations","13":"tag-fr","14":"tag-france","15":"tag-indices-devises","16":"tag-international","17":"tag-investir","18":"tag-investissement","19":"tag-marche-boursier","20":"tag-news","21":"tag-sicav","22":"tag-trackers","23":"tag-warrants","24":"tag-world"},"share_on_mastodon":{"url":"https:\/\/pubeurope.com\/@fr\/114622189101094711","error":""},"_links":{"self":[{"href":"https:\/\/www.europesays.com\/fr\/wp-json\/wp\/v2\/posts\/150155","targetHints":{"allow":["GET"]}}],"collection":[{"href":"https:\/\/www.europesays.com\/fr\/wp-json\/wp\/v2\/posts"}],"about":[{"href":"https:\/\/www.europesays.com\/fr\/wp-json\/wp\/v2\/types\/post"}],"author":[{"embeddable":true,"href":"https:\/\/www.europesays.com\/fr\/wp-json\/wp\/v2\/users\/2"}],"replies":[{"embeddable":true,"href":"https:\/\/www.europesays.com\/fr\/wp-json\/wp\/v2\/comments?post=150155"}],"version-history":[{"count":0,"href":"https:\/\/www.europesays.com\/fr\/wp-json\/wp\/v2\/posts\/150155\/revisions"}],"wp:featuredmedia":[{"embeddable":true,"href":"https:\/\/www.europesays.com\/fr\/wp-json\/wp\/v2\/media\/150156"}],"wp:attachment":[{"href":"https:\/\/www.europesays.com\/fr\/wp-json\/wp\/v2\/media?parent=150155"}],"wp:term":[{"taxonomy":"category","embeddable":true,"href":"https:\/\/www.europesays.com\/fr\/wp-json\/wp\/v2\/categories?post=150155"},{"taxonomy":"post_tag","embeddable":true,"href":"https:\/\/www.europesays.com\/fr\/wp-json\/wp\/v2\/tags?post=150155"}],"curies":[{"name":"wp","href":"https:\/\/api.w.org\/{rel}","templated":true}]}}