{"id":150163,"date":"2025-06-04T00:12:21","date_gmt":"2025-06-04T00:12:21","guid":{"rendered":"https:\/\/www.europesays.com\/fr\/150163\/"},"modified":"2025-06-04T00:12:21","modified_gmt":"2025-06-04T00:12:21","slug":"saint-etienne-gael-perdriau-denonce-des-manoeuvres-pour-le-destabiliser","status":"publish","type":"post","link":"https:\/\/www.europesays.com\/fr\/150163\/","title":{"rendered":"Saint-Etienne : Ga\u00ebl Perdriau d\u00e9nonce des \u00ab\u00a0man\u0153uvres pour le d\u00e9stabiliser\u00a0\u00bb"},"content":{"rendered":"<p><img loading=\"lazy\" decoding=\"async\" alt=\"\u00a9 Fabrice Roure - Questionn\u00e9 sur ses intentions lors des municipales 2026, Ga\u00ebl Perdriau annonce que &quot;ce n'est pas l'heure de la campagne&quot;.\" data-zoom-src=\"https:\/\/www.europesays.com\/fr\/wp-content\/uploads\/2025\/06\/initial-gael-perdriau-saint-etienne-c-fabrice-roure.jpg\" data-zoomable=\"\" height=\"702\" src=\"https:\/\/www.europesays.com\/fr\/wp-content\/uploads\/2025\/06\/initial-gael-perdriau-saint-etienne-c-fabrice-roure.jpg\" width=\"1248\"\/>  <\/p>\n<p class=\"article-desc\">\u00a9 Fabrice Roure &#8211; Questionn\u00e9 sur ses intentions lors des municipales 2026, Ga\u00ebl Perdriau annonce que \u00ab\u00a0ce n&rsquo;est pas l&rsquo;heure de la campagne\u00a0\u00bb. <\/p>\n<p>Accus\u00e9e par un collectif d\u2019avoir vers\u00e9 270 000 euros par erreur entre 2018 et 2024 \u00e0 des <strong>\u00e9coles priv\u00e9es<\/strong> qui auraient \u00ab\u00a0par inadvertance\u00a0\u00bb d\u00e9clar\u00e9 un surplus d\u2019\u00e9l\u00e8ves scolaris\u00e9s, selon\u00a0Dominique Manin, adjointe au maire de <strong>Saint-\u00c9tienne<\/strong> en charge de l&rsquo;\u00e9ducation et de la jeunesse, la municipalit\u00e9 indique qu\u2019apr\u00e8s enqu\u00eate, il est impossible de remonter sur plusieurs ann\u00e9es pour v\u00e9rifier ces donn\u00e9es. <\/p>\n<p>En revanche, la Ville s\u2019est engag\u00e9e \u00e0 reverser pour cette ann\u00e9e, apr\u00e8s v\u00e9rification, la somme de 34 000 euros pr\u00e9vue initialement pour des \u00e9tablissements priv\u00e9s, aux \u00e9coles publiques de la Ville.\u00a0 <\/p>\n<p>\u00ab\u00a0Nous avons men\u00e9 l\u2019enqu\u00eate et sollicit\u00e9 \u00e0 la fois le directeur de l\u2019inspection d\u2019acad\u00e9mie et la direction dioc\u00e9saine. Cette derni\u00e8re a \u00e9t\u00e9 alert\u00e9e et une erreur humaine involontaire a \u00e9t\u00e9 faite sur une classe passerelle de petite maternelle. Notre participation n\u2019ayant pas \u00e9t\u00e9 vers\u00e9e, nous avons choisi de la reverser aux \u00e9coles publiques\u00a0\u00bb, expliquait Dominique Manin. <\/p>\n<p>Deux plaintes d\u00e9pos\u00e9es par la Ville de Saint-\u00c9tienne pour recel et divulgation d\u2019informations confidentielles <\/p>\n<p>Le maire<strong> Ga\u00ebl Perdriau<\/strong> charge l\u2019opposition qui se satisfait qu\u2019un \u00ab\u00a0lanceur d\u2019alerte\u00a0\u00bb, selon les propos d\u2019Isabelle Dumestre et Julie Tokhi, ait mis le doigt sur des malversations. \u00ab\u00a0La suspicion de 270 000 euros qui auraient \u00e9t\u00e9 d\u00e9tourn\u00e9s par les \u00e9coles priv\u00e9es avec la complicit\u00e9 de la mairie entre 2018 et 2024 est erron\u00e9e [\u2026]\u00a0\u00bb, explique le maire.<\/p>\n<p>Il d\u00e9fend : \u00ab\u00a0Un lanceur d\u2019alerte aurait d\u00fb directement informer sa hi\u00e9rarchie. Pourquoi une personne aurait attendu six ou sept ans pour transmettre l\u2019info \u00e0 un syndicat d\u2019enseignants et \u00e0 la presse ? Il n\u2019y a qu\u2019une personne \u00e0 l\u2019inspection d\u2019acad\u00e9mie qui peut disposer de ces chiffres et qui a pu les conserver d\u2019ann\u00e9e en ann\u00e9e : c\u2019est le chef de la division \u00e9l\u00e8ve. Je vous invite \u00e0 regarder qui occupait ce poste jusqu\u2019en 2022 et vous aurez la r\u00e9ponse \u00e0 plusieurs questions, d\u2019abord sur qui a collect\u00e9 ces informations et ne les a pas transmises \u00e0 sa hi\u00e9rarchie pour en faire un sujet politique, et vous verrez \u00e9galement que certains candidats aux \u00e9lections municipales sont pr\u00eats \u00e0 tout, y compris \u00e0 transgresser la loi pour atteindre leur objectif\u00a0\u00bb. <\/p>\n<p>V\u00e9rification faite, Ga\u00ebl Perdriau mettrait en cause C\u00e9cile Juanico, \u00e9pouse de R\u00e9gis Juanico, <a href=\"https:\/\/mesinfos.fr\/42000-saint-etienne\/municipales-2026-regis-juanico-tete-de-liste-du-parti-socialiste-a-saint-etienne-223009.html\" rel=\"noopener\" target=\"_blank\">t\u00eate de liste du Parti socialiste aux \u00e9lections municipales<\/a> de 2026 \u00e0 Saint-\u00c9tienne.\u00a0Ni l&rsquo;Acad\u00e9mie, ni R\u00e9gis Juanico n&rsquo;ont pour le moment r\u00e9pondu \u00e0 nos sollicitations.\u00a0<\/p>\n<p>Le maire affirme avoir d\u00e9pos\u00e9 deux plaintes \u00e0 ce sujet : une contre x pour diffusion d\u2019informations confidentielles et la seconde, contre x \u00e9galement, pour recel de ces informations. Car pour Ga\u00ebl Perdriau, \u00e0 dix mois des \u00e9lections municipales, il s\u2019agit d\u2019une \u00ab\u00a0man\u0153uvre politique\u00a0\u00bb qui sortirait \u00ab\u00a0\u00e0 point nomm\u00e9 pour [me] d\u00e9stabiliser\u00a0\u00bb.\u00a0 <\/p>\n<p>Ce n&rsquo;est \u00ab\u00a0pas encore l&rsquo;heure de la campagne\u00a0\u00bb pour Ga\u00ebl Perdriau <\/p>\n<p>S\u2019il affirme qu\u2019il n\u2019est pour lui \u00ab\u00a0pas encore l\u2019heure de la campagne\u00a0\u00bb, le maire est pris dans le courant des municipales et r\u00e9agit par ailleurs \u00e0 l\u2019<a href=\"https:\/\/mesinfos.fr\/42000-saint-etienne\/municipales-2026-la-droite-et-le-centre-s-unissent-a-saint-etienne-223172.html\" rel=\"noopener\" target=\"_blank\">union de la droite et du centre st\u00e9phanois<\/a> d\u00e9clarant : <\/p>\n<blockquote>\n<p>\u00ab\u00a0Le seul point commun des personnes qui constituent cette coalition contre-nature est leur volont\u00e9 d\u2019\u00e9liminer Perdriau. Mais \u00e9liminer un homme \u00e0 tout prix, \u00e7a ne fait pas un programme politique. C\u2019est un ch\u00e2teau de cartes qui va s\u2019\u00e9crouler. \u00catre sept ne leur suffira pas pour avoir ma peau\u00a0\u00bb.\u00a0 <\/p>\n<\/blockquote>\n","protected":false},"excerpt":{"rendered":"\u00a9 Fabrice Roure &#8211; Questionn\u00e9 sur ses intentions lors des municipales 2026, Ga\u00ebl Perdriau annonce que \u00ab\u00a0ce n&rsquo;est&hellip;\n","protected":false},"author":2,"featured_media":150164,"comment_status":"","ping_status":"","sticky":false,"template":"","format":"standard","meta":{"footnotes":""},"categories":[9653],"tags":[1111,11,2430,1777,674,1011,27,27954,3434,12,25,4001],"class_list":{"0":"post-150163","1":"post","2":"type-post","3":"status-publish","4":"format-standard","5":"has-post-thumbnail","7":"category-saint-etienne","8":"tag-actu","9":"tag-actualites","10":"tag-auvergne-rhone-alpes","11":"tag-eu","12":"tag-europe","13":"tag-fr","14":"tag-france","15":"tag-gau00ebl-perdriau","16":"tag-municipales-2026","17":"tag-news","18":"tag-republique-francaise","19":"tag-saint-etienne"},"share_on_mastodon":{"url":"https:\/\/pubeurope.com\/@fr\/114622204704429710","error":""},"_links":{"self":[{"href":"https:\/\/www.europesays.com\/fr\/wp-json\/wp\/v2\/posts\/150163","targetHints":{"allow":["GET"]}}],"collection":[{"href":"https:\/\/www.europesays.com\/fr\/wp-json\/wp\/v2\/posts"}],"about":[{"href":"https:\/\/www.europesays.com\/fr\/wp-json\/wp\/v2\/types\/post"}],"author":[{"embeddable":true,"href":"https:\/\/www.europesays.com\/fr\/wp-json\/wp\/v2\/users\/2"}],"replies":[{"embeddable":true,"href":"https:\/\/www.europesays.com\/fr\/wp-json\/wp\/v2\/comments?post=150163"}],"version-history":[{"count":0,"href":"https:\/\/www.europesays.com\/fr\/wp-json\/wp\/v2\/posts\/150163\/revisions"}],"wp:featuredmedia":[{"embeddable":true,"href":"https:\/\/www.europesays.com\/fr\/wp-json\/wp\/v2\/media\/150164"}],"wp:attachment":[{"href":"https:\/\/www.europesays.com\/fr\/wp-json\/wp\/v2\/media?parent=150163"}],"wp:term":[{"taxonomy":"category","embeddable":true,"href":"https:\/\/www.europesays.com\/fr\/wp-json\/wp\/v2\/categories?post=150163"},{"taxonomy":"post_tag","embeddable":true,"href":"https:\/\/www.europesays.com\/fr\/wp-json\/wp\/v2\/tags?post=150163"}],"curies":[{"name":"wp","href":"https:\/\/api.w.org\/{rel}","templated":true}]}}