{"id":150171,"date":"2025-06-04T00:17:10","date_gmt":"2025-06-04T00:17:10","guid":{"rendered":"https:\/\/www.europesays.com\/fr\/150171\/"},"modified":"2025-06-04T00:17:10","modified_gmt":"2025-06-04T00:17:10","slug":"previsions-du-mercredi-4-juin-2025-7","status":"publish","type":"post","link":"https:\/\/www.europesays.com\/fr\/150171\/","title":{"rendered":"pr\u00e9visions du mercredi 4 juin 2025"},"content":{"rendered":"<p>\u00c0 Montpellier, les temp\u00e9ratures seront de 19\u00b0C au plus bas et de 25\u00b0C au plus haut la journ\u00e9e. Un vent de sud-ouest soufflera un peu, avec 15 km\/h. Le soleil aura du mal \u00e0 percer au milieu des nuages qui perdureront dans la matin\u00e9e. Il va pleuvoir. Il va faire en moyenne 21\u00b0C. Le ciel sera relativement lumineux, avec quelques \u00e9claircies l&rsquo;apr\u00e8s-midi. Les temp\u00e9ratures vont conna\u00eetre une hausse de quelques degr\u00e9s. Les valeurs afficheront entre 24\u00b0C et 25\u00b0C. Le soir, le thermom\u00e8tre affichera 22\u00b0C en moyenne. Durant la nuit de mercredi \u00e0 jeudi, le ciel sera clair.<\/p>\n<p>Demain, les temp\u00e9ratures s&rsquo;\u00e9chelonneront entre 18 et 25\u00b0C \u00e0 Montpellier. Un modeste vent de nord-ouest sera ressenti par les habitants. Le matin, le soleil va peu \u00e0 peu remplacer les nuages. Les valeurs tourneront autour des 22\u00b0C. Un magnifique soleil va briller et ce, tout au long de l&rsquo;apr\u00e8s-midi. Les temp\u00e9ratures seront comprises entre 24 et 25\u00b0C. Demain soir, on pr\u00e9voit des valeurs avoisinant 22\u00b0C.<\/p>\n<p>Les jours passent et ne changent pas. Des temp\u00e9ratures dans les 22\u00b0C accompagneront un ciel ensoleill\u00e9.<\/p>\n<p><\/p>\n","protected":false},"excerpt":{"rendered":"\u00c0 Montpellier, les temp\u00e9ratures seront de 19\u00b0C au plus bas et de 25\u00b0C au plus haut la journ\u00e9e.&hellip;\n","protected":false},"author":2,"featured_media":150172,"comment_status":"","ping_status":"","sticky":false,"template":"","format":"standard","meta":{"footnotes":""},"categories":[9599],"tags":[1111,11,1777,674,1011,27,7089,2681,2208,12,2680,2119,25],"class_list":{"0":"post-150171","1":"post","2":"type-post","3":"status-publish","4":"format-standard","5":"has-post-thumbnail","7":"category-montpellier","8":"tag-actu","9":"tag-actualites","10":"tag-eu","11":"tag-europe","12":"tag-fr","13":"tag-france","14":"tag-herault","15":"tag-languedoc-roussillon","16":"tag-montpellier","17":"tag-news","18":"tag-occitanie","19":"tag-previsions-meteo","20":"tag-republique-francaise"},"share_on_mastodon":{"url":"https:\/\/pubeurope.com\/@fr\/114622224371508571","error":""},"_links":{"self":[{"href":"https:\/\/www.europesays.com\/fr\/wp-json\/wp\/v2\/posts\/150171","targetHints":{"allow":["GET"]}}],"collection":[{"href":"https:\/\/www.europesays.com\/fr\/wp-json\/wp\/v2\/posts"}],"about":[{"href":"https:\/\/www.europesays.com\/fr\/wp-json\/wp\/v2\/types\/post"}],"author":[{"embeddable":true,"href":"https:\/\/www.europesays.com\/fr\/wp-json\/wp\/v2\/users\/2"}],"replies":[{"embeddable":true,"href":"https:\/\/www.europesays.com\/fr\/wp-json\/wp\/v2\/comments?post=150171"}],"version-history":[{"count":0,"href":"https:\/\/www.europesays.com\/fr\/wp-json\/wp\/v2\/posts\/150171\/revisions"}],"wp:featuredmedia":[{"embeddable":true,"href":"https:\/\/www.europesays.com\/fr\/wp-json\/wp\/v2\/media\/150172"}],"wp:attachment":[{"href":"https:\/\/www.europesays.com\/fr\/wp-json\/wp\/v2\/media?parent=150171"}],"wp:term":[{"taxonomy":"category","embeddable":true,"href":"https:\/\/www.europesays.com\/fr\/wp-json\/wp\/v2\/categories?post=150171"},{"taxonomy":"post_tag","embeddable":true,"href":"https:\/\/www.europesays.com\/fr\/wp-json\/wp\/v2\/tags?post=150171"}],"curies":[{"name":"wp","href":"https:\/\/api.w.org\/{rel}","templated":true}]}}