{"id":150187,"date":"2025-06-04T00:30:12","date_gmt":"2025-06-04T00:30:12","guid":{"rendered":"https:\/\/www.europesays.com\/fr\/150187\/"},"modified":"2025-06-04T00:30:12","modified_gmt":"2025-06-04T00:30:12","slug":"estrosi-et-le-prefet-interdisent-le-bateau-de-greenpeace-pendant-le-sommet-de-lonu","status":"publish","type":"post","link":"https:\/\/www.europesays.com\/fr\/150187\/","title":{"rendered":"Estrosi et le pr\u00e9fet interdisent le bateau de Greenpeace pendant le sommet de l\u2019ONU"},"content":{"rendered":"<p><strong>tensions au sommet &#8211; Le bateau de Greenpeace, l\u2019Arctic Sunrise, a \u00e9t\u00e9 interdit d\u2019acc\u00e8s au port de Nice par les autorit\u00e9s, en marge du sommet de l\u2019ONU sur les oc\u00e9ans. L\u2019ONG d\u00e9nonce une \u00ab\u00a0d\u00e9cision politique\u00a0\u00bb.<\/strong><\/p>\n<p>L\u2019Arctic Sunrise, le navire embl\u00e9matique de Greenpeace, ne pourra finalement pas accoster dans le port de Nice, en marge du sommet de l\u2019<a href=\"https:\/\/www.20minutes.fr\/monde\/onu\/?at_medium=RSS%20feed&amp;at_campaign=ynews&amp;utm_source=yahoo&amp;utm_medium=rss&amp;utm_campaign=news_feed&amp;utm_content=in_article_link\" rel=\"nofollow noopener\" target=\"_blank\" data-ylk=\"slk:Onu;elm:context_link;itc:0;sec:content-canvas\" class=\"link \">Onu<\/a> sur les oc\u00e9ans.<\/p>\n<p>Alors qu\u2019une trentaine de navires scientifiques d\u2019Ong sont invit\u00e9s \u00e0 participer \u00e0 l\u2019\u00e9v\u00e8nement, la mairie et la <a href=\"https:\/\/www.20minutes.fr\/dossier\/prefecture?at_medium=RSS%20feed&amp;at_campaign=ynews&amp;utm_source=yahoo&amp;utm_medium=rss&amp;utm_campaign=news_feed&amp;utm_content=in_article_link\" rel=\"nofollow noopener\" target=\"_blank\" data-ylk=\"slk:pr\u00e9fecture;elm:context_link;itc:0;sec:content-canvas\" class=\"link \">pr\u00e9fecture<\/a> ont interdit l\u2019acc\u00e8s au port au bateau de l\u2019Ong. La pr\u00e9sence de ses membres n\u2019est en revanche pas remise en cause.<\/p>\n<p>Une \u00ab\u00a0d\u00e9cision politique\u00a0\u00bb<\/p>\n<p>Le bateau devait rester trois jours \u00e0 quai pour participer aux \u00e9v\u00e8nements publics organis\u00e9s en marge du sommet. Mais un arr\u00eat\u00e9 pris par le maire et le pr\u00e9fet interdit \u00e0 l\u2019Arctic Sunrise d\u2019entrer dans le port. Il devra rester au large. L\u2019acc\u00e8s aux membres de Greenpeace \u00e0 la conf\u00e9rence n\u2019est cependant pas remis en cause.<\/p>\n<p>Greenpeace d\u00e9nonce une \u00ab\u00a0d\u00e9cision politique\u00a0\u00bb, \u00ab\u00a0absolument inacceptable\u00a0\u00bb selon son directeur ex\u00e9cutif Mads Christensen. De son c\u00f4t\u00e9, la ministre de la Transition \u00e9cologique <a href=\"https:\/\/www.20minutes.fr\/politique\/agnes-pannier-runacher\/?at_medium=RSS%20feed&amp;at_campaign=ynews&amp;utm_source=yahoo&amp;utm_medium=rss&amp;utm_campaign=news_feed&amp;utm_content=in_article_link\" rel=\"nofollow noopener\" target=\"_blank\" data-ylk=\"slk:Agn\u00e8s Pannier-Runacher;elm:context_link;itc:0;sec:content-canvas\" class=\"link \">Agn\u00e8s Pannier-Runacher<\/a> nie toute implication directe, mais la mairie affirme que l\u2019arr\u00eat\u00e9 suit une recommandation de son minist\u00e8re, \u00e9voqu\u00e9e lors d\u2019un comit\u00e9 de pilotage le 22\u00a0mai dernier.<\/p>\n<p><a href=\"https:\/\/www.20minutes.fr\/dossier\/greenpeace\" rel=\"nofollow noopener\" target=\"_blank\" data-ylk=\"slk:Notre dossier sur Greenpeace;elm:context_link;itc:0;sec:content-canvas\" class=\"link \">Notre dossier sur Greenpeace<\/a>Une pr\u00e9c\u00e9dente op\u00e9ration jug\u00e9e controvers\u00e9e<\/p>\n<p>En toile de fond, une action men\u00e9e par Greenpace le 21\u00a0mai\u00a0: l\u2019Ong avait largu\u00e9 des rochers dans une aire marine prot\u00e9g\u00e9e en M\u00e9diterran\u00e9e pour bloquer le chalutage de fond. \u00ab\u00a0Je ne peux que r\u00e9prouver qu\u2019un bateau de Greenpeace soit entr\u00e9 dans une aire marine prot\u00e9g\u00e9e pour y d\u00e9verser des cailloux.\u00a0\u00bb La ministre avait alors d\u00e9nonc\u00e9 l\u2019action, assura(&#8230;)<\/p>\n<p><a href=\"https:\/\/www.20minutes.fr\/planete\/4156788-20250604-nice-estrosi-prefet-interdisent-bateau-greenpeace-pendant-sommet-onu?at_medium=RSS%20feed&amp;at_campaign=ynews&amp;utm_source=yahoo&amp;utm_medium=rss&amp;utm_campaign=news_feed&amp;utm_content=read_more_link&quot;\" rel=\"nofollow noopener\" target=\"_blank\" data-ylk=\"slk:Lire la suite sur 20minutes;elm:context_link;itc:0;sec:content-canvas\" class=\"link \">Lire la suite sur 20minutes<\/a><\/p>\n<p>\u00c0 lire aussi :<br \/><a href=\"https:\/\/www.20minutes.fr\/politique\/4156787-20250604-apres-avoir-volee-greenpeace-restitue-statue-cire-macron-depose-devant-siege-edf?at_medium=RSS%20feed&amp;at_campaign=ynews&amp;utm_source=yahoo&amp;utm_medium=rss&amp;utm_campaign=news_feed&amp;utm_content=related_content_link\" rel=\"nofollow noopener\" target=\"_blank\" data-ylk=\"slk:Apr\u00e8s l\u2019avoir vol\u00e9e, Greenpeace restitue la statue de cire de Macron et la d\u00e9pose devant le si\u00e8ge d\u2019EDF;elm:context_link;itc:0;sec:content-canvas\" class=\"link \">Apr\u00e8s l\u2019avoir vol\u00e9e, Greenpeace restitue la statue de cire de Macron et la d\u00e9pose devant le si\u00e8ge d\u2019EDF<\/a><br \/><a href=\"https:\/\/www.20minutes.fr\/societe\/4155845-20250528-guerre-israel-hamas-paris-colorent-fontaine-rouge-dire-stop-bain-sang?at_medium=RSS%20feed&amp;at_campaign=ynews&amp;utm_source=yahoo&amp;utm_medium=rss&amp;utm_campaign=news_feed&amp;utm_content=related_content_link\" rel=\"nofollow noopener\" target=\"_blank\" data-ylk=\"slk:Gaza\u00a0: A Paris, ils colorent une fontaine en rouge pour dire \u00ab\u00a0stop au bain de sang\u00a0\u00bb;elm:context_link;itc:0;sec:content-canvas\" class=\"link \">Gaza\u00a0: A Paris, ils colorent une fontaine en rouge pour dire \u00ab\u00a0stop au bain de sang\u00a0\u00bb<\/a><\/p>\n","protected":false},"excerpt":{"rendered":"tensions au sommet &#8211; Le bateau de Greenpeace, l\u2019Arctic Sunrise, a \u00e9t\u00e9 interdit d\u2019acc\u00e8s au port de Nice&hellip;\n","protected":false},"author":2,"featured_media":150188,"comment_status":"","ping_status":"","sticky":false,"template":"","format":"standard","meta":{"footnotes":""},"categories":[2819],"tags":[1111,11,5160,27955,1777,674,1011,27,22050,12,2401,12518,882,25,2764],"class_list":{"0":"post-150187","1":"post","2":"type-post","3":"status-publish","4":"format-standard","5":"has-post-thumbnail","7":"category-nice","8":"tag-actu","9":"tag-actualites","10":"tag-bateau","11":"tag-comite-de-pilotage","12":"tag-eu","13":"tag-europe","14":"tag-fr","15":"tag-france","16":"tag-greenpeace","17":"tag-news","18":"tag-nice","19":"tag-port-de-nice","20":"tag-provence-alpes-cote-dazur","21":"tag-republique-francaise","22":"tag-sommet"},"share_on_mastodon":{"url":"https:\/\/pubeurope.com\/@fr\/114622275409156339","error":""},"_links":{"self":[{"href":"https:\/\/www.europesays.com\/fr\/wp-json\/wp\/v2\/posts\/150187","targetHints":{"allow":["GET"]}}],"collection":[{"href":"https:\/\/www.europesays.com\/fr\/wp-json\/wp\/v2\/posts"}],"about":[{"href":"https:\/\/www.europesays.com\/fr\/wp-json\/wp\/v2\/types\/post"}],"author":[{"embeddable":true,"href":"https:\/\/www.europesays.com\/fr\/wp-json\/wp\/v2\/users\/2"}],"replies":[{"embeddable":true,"href":"https:\/\/www.europesays.com\/fr\/wp-json\/wp\/v2\/comments?post=150187"}],"version-history":[{"count":0,"href":"https:\/\/www.europesays.com\/fr\/wp-json\/wp\/v2\/posts\/150187\/revisions"}],"wp:featuredmedia":[{"embeddable":true,"href":"https:\/\/www.europesays.com\/fr\/wp-json\/wp\/v2\/media\/150188"}],"wp:attachment":[{"href":"https:\/\/www.europesays.com\/fr\/wp-json\/wp\/v2\/media?parent=150187"}],"wp:term":[{"taxonomy":"category","embeddable":true,"href":"https:\/\/www.europesays.com\/fr\/wp-json\/wp\/v2\/categories?post=150187"},{"taxonomy":"post_tag","embeddable":true,"href":"https:\/\/www.europesays.com\/fr\/wp-json\/wp\/v2\/tags?post=150187"}],"curies":[{"name":"wp","href":"https:\/\/api.w.org\/{rel}","templated":true}]}}