{"id":150199,"date":"2025-06-04T00:38:13","date_gmt":"2025-06-04T00:38:13","guid":{"rendered":"https:\/\/www.europesays.com\/fr\/150199\/"},"modified":"2025-06-04T00:38:13","modified_gmt":"2025-06-04T00:38:13","slug":"la-fete-de-la-biam-2025-7eme-edition-evenements","status":"publish","type":"post","link":"https:\/\/www.europesays.com\/fr\/150199\/","title":{"rendered":"La F\u00eate de la BIAM 2025, 7\u00e8me \u00e9dition ! \/ \u00c9v\u00e9nements"},"content":{"rendered":"<p>\n                                                                        Le 14 juin 2025<br \/>\n\t\t\t\t\t\t\t\t\t\t\tde 14h00 \u00e0 22h00\n\t\t\t\t\t                                        <\/p>\n<p class=\"subtitle\">\u00e0 <strong><br \/>\nCollectif Renart<\/strong><\/p>\n<p>Port\u00e9 par le Collectif Renart, cet \u00e9v\u00e9nement rassemble le public pour une journ\u00e9e de cr\u00e9ation, de partage et de musique.<\/p>\n<p>            <img loading=\"lazy\" decoding=\"async\" src=\"\/var\/www\/storage\/images\/mediatheque\/mairie-de-lille\/images-openagenda\/la-fete-de-la-biam-2025-7eme-edition\/3779796-1-fre-FR\/La-Fete-de-la-BIAM-2025-7eme-edition_news_image_top.jpg\" width=\"779\" height=\"540\" alt=\"La F\u00eate de la BIAM 2025, 7\u00e8me \u00e9dition !\"\/><\/p>\n<p>\nLa BIAM est avant tout un moment de retrouvailles et de c\u00e9l\u00e9bration de l\u2019art urbain. La 7\u00e8me \u00e9dition a d\u00e9but\u00e9 le 17 mai et se d\u00e9ploie depuis plusieurs semaines dans divers lieux et sur divers murs du Denaisis et de la M\u00e9tropole Lilloise. Cette f\u00eate de la BIAM 2025 s\u2019annonce encore plus sp\u00e9ciale,<br \/>car elle marque un adieu \u00e0 un lieu charg\u00e9 d\u2019histoire : celui qui a vu grandir et vibrer le Collectif Renart pendant des ann\u00e9es. Le temps est venu de faire ses valises et de d\u00e9m\u00e9nager\u2026 Mais avant cela, place \u00e0 la f\u00eate, pour saluer dignement tout ce que cet espace a repr\u00e9sent\u00e9 pour la sc\u00e8ne artistique locale et les artistes qui l\u2019ont fait vivre.<br \/>La programmation se veut conviviale, vari\u00e9e et ouverte \u00e0 toutes et tous gratuitement : cr\u00e9ations en live, ateliers participatifs, DJ sets et une atmosph\u00e8re chaleureuse pour un dernier clin d\u2019\u0153il \u00e0 ce lieu symbolique et un hommage \u00e0 la cr\u00e9ativit\u00e9.<br \/>Rendez-vous \u00e0 la <strong>F\u00eate de la BIAM 2025<\/strong> pour vivre une journ\u00e9e unique d\u00e9di\u00e9e \u00e0 l\u2019art urbain, une exp\u00e9rience \u00e0 ne pas manquer !<\/p>\n<p>        \t\t                        Infos pratiques<\/p>\n<p>                    Adresse<\/p>\n<p>58 rue du Faubourg des Postes<\/p>\n<p>                                                            Voir le plan<\/p>\n<p>\n                    PublicsDe 0 \u00e0 99 ans<\/p>\n<p>                            Horaires<\/p>\n<p class=\"textAlone\">Le 14\/06\/2025 de 14:00 \u00e0 22:00<\/p>\n","protected":false},"excerpt":{"rendered":"Le 14 juin 2025 de 14h00 \u00e0 22h00 \u00e0 Collectif Renart Port\u00e9 par le Collectif Renart, cet \u00e9v\u00e9nement&hellip;\n","protected":false},"author":2,"featured_media":150200,"comment_status":"","ping_status":"","sticky":false,"template":"","format":"standard","meta":{"footnotes":""},"categories":[2815],"tags":[1111,11,4763,1777,674,1011,27,811,1307,5415,12,25],"class_list":{"0":"post-150199","1":"post","2":"type-post","3":"status-publish","4":"format-standard","5":"has-post-thumbnail","7":"category-lille","8":"tag-actu","9":"tag-actualites","10":"tag-agenda","11":"tag-eu","12":"tag-europe","13":"tag-fr","14":"tag-france","15":"tag-hauts-de-france","16":"tag-lille","17":"tag-mairie","18":"tag-news","19":"tag-republique-francaise"},"share_on_mastodon":{"url":"https:\/\/pubeurope.com\/@fr\/114622307067402308","error":""},"_links":{"self":[{"href":"https:\/\/www.europesays.com\/fr\/wp-json\/wp\/v2\/posts\/150199","targetHints":{"allow":["GET"]}}],"collection":[{"href":"https:\/\/www.europesays.com\/fr\/wp-json\/wp\/v2\/posts"}],"about":[{"href":"https:\/\/www.europesays.com\/fr\/wp-json\/wp\/v2\/types\/post"}],"author":[{"embeddable":true,"href":"https:\/\/www.europesays.com\/fr\/wp-json\/wp\/v2\/users\/2"}],"replies":[{"embeddable":true,"href":"https:\/\/www.europesays.com\/fr\/wp-json\/wp\/v2\/comments?post=150199"}],"version-history":[{"count":0,"href":"https:\/\/www.europesays.com\/fr\/wp-json\/wp\/v2\/posts\/150199\/revisions"}],"wp:featuredmedia":[{"embeddable":true,"href":"https:\/\/www.europesays.com\/fr\/wp-json\/wp\/v2\/media\/150200"}],"wp:attachment":[{"href":"https:\/\/www.europesays.com\/fr\/wp-json\/wp\/v2\/media?parent=150199"}],"wp:term":[{"taxonomy":"category","embeddable":true,"href":"https:\/\/www.europesays.com\/fr\/wp-json\/wp\/v2\/categories?post=150199"},{"taxonomy":"post_tag","embeddable":true,"href":"https:\/\/www.europesays.com\/fr\/wp-json\/wp\/v2\/tags?post=150199"}],"curies":[{"name":"wp","href":"https:\/\/api.w.org\/{rel}","templated":true}]}}