{"id":150205,"date":"2025-06-04T00:41:11","date_gmt":"2025-06-04T00:41:11","guid":{"rendered":"https:\/\/www.europesays.com\/fr\/150205\/"},"modified":"2025-06-04T00:41:11","modified_gmt":"2025-06-04T00:41:11","slug":"lyon-6e-lyon-6e-deja-le-17e-numero-du-magazine-6-bien-2","status":"publish","type":"post","link":"https:\/\/www.europesays.com\/fr\/150205\/","title":{"rendered":"Lyon 6e. Lyon 6e D\u00e9j\u00e0 le 17e num\u00e9ro du Magazine 6 Bien"},"content":{"rendered":"<p>La 17e parution a \u00e9t\u00e9 un \u00e9v\u00e8nement mardi 27\u00a0mai sur le toit terrasse de la r\u00e9sidence seniors Noh\u00e9e\u00a0Lyon-Lafayette. Isabelle Burtin, pr\u00e9sidente de la F\u00e9d\u00e9ration des Associations des Commer\u00e7ants du 6e , a pr\u00e9sent\u00e9 le magazine des commer\u00e7ants de quartier\u00a0: \u00ab\u00a0un incontournable recueil d\u2019adresses.\u00a0\u00bb \u00ab\u00a0Notre arrondissement est l\u2019unique territoire de la Ville recouvert en totalit\u00e9 par des associations de commer\u00e7ants qui fonctionnent sans subvention municipale pour une totale ind\u00e9pendance\u00a0\u00bb, affirme Herv\u00e9 Brun, adjoint au commerce.<\/p>\n","protected":false},"excerpt":{"rendered":"La 17e parution a \u00e9t\u00e9 un \u00e9v\u00e8nement mardi 27\u00a0mai sur le toit terrasse de la r\u00e9sidence seniors Noh\u00e9e\u00a0Lyon-Lafayette.&hellip;\n","protected":false},"author":2,"featured_media":149966,"comment_status":"","ping_status":"","sticky":false,"template":"","format":"standard","meta":{"footnotes":""},"categories":[1889],"tags":[1111,11,2430,33,2757,1777,674,1011,27,2428,14926,2802,12,25],"class_list":{"0":"post-150205","1":"post","2":"type-post","3":"status-publish","4":"format-standard","5":"has-post-thumbnail","7":"category-lyon","8":"tag-actu","9":"tag-actualites","10":"tag-auvergne-rhone-alpes","11":"tag-economie","12":"tag-edition-lyon-villeurbanne","13":"tag-eu","14":"tag-europe","15":"tag-fr","16":"tag-france","17":"tag-lyon","18":"tag-lyon-6e","19":"tag-lyon-6e-arrondissement","20":"tag-news","21":"tag-republique-francaise"},"share_on_mastodon":{"url":"https:\/\/pubeurope.com\/@fr\/114622318769676262","error":""},"_links":{"self":[{"href":"https:\/\/www.europesays.com\/fr\/wp-json\/wp\/v2\/posts\/150205","targetHints":{"allow":["GET"]}}],"collection":[{"href":"https:\/\/www.europesays.com\/fr\/wp-json\/wp\/v2\/posts"}],"about":[{"href":"https:\/\/www.europesays.com\/fr\/wp-json\/wp\/v2\/types\/post"}],"author":[{"embeddable":true,"href":"https:\/\/www.europesays.com\/fr\/wp-json\/wp\/v2\/users\/2"}],"replies":[{"embeddable":true,"href":"https:\/\/www.europesays.com\/fr\/wp-json\/wp\/v2\/comments?post=150205"}],"version-history":[{"count":0,"href":"https:\/\/www.europesays.com\/fr\/wp-json\/wp\/v2\/posts\/150205\/revisions"}],"wp:featuredmedia":[{"embeddable":true,"href":"https:\/\/www.europesays.com\/fr\/wp-json\/wp\/v2\/media\/149966"}],"wp:attachment":[{"href":"https:\/\/www.europesays.com\/fr\/wp-json\/wp\/v2\/media?parent=150205"}],"wp:term":[{"taxonomy":"category","embeddable":true,"href":"https:\/\/www.europesays.com\/fr\/wp-json\/wp\/v2\/categories?post=150205"},{"taxonomy":"post_tag","embeddable":true,"href":"https:\/\/www.europesays.com\/fr\/wp-json\/wp\/v2\/tags?post=150205"}],"curies":[{"name":"wp","href":"https:\/\/api.w.org\/{rel}","templated":true}]}}