{"id":150208,"date":"2025-06-04T00:44:12","date_gmt":"2025-06-04T00:44:12","guid":{"rendered":"https:\/\/www.europesays.com\/fr\/150208\/"},"modified":"2025-06-04T00:44:12","modified_gmt":"2025-06-04T00:44:12","slug":"le-psg-champion-deurope-un-hors-serie-sur-lepopee-de-paris-en-ligue-des-champions-en-kiosque-des-mercredi","status":"publish","type":"post","link":"https:\/\/www.europesays.com\/fr\/150208\/","title":{"rendered":"Le PSG champion d\u2019Europe : un hors-s\u00e9rie sur l\u2019\u00e9pop\u00e9e de Paris en Ligue des champions en kiosque d\u00e8s mercredi"},"content":{"rendered":"<p class=\"paragraph text_align_left\">\u00ab A jamais les meilleurs ! \u00bb Au bout d\u2019une saison haletante, le <a href=\"https:\/\/www.leparisien.fr\/sports\/football\/psg\/\" target=\"_blank\" rel=\"noreferrer nofollow noopener\">PSG <\/a>\u00e9crit l\u2019histoire. Celle d\u2019une triple couronne, d\u2019une conqu\u00eate, d\u2019une qu\u00eate. Celle du deuxi\u00e8me club fran\u00e7ais \u00e0 inscrire son nom au palmar\u00e8s de la plus grande comp\u00e9tition de clubs au monde, la prestigieuse <a href=\"https:\/\/www.leparisien.fr\/sports\/football\/ligue-des-champions\/\" target=\"_blank\" rel=\"noreferrer nofollow noopener\">Ligue des champions<\/a>. Tellement plus que cela en fait. Car cet ach\u00e8vement majuscule d\u00e9passe celui de <a href=\"https:\/\/www.leparisien.fr\/sports\/football\/ligue-des-champions\/psg-inter-milan-j-5-on-etait-tous-marseillais-de-coeur-comment-lom-de-tapie-a-fait-vibrer-la-france-du-foot-26-05-2025-LGJCDWYWWJHWVHFO32U3N4PKMQ.php\" target=\"_blank\" rel=\"noreferrer nofollow noopener\">l\u2019OM, titr\u00e9 en 1993 <\/a>et qui ne marchera plus jamais seul. <\/p>\n<p class=\"paragraph text_align_left\">Parce que Marquinhos et sa bande ont non seulement soulev\u00e9 la Coupe aux grandes oreilles en <a href=\"https:\/\/www.leparisien.fr\/sports\/football\/ligue-des-champions\/psg-inter-5-0-paris-tout-puissant-31-05-2025-DNPP4HBOWFG23OPCCCDDHQKRKU.php\" target=\"_blank\" rel=\"noreferrer nofollow noopener\">dominant l\u2019Inter Milan <\/a>(5-0), samedi 31 mai \u00e0 Munich, mais ils ont surtout sign\u00e9 un rare et fabuleux tripl\u00e9 : le titre en Ligue 1 (le 13e), la Coupe de France (la 16e), et donc la Ligue des champions. Et m\u00eame un quadrupl\u00e9 puisqu\u2019au passage les Parisiens ont remport\u00e9 le Troph\u00e9e des champions.<\/p>\n<p class=\"paragraph text_align_left\">C\u2019est cette m\u00e9morable saga, ce chef d\u2019\u0153uvre collectif que le Parisien-Aujourd\u2019hui en France vous propose de revivre dans un hors-s\u00e9rie collector de 68 pages, r\u00e9alis\u00e9 \u00e0 chaud par notre r\u00e9daction. Avec, \u00e9videmment, un retour en r\u00e9cit (celui de nos envoy\u00e9s sp\u00e9ciaux) et en images sur la finale, la f\u00eate et l\u2019immense liesse populaire qui s\u2019en sont suivies. <\/p>\n<p class=\"paragraph text_align_left\">Avec la pr\u00e9sentation des h\u00e9ros, de Marquinhos \u00e0 <a href=\"https:\/\/www.leparisien.fr\/sports\/football\/ousmane-dembele\/\" target=\"_blank\" rel=\"noreferrer nofollow noopener\">Demb\u00e9l\u00e9 <\/a>en passant par Donnarumma, <a href=\"https:\/\/www.leparisien.fr\/sports\/football\/desire-doue\/\" target=\"_blank\" rel=\"noreferrer nofollow noopener\">Dou\u00e9<\/a>, Barcola, Kvaratskhelia, Vitinha ou Hakimi. Avec un rappel de cette campagne europ\u00e9enne \u00e9pique au fort accent anglais. Avec \u00e9videmment la patte Luis Enrique, \u00e0 travers un double portrait de cet entra\u00eeneur qui a fait de cette \u00e9quipe un collectif irr\u00e9sistible. Tellement plus qu\u2019une \u00e9quipe. <\/p>\n<p class=\"paragraph text_align_left\">Avec, enfin, un peu d\u2019histoires, puisque le PSG, d\u00e9j\u00e0 vainqueur de la Coupe des coupes en 1996, est le premier club fran\u00e7ais vainqueur de deux Coupes d\u2019Europe. Paris est magique. A jamais les meilleurs.<\/p>\n<p class=\"paragraph text_align_left\"><b>Ce hors-s\u00e9rie de 68 pages est en vente d\u00e8s ce mercredi 4 juin 2025 en \u00cele-de-France, jeudi 5 juin en province, chez les marchands de journaux au prix de 4,90 euros.<\/b><\/p>\n","protected":false},"excerpt":{"rendered":"\u00ab A jamais les meilleurs ! \u00bb Au bout d\u2019une saison haletante, le PSG \u00e9crit l\u2019histoire. Celle d\u2019une&hellip;\n","protected":false},"author":2,"featured_media":150209,"comment_status":"","ping_status":"","sticky":false,"template":"","format":"standard","meta":{"footnotes":""},"categories":[1592],"tags":[1111,11,1777,674,63,1011,27,662,447,12,626,25,60],"class_list":{"0":"post-150208","1":"post","2":"type-post","3":"status-publish","4":"format-standard","5":"has-post-thumbnail","7":"category-ile-de-france","8":"tag-actu","9":"tag-actualites","10":"tag-eu","11":"tag-europe","12":"tag-football","13":"tag-fr","14":"tag-france","15":"tag-ile-de-france","16":"tag-ligue-des-champions","17":"tag-news","18":"tag-paris","19":"tag-republique-francaise","20":"tag-sports"},"share_on_mastodon":{"url":"https:\/\/pubeurope.com\/@fr\/114622330671515826","error":""},"_links":{"self":[{"href":"https:\/\/www.europesays.com\/fr\/wp-json\/wp\/v2\/posts\/150208","targetHints":{"allow":["GET"]}}],"collection":[{"href":"https:\/\/www.europesays.com\/fr\/wp-json\/wp\/v2\/posts"}],"about":[{"href":"https:\/\/www.europesays.com\/fr\/wp-json\/wp\/v2\/types\/post"}],"author":[{"embeddable":true,"href":"https:\/\/www.europesays.com\/fr\/wp-json\/wp\/v2\/users\/2"}],"replies":[{"embeddable":true,"href":"https:\/\/www.europesays.com\/fr\/wp-json\/wp\/v2\/comments?post=150208"}],"version-history":[{"count":0,"href":"https:\/\/www.europesays.com\/fr\/wp-json\/wp\/v2\/posts\/150208\/revisions"}],"wp:featuredmedia":[{"embeddable":true,"href":"https:\/\/www.europesays.com\/fr\/wp-json\/wp\/v2\/media\/150209"}],"wp:attachment":[{"href":"https:\/\/www.europesays.com\/fr\/wp-json\/wp\/v2\/media?parent=150208"}],"wp:term":[{"taxonomy":"category","embeddable":true,"href":"https:\/\/www.europesays.com\/fr\/wp-json\/wp\/v2\/categories?post=150208"},{"taxonomy":"post_tag","embeddable":true,"href":"https:\/\/www.europesays.com\/fr\/wp-json\/wp\/v2\/tags?post=150208"}],"curies":[{"name":"wp","href":"https:\/\/api.w.org\/{rel}","templated":true}]}}