{"id":15021,"date":"2025-04-10T13:08:08","date_gmt":"2025-04-10T13:08:08","guid":{"rendered":"https:\/\/www.europesays.com\/fr\/15021\/"},"modified":"2025-04-10T13:08:08","modified_gmt":"2025-04-10T13:08:08","slug":"marche-des-femmes-pour-transformer-le-monde","status":"publish","type":"post","link":"https:\/\/www.europesays.com\/fr\/15021\/","title":{"rendered":"Marche des femmes pour transformer le monde"},"content":{"rendered":"\n<p>Tous les cinq ans depuis 2000, les f\u00e9ministes du monde entier unissent leurs forces pour marcher ensemble avec l\u2019objectif commun de construire un monde bas\u00e9 sur la paix, la justice, l\u2019\u00e9galit\u00e9, la libert\u00e9 et la solidarit\u00e9.<\/p>\n<p>La Coordination marche mondiale des femmes (MMF) des Bouches-du-Rh\u00f4ne accueillera ainsi la rencontre nationale et europ\u00e9enne \u00e0 Marseille les 13, 14 et 15\u00a0juin. Au menu trois journ\u00e9es des d\u00e9bats sur les femmes migrantes, la paix et la d\u00e9militarisation, les violences faites aux femmes, l\u2019\u00e9cof\u00e9minisme, l\u2019autonomie et la souverainet\u00e9 alimentaire, mais aussi la mont\u00e9e des extr\u00eames droites en Europe et les cons\u00e9quences sur la vie des femmes.<\/p>\n<p> Mar\u00e9e f\u00e9ministe\n              <\/p>\n<p>Parmi les intervenantes, sont d\u2019ores et d\u00e9j\u00e0 annonc\u00e9es l\u2019ancienne ministre et pr\u00e9sidente de France-Terre d\u2019Asile, Najat Vallaud-Belkacem, la pr\u00e9sidente honoraire du Mouvement de la paix, Arielle Denis ou encore la secr\u00e9taire nationale de la FSU, Caroline Chev\u00e9.<\/p>\n<p>Le samedi 14\u00a0juin, une manifestation partira \u00e0 18h30 de la facult\u00e9 Saint-Charles. La Marche mondiale des femmes appelle toutes les f\u00e9ministes \u00e0 se mobiliser \u00ab\u00a0car en France nous n\u2019\u00e9chappons pas \u00e0 la d\u00e9gradation de nos conditions de vie, que ce soit dans l\u2019espace public, au travail ou \u00e0 la maison\u00a0; que ce soit pour des raisons soci\u00e9tales, religieuses ou \u00e9conomiques\u00a0\u00bb.<\/p>\n<p>Cette marche doit \u00eatre une mar\u00e9e f\u00e9ministe, pour changer la vie des femmes et pour changer le monde car l\u2019un ne se fera pas sans l\u2019autre. La MMF est un mouvement transnational f\u00e9ministe qui lutte contre les syst\u00e8mes d\u2019oppressions, dont le capitalisme, afin d\u2019agir sur les causes de la pauvret\u00e9 et des violences faites aux femmes. Elle se d\u00e9finit comme un mouvement populaire, au sens o\u00f9 les luttes prennent racine par les femmes sur le terrain qui vivent directement les cons\u00e9quences des in\u00e9galit\u00e9s sociales. Et a comme objectif un changement politique, \u00e9conomique et social pour une transformation du monde.<\/p>\n<p>Inscription obligatoire avant le 31\u00a0mai sur : cmmf13paca@gmail.com <\/p>\n","protected":false},"excerpt":{"rendered":"Tous les cinq ans depuis 2000, les f\u00e9ministes du monde entier unissent leurs forces pour marcher ensemble avec&hellip;\n","protected":false},"author":2,"featured_media":15022,"comment_status":"","ping_status":"","sticky":false,"template":"","format":"standard","meta":{"footnotes":""},"categories":[2814],"tags":[1111,11,1777,674,1011,27,884,12,882,25,797],"class_list":{"0":"post-15021","1":"post","2":"type-post","3":"status-publish","4":"format-standard","5":"has-post-thumbnail","7":"category-marseille","8":"tag-actu","9":"tag-actualites","10":"tag-eu","11":"tag-europe","12":"tag-fr","13":"tag-france","14":"tag-marseille","15":"tag-news","16":"tag-provence-alpes-cote-dazur","17":"tag-republique-francaise","18":"tag-violences-faites-aux-femmes"},"share_on_mastodon":{"url":"https:\/\/pubeurope.com\/@fr\/114313829082769739","error":""},"_links":{"self":[{"href":"https:\/\/www.europesays.com\/fr\/wp-json\/wp\/v2\/posts\/15021","targetHints":{"allow":["GET"]}}],"collection":[{"href":"https:\/\/www.europesays.com\/fr\/wp-json\/wp\/v2\/posts"}],"about":[{"href":"https:\/\/www.europesays.com\/fr\/wp-json\/wp\/v2\/types\/post"}],"author":[{"embeddable":true,"href":"https:\/\/www.europesays.com\/fr\/wp-json\/wp\/v2\/users\/2"}],"replies":[{"embeddable":true,"href":"https:\/\/www.europesays.com\/fr\/wp-json\/wp\/v2\/comments?post=15021"}],"version-history":[{"count":0,"href":"https:\/\/www.europesays.com\/fr\/wp-json\/wp\/v2\/posts\/15021\/revisions"}],"wp:featuredmedia":[{"embeddable":true,"href":"https:\/\/www.europesays.com\/fr\/wp-json\/wp\/v2\/media\/15022"}],"wp:attachment":[{"href":"https:\/\/www.europesays.com\/fr\/wp-json\/wp\/v2\/media?parent=15021"}],"wp:term":[{"taxonomy":"category","embeddable":true,"href":"https:\/\/www.europesays.com\/fr\/wp-json\/wp\/v2\/categories?post=15021"},{"taxonomy":"post_tag","embeddable":true,"href":"https:\/\/www.europesays.com\/fr\/wp-json\/wp\/v2\/tags?post=15021"}],"curies":[{"name":"wp","href":"https:\/\/api.w.org\/{rel}","templated":true}]}}