{"id":150216,"date":"2025-06-04T00:48:09","date_gmt":"2025-06-04T00:48:09","guid":{"rendered":"https:\/\/www.europesays.com\/fr\/150216\/"},"modified":"2025-06-04T00:48:09","modified_gmt":"2025-06-04T00:48:09","slug":"greenpeace-rend-la-statue-de-macron-volee-chez-grevin-la-veille-et-la-depose-devant-le-siege-dedf","status":"publish","type":"post","link":"https:\/\/www.europesays.com\/fr\/150216\/","title":{"rendered":"Greenpeace rend la statue de Macron, vol\u00e9e chez Gr\u00e9vin la veille, et la d\u00e9pose devant le si\u00e8ge d\u2019EDF"},"content":{"rendered":"<p>La statue du pr\u00e9sident de la R\u00e9publique avait \u00e9t\u00e9 d\u00e9rob\u00e9e au mus\u00e9e Gr\u00e9vin lundi par des militants de l\u2019ONG, et d\u00e9pos\u00e9e devant l\u2019ambassade de Russie.<\/p>\n<p class=\"fig-paragraph\">La\u00a0<a href=\"http:\/\/www.lefigaro.fr\/politique\/paris-la-statue-d-emmanuel-macron-volee-au-musee-grevin-20250602\" target=\"_blank\" data-fig-type=\"NewsFlash\" rel=\"noopener nofollow\" data-gtm-custom-categorie=\"navigation\" data-gtm-custom-action=\"crossclick\" data-gtm-custom-label=\"Contextuel\" data-gtm-event=\"customEventSPE\" data-fig-domain=\"LEFIGARO\">statue en cire d\u2019Emmanuel Macron<\/a>, d\u00e9rob\u00e9e au mus\u00e9e Gr\u00e9vin lundi par des militants de Greenpeace qui l\u2019ont ensuite d\u00e9pos\u00e9e devant l\u2019ambassade de Russie, en signe de protestation contre les liens \u00e9conomiques de la France avec la Russie, a \u00e9t\u00e9 rendue ce mardi et d\u00e9pos\u00e9e devant le si\u00e8ge d\u2019EDF \u00e0 Paris.<\/p>\n<p class=\"fig-paragraph\">\u00abOn est venu ramener la statue d\u2019Emmanuel Macron parce que comme on l\u2019avait promis d\u00e8s le d\u00e9but, c\u2019est un emprunt\u00bb, a d\u00e9clar\u00e9 \u00e0 l\u2019AFP Jean-Fran\u00e7ois Julliard, directeur g\u00e9n\u00e9ral de Greenpeace France, \u00e0 proximit\u00e9 du si\u00e8ge d\u2019EDF dans le centre de Paris. \u00abOn a pr\u00e9venu \u00e0 la fois la direction du mus\u00e9e Gr\u00e9vin et les forces de l\u2019ordre. C\u2019est \u00e0 eux de venir la r\u00e9cup\u00e9rer\u00bb, a-t-il dit.<\/p>\n<p class=\"fig-paragraph\">La statue du pr\u00e9sident de la R\u00e9publique fran\u00e7aise avait \u00e9t\u00e9 d\u00e9pos\u00e9e lundi apr\u00e8s-midi devant l\u2019ambassade de Russie, situ\u00e9e dans le XVIe arrondissement (ouest) de la capitale. L\u2019action devant l\u2019ambassade n\u2019avait dur\u00e9 que quelques minutes: un drapeau russe a \u00e9t\u00e9 d\u00e9ploy\u00e9 derri\u00e8re la statue d\u2019Emmanuel Macron et un militant de l\u2019ONG a brandi une pancarte jaune fluo portant l\u2019inscription \u00abBusiness is business\u00bb. Des membres de Greenpeace ont lanc\u00e9 de faux billets de banque.<\/p>\n<p>Action contre les liens \u00e9conomiques entre la France et la Russie<\/p>\n<p class=\"fig-paragraph\">L\u2019ONG veut protester contre les liens \u00e9conomiques entre la France et la Russie dans les secteurs du gaz, des engrais chimiques et du nucl\u00e9aire. Greenpeace d\u00e9plore notamment l\u2019explosion des importations d\u2019engrais russe dans l\u2019UE entre 2021 et 2023 (de plus de 80% selon les fabricants fran\u00e7ais d\u2019engrais, rassembl\u00e9s au sein de l\u2019Union des industries de la fertilisation, l\u2019Unifa).<\/p>\n<p class=\"fig-paragraph\">L\u2019Union europ\u00e9enne veut taxer les importations d\u2019engrais russes, pour r\u00e9duire cette d\u00e9pendance. Les agriculteurs europ\u00e9ens, eux, mettent en garde contre une mesure qui ne ferait que rench\u00e9rir les prix des engrais et r\u00e9clament d\u2019abord la suppression des droits de douane sur les fertilisants en provenance du reste du monde.<\/p>\n<p class=\"fig-paragraph\">L\u2019effigie en cire de Jacques Chirac avait elle aussi \u00e9t\u00e9 d\u00e9rob\u00e9e au mus\u00e9e Gr\u00e9vin, en d\u00e9cembre 1983, lorsqu\u2019il \u00e9tait maire de Paris, avant d\u2019\u00eatre retrouv\u00e9e quelques jours plus tard au zoo de Vincennes. Celle de Georges Marchais, secr\u00e9taire national du PCF, avait elle \u00e9t\u00e9 d\u00e9rob\u00e9e par un groupe nationaliste en 1980 et retrouv\u00e9e au Jardin des plantes \u00e0 Paris. Enfin, pendant son mandat \u00e0 l\u2019\u00c9lys\u00e9e (1974-1981), la statue de Val\u00e9ry Giscard d\u2019Estaing avait \u00e9t\u00e9 subtilis\u00e9e par des motards en col\u00e8re.<\/p>\n","protected":false},"excerpt":{"rendered":"La statue du pr\u00e9sident de la R\u00e9publique avait \u00e9t\u00e9 d\u00e9rob\u00e9e au mus\u00e9e Gr\u00e9vin lundi par des militants de&hellip;\n","protected":false},"author":2,"featured_media":150217,"comment_status":"","ping_status":"","sticky":false,"template":"","format":"standard","meta":{"footnotes":""},"categories":[1888],"tags":[259,11,260,1647,1777,674,1011,27,22050,14,11514,261,12,626,262,25],"class_list":{"0":"post-150216","1":"post","2":"type-post","3":"status-publish","4":"format-standard","5":"has-post-thumbnail","7":"category-paris","8":"tag-actualite-internationale","9":"tag-actualites","10":"tag-affaires-etrangeres","11":"tag-edf","12":"tag-eu","13":"tag-europe","14":"tag-fr","15":"tag-france","16":"tag-greenpeace","17":"tag-international","18":"tag-macron","19":"tag-ministere-des-affaires-etrangeres","20":"tag-news","21":"tag-paris","22":"tag-politique-etrangere","23":"tag-republique-francaise"},"share_on_mastodon":{"url":"https:\/\/pubeurope.com\/@fr\/114622346263703717","error":""},"_links":{"self":[{"href":"https:\/\/www.europesays.com\/fr\/wp-json\/wp\/v2\/posts\/150216","targetHints":{"allow":["GET"]}}],"collection":[{"href":"https:\/\/www.europesays.com\/fr\/wp-json\/wp\/v2\/posts"}],"about":[{"href":"https:\/\/www.europesays.com\/fr\/wp-json\/wp\/v2\/types\/post"}],"author":[{"embeddable":true,"href":"https:\/\/www.europesays.com\/fr\/wp-json\/wp\/v2\/users\/2"}],"replies":[{"embeddable":true,"href":"https:\/\/www.europesays.com\/fr\/wp-json\/wp\/v2\/comments?post=150216"}],"version-history":[{"count":0,"href":"https:\/\/www.europesays.com\/fr\/wp-json\/wp\/v2\/posts\/150216\/revisions"}],"wp:featuredmedia":[{"embeddable":true,"href":"https:\/\/www.europesays.com\/fr\/wp-json\/wp\/v2\/media\/150217"}],"wp:attachment":[{"href":"https:\/\/www.europesays.com\/fr\/wp-json\/wp\/v2\/media?parent=150216"}],"wp:term":[{"taxonomy":"category","embeddable":true,"href":"https:\/\/www.europesays.com\/fr\/wp-json\/wp\/v2\/categories?post=150216"},{"taxonomy":"post_tag","embeddable":true,"href":"https:\/\/www.europesays.com\/fr\/wp-json\/wp\/v2\/tags?post=150216"}],"curies":[{"name":"wp","href":"https:\/\/api.w.org\/{rel}","templated":true}]}}