{"id":15023,"date":"2025-04-10T13:09:16","date_gmt":"2025-04-10T13:09:16","guid":{"rendered":"https:\/\/www.europesays.com\/fr\/15023\/"},"modified":"2025-04-10T13:09:16","modified_gmt":"2025-04-10T13:09:16","slug":"a-marseille-les-riverains-des-baumettes-3-se-calfeutrent-avant-louverture-de-la-prison-en-decembre-2025","status":"publish","type":"post","link":"https:\/\/www.europesays.com\/fr\/15023\/","title":{"rendered":"\u00c0 Marseille, les riverains des Baumettes 3 se calfeutrent avant l&rsquo;ouverture de la prison en d\u00e9cembre 2025"},"content":{"rendered":"<p>Des canisses de pr\u00e8s de deux m\u00e8tres de haut surmontent le mur de son jardin, qui fait face \u00e0 la prison des Baumettes. \u00ab\u00a0Je les ai pos\u00e9es en pr\u00e9vision de l\u2019arriv\u00e9e des <a href=\"https:\/\/www.laprovence.com\/article\/region\/1647654712432415\/avant-l-ouverture-de-baumettes-3-a-marseille-la-prison-recrute-du-personnel\" target=\"_blank\" rel=\"noopener\">d\u00e9tenus de Baumettes 3<\/a>, explique Jean-Fran\u00e7ois. Au moins, on pourra d\u00e9jeuner tranquillement sur la terrasse sans qu\u2019ils nous voient et nous crient dessus.\u00a0\u00bb<\/p>\n<p>Install\u00e9 depuis 40\u00a0ans dans le quartier, cet habitant avoue redouter l\u2019ouverture en d\u00e9cembre\u00a02025 des <a href=\"https:\/\/www.laprovence.com\/article\/region\/15284356060052\/marseille-avec-baumettes-3-son-resto-les-beaux-mets-et-son-futur-theatre-la-prison-mise-plus-que-jamais-sur-la-reinsertion\" target=\"_blank\" rel=\"noopener\">Baumettes 3, ces b\u00e2tisses qui depuis quelques semaines obstruent la vue<\/a> sur les collines du parc national des Calanques. \u00ab\u00a0L\u00e0, depuis la chambre au premier \u00e9tage, on voit tr\u00e8s bien les trois b\u00e2timents blancs, explique-t-il tout en poussant les volets.\u00a0D\u00e8s\u00a0qu\u2019on va ouvrir la fen\u00eatre, les d\u00e9tenus vont nous voir et crier. Cette fen\u00eatre, elle est d\u00e9j\u00e0 condamn\u00e9e.\u00a0\u00bb<\/p>\n<p>743 places de prison en plus aux Baumettes<\/p>\n<p>Cibl\u00e9e par le minist\u00e8re de la Justice dans le cadre du <a href=\"https:\/\/www.laprovence.com\/article\/societe\/167961303583415\/prisons-lobjectif-de-15000-places-supplementaires-en-2027-ne-sera-pas-atteint-dit-le-ministre-de-la-justice\" target=\"_blank\" rel=\"noopener\">plan \u00ab\u00a015\u00a0000 places en prison\u00a0\u00bb lanc\u00e9 en\u00a02017 par Emmanuel Macron<\/a>, la prison des Baumettes offrira avec cette troisi\u00e8me et derni\u00e8re extension 743\u00a0places suppl\u00e9mentaires. \u00ab\u00a0Mais on sait tr\u00e8s bien qu\u2019ils seront beaucoup plus vu le taux de suroccupation actuel (200% en mars, NDLR)\u00a0\u00bb, commente, d\u00e9sabus\u00e9, Jean-Fran\u00e7ois, qui imagine d\u00e9j\u00e0 \u00ab\u00a0les parloirs sauvages depuis les rues, comme pour Baumettes 2\u00a0\u00bb.<\/p>\n","protected":false},"excerpt":{"rendered":"Des canisses de pr\u00e8s de deux m\u00e8tres de haut surmontent le mur de son jardin, qui fait face&hellip;\n","protected":false},"author":2,"featured_media":15024,"comment_status":"","ping_status":"","sticky":false,"template":"","format":"standard","meta":{"footnotes":""},"categories":[2814],"tags":[17,1111,11,3917,2829,6356,154,1777,674,1011,27,151,884,12,882,16,25,6355],"class_list":{"0":"post-15023","1":"post","2":"type-post","3":"status-publish","4":"format-standard","5":"has-post-thumbnail","7":"category-marseille","8":"tag-17","9":"tag-actu","10":"tag-actualites","11":"tag-avant","12":"tag-baumettes","13":"tag-calfeutrent","14":"tag-des","15":"tag-eu","16":"tag-europe","17":"tag-fr","18":"tag-france","19":"tag-les","20":"tag-marseille","21":"tag-news","22":"tag-provence-alpes-cote-dazur","23":"tag-region","24":"tag-republique-francaise","25":"tag-riverains"},"share_on_mastodon":{"url":"https:\/\/pubeurope.com\/@fr\/114313833068517744","error":""},"_links":{"self":[{"href":"https:\/\/www.europesays.com\/fr\/wp-json\/wp\/v2\/posts\/15023","targetHints":{"allow":["GET"]}}],"collection":[{"href":"https:\/\/www.europesays.com\/fr\/wp-json\/wp\/v2\/posts"}],"about":[{"href":"https:\/\/www.europesays.com\/fr\/wp-json\/wp\/v2\/types\/post"}],"author":[{"embeddable":true,"href":"https:\/\/www.europesays.com\/fr\/wp-json\/wp\/v2\/users\/2"}],"replies":[{"embeddable":true,"href":"https:\/\/www.europesays.com\/fr\/wp-json\/wp\/v2\/comments?post=15023"}],"version-history":[{"count":0,"href":"https:\/\/www.europesays.com\/fr\/wp-json\/wp\/v2\/posts\/15023\/revisions"}],"wp:featuredmedia":[{"embeddable":true,"href":"https:\/\/www.europesays.com\/fr\/wp-json\/wp\/v2\/media\/15024"}],"wp:attachment":[{"href":"https:\/\/www.europesays.com\/fr\/wp-json\/wp\/v2\/media?parent=15023"}],"wp:term":[{"taxonomy":"category","embeddable":true,"href":"https:\/\/www.europesays.com\/fr\/wp-json\/wp\/v2\/categories?post=15023"},{"taxonomy":"post_tag","embeddable":true,"href":"https:\/\/www.europesays.com\/fr\/wp-json\/wp\/v2\/tags?post=15023"}],"curies":[{"name":"wp","href":"https:\/\/api.w.org\/{rel}","templated":true}]}}