{"id":150245,"date":"2025-06-04T01:06:11","date_gmt":"2025-06-04T01:06:11","guid":{"rendered":"https:\/\/www.europesays.com\/fr\/150245\/"},"modified":"2025-06-04T01:06:11","modified_gmt":"2025-06-04T01:06:11","slug":"giro-tour-ditalie-cyrille-guimard-isaac-del-toro-un-mimetisme-avec-pogacar","status":"publish","type":"post","link":"https:\/\/www.europesays.com\/fr\/150245\/","title":{"rendered":"Giro. Tour d&rsquo;Italie &#8211; Cyrille Guimard : \u00abIsaac Del Toro&#8230; un mim\u00e9tisme avec Pogacar\u00bb"},"content":{"rendered":"<p> Lire la suite de l&rsquo;article&#13;<\/p>\n<p>\u00a0<\/p>\n<p>&#13;<\/p>\n<p>\u00a0<\/p>\n<p>&#13;<\/p>\n<p><strong>Bonjour Cyril Guimard. \u00c9videmment, on sort de trois belles semaines de course en Italie, on aimerait bien avoir l&rsquo;analyse du Druide sur ce Giro d&rsquo;Italia tr\u00e8s serr\u00e9 jusqu&rsquo;\u00e0 cette fin renversante au Colle delle Finestre qui a sacr\u00e9 Simon Yates. Que\u00a0retiens-tu \u00e0 chaud de ce Tour d&rsquo;Italie ?<\/strong><\/p>\n<p>&#13;<\/p>\n<p>Sur trois semaines, il se passe toujours beaucoup de choses. Il y a plusieurs points int\u00e9ressants. Comme d&rsquo;habitude, ou j&rsquo;ai envie de dire comme souvent, le Giro est une \u00e9preuve o\u00f9 il y a beaucoup plus d&rsquo;\u00e9chapp\u00e9es, voire des \u00e9chapp\u00e9es jusqu&rsquo;\u00e0 plus de 30 coureurs. Donc, des \u00e9tapes qui sont plus int\u00e9ressantes que ce qu&rsquo;on peut avoir sur le Tour de France, qui est quand m\u00eame un peu trop cadenass\u00e9. L\u00e0, il y a du mouvement et c&rsquo;est int\u00e9ressant \u00e0 suivre, ne serait-ce qu&rsquo;\u00e0 la t\u00e9l\u00e9vision, pour ceux qui peuvent regarder. \u00c7a, c&rsquo;est une chose.<\/p>\n<p>&#13;<\/p>\n<p>En dehors de cela, il y a deux autres points que l&rsquo;on peut souligner. C&rsquo;est la domination de XDS Astana sur le classement de la montagne, puisqu&rsquo;ils prennent les deux premi\u00e8res places. Et puis, la domination au classement par points de Mads Pedersen, qui fait une saison absolument extraordinaire. Il lui manque une grande victoire sur les classiques de d\u00e9but de saison.<\/p>\n<p>&#13;<\/p>\n<p>\u00a0<\/p>\n<p>&#13;<br \/>\n\u00ab\u00a0Mads Pedersen a pris la place de \u00ab\u00a0Fantastique\u00a0\u00bb de Wout Van Aert\u00a0\u00bb&#13;<\/p>\n<p><strong>Est-ce qu&rsquo;on peut presque le qualifier de \u00ab\u00a0Fantastique\u00a0\u00bb avec son d\u00e9but de saison et ce qu&rsquo;il a fait sur ce Giro ?<\/strong><\/p>\n<p>&#13;<\/p>\n<p>Oui. Aujourd&rsquo;hui, on peut dire qu&rsquo;il a pris la place de Wout Van Aert, qui s&rsquo;est d&rsquo;ailleurs refait une belle petite sant\u00e9 sur ce Tour d&rsquo;Italie, qui a \u00e9t\u00e9 tr\u00e8s efficace et qui a surtout \u00e9t\u00e9 l&rsquo;\u00e9l\u00e9ment d\u00e9terminant dans la victoire de Simon Yates, du moins dans cette \u00e9tape de samedi au Colle delle Finestre. La question qu&rsquo;on peut se poser aussi, c&rsquo;est quand on voit une telle domination d&rsquo;un coureur sur les classements annexes, est-ce que ces classements annexes, comme le classement par points, le classement de la montagne, correspondent \u00e0 quelque chose qui peut servir \u00e0 quelque chose dans le d\u00e9roulement de la course ? J&rsquo;ai l&rsquo;impression qu&rsquo;il faudra peut-\u00eatre r\u00e9fl\u00e9chir au mod\u00e8le de ces classements annexes \u00e0 l&rsquo;avenir.<\/p>\n<p>&#13;<\/p>\n<p>On savait qu&rsquo;Astana tr\u00e8s rapidement ferait tout pour aller chercher la gagne, voir les deux premi\u00e8res places, ce qu&rsquo;ils ont fait. On sait qu&rsquo;ils sont \u00e0 la bagarre pour rester dans le World Tour et qu&rsquo;ils ont besoin de points. Donc l\u00e0, ils sont all\u00e9s chercher plus de 300 points rien que sur le classement de la montagne. Ce qui fait le malheur pour l&rsquo;instant de l&rsquo;\u00e9quipe fran\u00e7aise Cofidis, qui est sortie du panier des 18 (On va avoir la pr\u00e9cision ce mardi pour les comptes exacts). Donc voil\u00e0, je me pose la question de savoir si c&rsquo;est encore utile de faire des classements par points et de la montagne, ou s&rsquo;il faut revoir le mod\u00e8le.<\/p>\n<p>&#13;<\/p>\n<p>\u00a0<\/p>\n<p>&#13;<\/p>\n<p><strong>Et en ce qui concerne le g\u00e9n\u00e9ral ?<\/strong><\/p>\n<p>&#13;<\/p>\n<p>On s&rsquo;attendait \u00e0 un grand match entre les deux grands favoris, Primoz Roglic et Juan Ayuso. Ni l&rsquo;un ni l&rsquo;autre n&rsquo;ont termin\u00e9 pour des raisons diverses, chutes, maladies. Comme quoi, il faut toujours \u00eatre tr\u00e8s prudent lorsqu&rsquo;on veut faire des pronostics ou des commentaires sur ce que l&rsquo;on va peut-\u00eatre vivre pendant ces trois semaines. Et puis en fait, on s&rsquo;est retrouv\u00e9 avec une course quand m\u00eame tr\u00e8s int\u00e9ressante avec deux jeunes loups, Ayuso dans un premier temps puis Isaac Del Toro, et deux trentenaires, Richard Carapaz et Simon Yates. Et finalement, ce sont les anciens qui l&rsquo;ont emport\u00e9. Je dirais que c&rsquo;est presque logique. Il y a eu une telle effervescence sur les jeunes qu&rsquo;ils ont peut-\u00eatre un petit peu eu du mal \u00e0 g\u00e9rer la pression, ainsi que le c\u00f4t\u00e9 strat\u00e9gique.<\/p>\n<p>&#13;<\/p>\n<p>Car un des points essentiels, me semble-t-il, \u00e7a a \u00e9t\u00e9 un moment o\u00f9 ils ont \u00e9t\u00e9, Ayuso et Del Toro, qu&rsquo;on le dise ou non, en opposition. En opposition parce qu&rsquo;ils ont \u00e9chang\u00e9 des maillots, ils sont all\u00e9s chercher des victoires d&rsquo;\u00e9tape. Visiblement, ce n&rsquo;est pas ce qui \u00e9tait pr\u00e9vu au d\u00e9part. Et la charge \u00e9motionnelle et la pression sur ces deux coureurs (on ne parlait m\u00eame plus des autres d&rsquo;ailleurs), \u00e0 mon avis \u00e7a a co\u00fbt\u00e9 cher. Alors bien s\u00fbr, on ne vous dira pas que&#8230; mais c&rsquo;est la r\u00e9alit\u00e9, la r\u00e9alit\u00e9 humaine, elle est comme \u00e7a. Quand vous avez un taureau d&rsquo;un c\u00f4t\u00e9 et un taureau de l&rsquo;autre, il y a un moment o\u00f9 \u00e7a ne va pas le faire. Voil\u00e0 ce qu&rsquo;on peut retenir globalement de tout \u00e7a.<\/p>\n<p>&#13;<\/p>\n<p>Le dernier point, malheureusement, ce n&rsquo;est pas celui dont on peut \u00eatre le plus fier. C&rsquo;est l&rsquo;absence des Fran\u00e7ais dans la cour des grands. Ils n&rsquo;ont jamais \u00e9t\u00e9 acteurs ou ont eu un r\u00f4le essentiel dans le d\u00e9roulement du Tour d&rsquo;Italie. Il faut quand m\u00eame le dire et le f\u00e9liciter, Nicolas Prodhomme, comme Romain Bardet qui malheureusement est pass\u00e9 tout pr\u00e8s d&rsquo;une victoire, sont les deux seuls Fran\u00e7ais qui ont \u00e9t\u00e9 pr\u00e9sents, m\u00eame s&rsquo;ils n&rsquo;ont pas eu d&rsquo;implication sur le classement g\u00e9n\u00e9ral. Mais ils ont \u00e9t\u00e9 pr\u00e9sents, ils se sont battus et ce sont les deux seules satisfactions que l&rsquo;on peut avoir.<\/p>\n<p>&#13;<\/p>\n<p>\u00a0<\/p>\n<p>&#13;<br \/>\n\u00ab\u00a0Isaac Del Toro&#8230; une envie de mim\u00e9tisme avec Tadej Pogacar\u00a0\u00bb&#13;<\/p>\n<p><strong><strong>La v\u00e9ritable r\u00e9v\u00e9lation de ces trois semaines, c&rsquo;est donc\u00a0<\/strong>Isaac Del Toro. On se disait qu&rsquo;il allait craquer \u00e0 un moment donn\u00e9. Finalement, il a tenu, il a tenu&#8230;. et il a c\u00e9d\u00e9 le dernier jour au Finestre. Mais on a eu l&rsquo;impression de voir un \u00ab\u00a0petit Tadej Pogacar\u00a0\u00bb sur le v\u00e9lo, tr\u00e8s en danseuse, \u00e0 r\u00e9pondre un peu partout \u00e0 toutes les attaques.\u00a0<strong>Qu&rsquo;en penses-tu ?<\/strong><\/strong><\/p>\n<p>&#13;<\/p>\n<p>Oui, alors Pogacar, de part les performances qu&rsquo;il a, mais surtout la fa\u00e7on dont il va chercher ses victoires, par obligation, il y a une envie de mim\u00e9tisme. Et on le voit par exemple cette ann\u00e9e. De plus en plus, on voit des coureurs attaquer loin de l&rsquo;arriv\u00e9e, prendre des risques, et quelquefois \u00e7a marche. Et puis bon, \u00e0 son \u00e2ge, s&rsquo;il n&rsquo;a pas cette fougue, c&rsquo;est pas \u00e0 35 ans qu&rsquo;il l&rsquo;aura. Et puis bon, j&rsquo;ai envie de dire, entre guillemets, il est tout neuf, il a la passion, il a l&rsquo;envie. J&rsquo;ai envie de dire, c&rsquo;est parfait. Mais s&rsquo;il perd, \u00e0 mon avis, \u00e7a n&rsquo;est pas \u00e7a. On \u00e9voquait le probl\u00e8me de la pression. Il y a eu des erreurs strat\u00e9giques, mais vous savez, pour ne pas faire d&rsquo;erreurs strat\u00e9giques, il faut \u00eatre le plus fort.<\/p>\n<p>&#13;<\/p>\n<p>Et celui qui a \u00e9t\u00e9 le plus sobre sur l&rsquo;ensemble de ce Giro, c&rsquo;est Yates. Il n&rsquo;a boug\u00e9 que deux fois sur l&rsquo;ensemble du Giro, il s&rsquo;est presque fait oublier comme \u00e9tant un v\u00e9ritable adversaire pour la gagne. Et l&rsquo;adversaire d\u00e9sign\u00e9 v\u00e9ritablement, celui qui \u00e9tait dangereux et que l&rsquo;on surveillait comme l&rsquo;eau sur le gaz, c&rsquo;\u00e9tait Carapaz. Carapaz, dont on conna\u00eet sa capacit\u00e9 \u00e0 attaquer, y compris de loin. Donc ils se sont bien mis sur la gueule, sur le pied du col. Et celui qui a \u00e9t\u00e9 l\u00e0 encore le plus sobre, \u00e7a a \u00e9t\u00e9 Yates. Et quand Yates est sorti, un, il avait les jambes, et derri\u00e8re, qui fait l&rsquo;effort ? Carapaz ou Del Toro ?<\/p>\n<p>&#13;<\/p>\n<p>Logiquement, c&rsquo;est Del Toro qui doit le faire, parce que c&rsquo;est lui qui a le maillot. Si Del Toro se retient, c&rsquo;est qu&rsquo;il n&rsquo;a pas les jambes pour aller le chercher. Et l\u00e0, apr\u00e8s, il va rester sur une course de marquage. Et puis, ni l&rsquo;un ni l&rsquo;autre n&rsquo;ont \u00e9t\u00e9 capables de faire la diff\u00e9rence ou d&rsquo;assurer un tempo qui leur aurait permis, \u00e9ventuellement, dans la derni\u00e8re ascension de Sestri\u00e8res, de remettre les compteurs \u00e0 z\u00e9ro. L\u00e0, en plus, lorsqu&rsquo;ils ont laiss\u00e9 Simon Yates prendre plus d&rsquo;une minute d&rsquo;avance, il y avait Wout Van Aert qui \u00e9tait devant&#8230;<\/p>\n<p>&#13;<\/p>\n<p>\u00a0<\/p>\n<p>&#13;<br \/>\n\u00ab\u00a0Persuad\u00e9 que Carapaz et Del Toro n&rsquo;avait pas les moyens d&rsquo;accompagner Simon Yates\u00a0\u00bb&#13;<\/p>\n<p><strong>Mais c&rsquo;\u00e9tait une erreur \u00e7a d&rsquo;ailleurs, de laisser partir Wout Van Aert dans l&rsquo;\u00e9chapp\u00e9e, non ?<\/strong><\/p>\n<p>&#13;<\/p>\n<p>Oui, mais bon, seulement aujourd&rsquo;hui, on peut dire que c&rsquo;\u00e9tait une erreur. Pendant la course, qui pense que Van Aert va passer le Finestre comme il l&rsquo;a pass\u00e9 ? Et d&rsquo;\u00eatre capable de rouler aussi vite apr\u00e8s ? Mais, apr\u00e8s analyse, quand la course est finie, oui, \u00e7a a \u00e9t\u00e9 une erreur&#8230; Ou alors, il aurait fallu se rapprocher plus pr\u00e8s, au pied du dernier col, de fa\u00e7on \u00e0 ce que Yates puisse pas b\u00e9n\u00e9ficier de son soutien. Mais c&rsquo;est une strat\u00e9gie qui, quand elle est bien faite, marche. Vous savez, Hinault, il gagne aussi un Tour d&rsquo;Italie de cette fa\u00e7on-l\u00e0, avec Jean-Ren\u00e9 Bernaudeau qui \u00e9tait sorti, avec la derni\u00e8re mont\u00e9e qui \u00e9tait le Stelvio. On l&rsquo;a fait dans d&rsquo;autres circonstances. Mais le jeu ne demande toujours que faute. S&rsquo;il n&rsquo;y avait jamais de faute&#8230; Mais moi, je reste persuad\u00e9 que l&rsquo;un comme l&rsquo;autre n&rsquo;avait pas les moyens d&rsquo;accompagner Simon Yates.<\/p>\n<p>&#13;<\/p>\n<p>\u00a0<\/p>\n<p>&#13;<\/p>\n<p><strong>Et en dehors des moyens, on a vu Del Toro et Carapaz se regarder dans la descente derri\u00e8re, et il y en a beaucoup qui ont critiqu\u00e9 Del Toro sur son attitude et le fait de ne pas du tout d\u00e9fendre le maillot rose, d&rsquo;abandonner litt\u00e9ralement alors qu&rsquo;il \u00e9tait en situation de gagner le Giro. Toi, comment tu vois cela, ce manque de \u00ab\u00a0panache\u00a0\u00bb ?<\/strong><\/p>\n<p>&#13;<\/p>\n<p>Je crois qu&rsquo;on n&rsquo;est plus sur le manque de panache. C&rsquo;est lui qui descend le mieux, c&rsquo;est un super descendeur. On l&rsquo;a vu quand il va chercher sa gagne d&rsquo;\u00e9tape devant Romain Bardet. Il a une capacit\u00e9 \u00e0 virer tr\u00e8s vite, ses trajectoires sont propres. Il ne doit pas s&rsquo;occuper de Carapaz dans la descente. Carapaz, il le sort dans les virages. Ce qui veut dire qu&rsquo;il n&rsquo;est plus en confiance. S&rsquo;il est en confiance, il fait la descente, mais apr\u00e8s il faut qu&rsquo;il fasse la mont\u00e9e. Et \u00e0 mon avis, \u00e0 partir du moment o\u00f9 ils n&rsquo;ont pas \u00e9t\u00e9 capables soit de s&rsquo;entendre, soit de r\u00e9agir, soit de prendre leur destin en main, \u00e7a veut dire qu&rsquo;ils n&rsquo;avaient pas les jambes pour y aller. Et la descente, si tu la fais \u00e0 fond, comment tu fais la mont\u00e9e ? Mais m\u00eame par rapport \u00e0 Yates, Yates n&rsquo;est pas un grand descendeur. Donc tu pouvais refaire une partie du retard, mais apr\u00e8s il fallait faire la mont\u00e9e.<\/p>\n<p>&#13;<\/p>\n<p>Et Yates avait quand m\u00eame un avantage sur ces deux coureurs, c&rsquo;est qu&rsquo;un, il est plus l\u00e9ger sur des cols longs avec des pourcentages importants, comme dans le Finestre, et bien il a quand m\u00eame un petit plus. Donc une fois qu&rsquo;il \u00e9tait parti, qu&rsquo;il se mettait dans son rythme, qu&rsquo;il lissait son effort jusqu&rsquo;en haut, pour faire l&rsquo;effort et revenir sur lui, il fallait trop de watts.<\/p>\n<p>&#13;<\/p>\n<p>\u00a0<\/p>\n<p>&#13;<\/p>\n<p><strong>Est-ce qu&rsquo;on n&rsquo;appellerait pas le Colle delle Finestre, le col des Britanniques, au final ? Parce qu&rsquo;on a eu le grand solo de Chris Froome il y a quelques ann\u00e9es, en 2018, o\u00f9 d&rsquo;ailleurs Simon Yates avait totalement d\u00e9failli et avait perdu le Giro ce jour-l\u00e0.<\/strong><\/p>\n<p>&#13;<\/p>\n<p>Je me souviens bien puisque je commentais \u00e0 l&rsquo;\u00e9poque. On pourra toujours se poser des questions sur le raid de Froome, d&rsquo;une part, parce que derri\u00e8re \u00e7a a roul\u00e9 quand m\u00eame pendant des kilom\u00e8tres et des kilom\u00e8tres, et c&rsquo;\u00e9tait l&rsquo;ann\u00e9e aussi o\u00f9 Pinot pouvait l&#8217;emporter. Et o\u00f9 Pinot a aussi explos\u00e9 le lendemain. Alors c&rsquo;est un col qui est tr\u00e8s tr\u00e8s difficile \u00e0 g\u00e9rer, parce que d&rsquo;abord on est sur du gravel. D&rsquo;ailleurs pour la petite histoire, on dit derni\u00e8rement qu&rsquo;on a invent\u00e9 les courses de gravel : non, les courses de gravel, c&rsquo;est celles qui existaient quand on faisait le Tour en 1903, mais m\u00eame apr\u00e8s la guerre, rappelez-vous, les Tourmalet, Aubisque ou les grands cols, on les faisait sur les gravillons. Et \u00e7a, \u00e7a complique les choses, \u00e7a complique les choses sur les coureurs lourds, parce que vous avez moins de motricit\u00e9, donc vous avez une d\u00e9perdition. Si vous pesez 10 kilos de plus, c&rsquo;est un handicap sur un rev\u00eatement sur lequel il y a \u00e9norm\u00e9ment de patinage.<\/p>\n<p>&#13;<\/p>\n<p>Donc le Finestre, il faudra peut-\u00eatre le remettre plus souvent, surtout la veille de l&rsquo;arriv\u00e9e, c&rsquo;est pas mal, puisqu&rsquo;il s&rsquo;y passe toujours quelque chose. Mais je pense que les organisateurs le savent aussi bien que nous.<\/p>\n<p>&#13;<\/p>\n<p>\u00a0<\/p>\n<p>&#13;<br \/>\n\u00ab\u00a0Quand vous avez Tadej Pogacar au d\u00e9part&#8230;\u00a0c&rsquo;est difficile de le battre\u00a0\u00bb&#13;<\/p>\n<p><strong>On a eu une bataille qui a tard\u00e9 \u00e0 se lancer avec une derni\u00e8re semaine, comme toujours, tr\u00e8s dense en Italie, mais un final assez fou sur cette avant-derni\u00e8re \u00e9tape. Et si on compare par rapport \u00e0 l&rsquo;ann\u00e9e derni\u00e8re et l&rsquo;\u00e9crasante domination de Tadej Pogacar, ce qu&rsquo;on peut en conclure, c&rsquo;est qu&rsquo;un Grand Tour sans \u00ab\u00a0Fantastiques\u00a0\u00bb, c&rsquo;est peut-\u00eatre un Grand Tour bien plus passionnant \u00e0 suivre&#8230;<\/strong><\/p>\n<p>&#13;<\/p>\n<p>Oui, on va dire aux coureurs non plus de mettre un moteur, mais on va leur mettre un rupteur, surtout \u00e0 Pogacar (rires). Mais en fait, ce qui a provoqu\u00e9 cette derni\u00e8re semaine aussi intense, aussi impr\u00e9visible, c&rsquo;est que les deux grands favoris n&rsquo;\u00e9taient plus l\u00e0. Or, si Ayuso et Roglic sont l\u00e0, c&rsquo;est quand m\u00eame deux grosses \u00e9quipes qui allaient bloquer la course. Avec un Del Toro bloqu\u00e9 par Ayuso, et donc dans une position d&rsquo;\u00e9quipier. Et donc apr\u00e8s, il restait qui ? Il ne restait que Yates. Donc le fait que les deux grands favoris quittent la course vers la 16e \u00e9tape, la course s&rsquo;est compl\u00e8tement d\u00e9brid\u00e9e. Il n&rsquo;y avait plus de v\u00e9ritable patron, puis il y avait quand m\u00eame des \u00e9quipes \u00e0 qui il manquait un ou deux coureurs, et pas n&rsquo;importe lesquels.<\/p>\n<p>&#13;<\/p>\n<p>Donc l\u00e0, oui, une course est quelquefois plus int\u00e9ressante quand on a des coureurs qui sont quelque part du m\u00eame niveau, ou du moins pas loin les uns des autres, et o\u00f9 la strat\u00e9gie devient importante. Et quand vous avez Pogacar, si Pogacar n&rsquo;a pas de probl\u00e8me, c&rsquo;est difficile de le battre. Mais il a d\u00e9j\u00e0 \u00e9t\u00e9 battu, il n&rsquo;a pas toujours \u00e9t\u00e9 le plus fort sur les grands tours, comme le Tour de France.<\/p>\n<p>&#13;<\/p>\n<p>\u00a0<\/p>\n<p>&#13;<br \/>\n\u00ab\u00a0Pogacar, Vingegaard, Evenepoel&#8230; ils vont \u00eatre dans l&rsquo;obligation soit de masquer, soit de bluffer\u00a0\u00bb&#13;<\/p>\n<p><strong>\u00c9videmment, et d&rsquo;ailleurs on va faire la transition l\u00e0 dessus. On a \u00e9videmment le Tour de France qui arrive dans un mois, mais LA course de pr\u00e9paration pour le Tour de France, le Crit\u00e9rium du Dauphin\u00e9, va \u00eatre tr\u00e8s int\u00e9ressante \u00e0 suivre cette ann\u00e9e, puisqu&rsquo;on a les trois membres du podium de l&rsquo;ann\u00e9e derni\u00e8re qui sont pr\u00e9sents au d\u00e9part : Tadej Pogacar, Jonas Vingegaard et Remco Evenepoel, qui vont se d\u00e9fier pour la premi\u00e8re fois depuis tr\u00e8s longtemps, tous les trois. Qu&rsquo;est-ce qu&rsquo;on en pense de ces t\u00eates d&rsquo;affiches, de cette semaine qui arrive sur le Dauphin\u00e9 ? Est-ce qu&rsquo;on va avoir un match \u00e0 trois int\u00e9ressant, ou alors quelque chose de totalement diff\u00e9rent pour toi ?<\/strong><\/p>\n<p>&#13;<\/p>\n<p>Bien malin, celui qui est capable de le dire. Parce qu&rsquo;est-ce qu&rsquo;on se d\u00e9couvre ? Est-ce qu&rsquo;on ne se d\u00e9couvre pas ? Le Dauphin\u00e9, c&rsquo;est vrai par le pass\u00e9, mais je dis bien par le pass\u00e9, les hommes forts du Dauphin\u00e9 \u00e9taient les hommes forts du Tour. Aujourd&rsquo;hui, \u00e7a n&rsquo;est pas obligatoirement le cas. On se pr\u00e9pare plus \u00e0 l&rsquo;entra\u00eenement qu&rsquo;avec le nombre de comp\u00e9titions que vous faites. Pogacar, il n&rsquo;a pas couru depuis je ne sais pas combien de temps (fin avril,et Li\u00e8ge-Bastogne-Li\u00e8ge, ndlr). Evenepoel aussi (Tour de Romandie, d\u00e9but mai). Donc l\u00e0, on est face \u00e0 des coureurs qui sortent de blocs de travail. Vingegaard, on ne sait m\u00eame plus s&rsquo;il a couru d&rsquo;ailleurs depuis le d\u00e9but de l&rsquo;ann\u00e9e (son abandon sur Paris-Nice, ndlr).<\/p>\n<p>&#13;<\/p>\n<p>Ils vont \u00eatre dans l&rsquo;obligation soit de masquer, soit de bluffer, mais de bluffer en faisant croire qu&rsquo;ils sont plus forts qu&rsquo;ils ne le sont. Je pense, si on prend le temp\u00e9rament de Pogacar, qui est quand m\u00eame un coureur qui veut gagner, s&rsquo;il a d\u00e9cid\u00e9 (et qu&rsquo;il a les jambes) de passer \u00e0 l&rsquo;offensive dans les \u00e9tapes de col, l\u00e0, on aura une vision un peu plus claire que celle qu&rsquo;on a aujourd&rsquo;hui. S&rsquo;il ne bouge pas, qu&rsquo;il reste en dedans et qu&rsquo;il attend, pour moi, \u00e7a ne voudrait rien dire.<\/p>\n<p>&#13;<\/p>\n<p>\u00a0<\/p>\n<p>&#13;<\/p>\n<p><strong>Pour toi, il n&rsquo;y a pas d&rsquo;avantage psychologique qui peut \u00eatre pris sur cette course-l\u00e0, avec un Pogacar qui pourrait marquer au fer rouge Vingegaard et Evenepoel ?<\/strong><\/p>\n<p>&#13;<\/p>\n<p>Non, ce n&rsquo;est pas parce que vous avez gagn\u00e9 le Dauphin\u00e9 devant Vingegaard, ou si Evenepoel gagne le Dauphin\u00e9 devant Vingegaard et Pogacar, \u00e7a ne veut pas dire qu&rsquo;il gagnera le Tour. On aura des indices quand m\u00eame, mais il faut surtout regarder autour, pas au milieu.<\/p>\n<p>&#13;<\/p>\n<p>\u00a0<\/p>\n<p>&#13;<\/p>\n<p><strong>Entre les \u00e9quipes aussi, entre Visma et UAE, on va commencer \u00e0 se jauger un petit peu \u00e9galement.<\/strong><\/p>\n<p>&#13;<\/p>\n<p>Oui, si on prend par exemple Evenepoel, il a perdu Mikel Landa. Mais on peut encore en perdre d&rsquo;autres d&rsquo;ici le d\u00e9part et l&rsquo;arriv\u00e9e. Souvent, en d\u00e9but de saison, on nous dit qu&rsquo;en pr\u00e9sentation du Tour, il y a un tel, un tel, un tel, ils vont \u00eatre sur le Tour&#8230; Non, il y a entre 30 et 50% des coureurs qui sont les favoris potentiels ou ceux qui doivent agir sur la course, qui ne sont pas au d\u00e9part parce qu&rsquo;ils sont soit malades, soit en r\u00e9\u00e9ducation. Donc, qui on aura exactement au d\u00e9part du Tour, on n&rsquo;en sait rien. On pensait une grande saison d&rsquo;Evenepoel, et puis \u00e0 l&rsquo;entra\u00eenement, il s&rsquo;est pris une porti\u00e8re de voiture. Bon, il est revenu sur Li\u00e8ge, mais on a vu qu&rsquo;il n&rsquo;\u00e9tait pas encore dans le coup. De toute fa\u00e7on, c&rsquo;est bien qu&rsquo;on ne puisse pas dire ce qui va se passer.<\/p>\n<p>&#13;<\/p>\n<p>\u00a0<\/p>\n<p>&#13;<br \/>\n\u00ab\u00a0Lenny Martinez ? Il va marcher sur le Dauphin\u00e9, avec l&rsquo;envie d&rsquo;aller chercher la gagne\u00a0\u00bb&#13;<\/p>\n<p><strong>C&rsquo;est ce qui fait le sel aussi de la course, mais on a quand m\u00eame h\u00e2te de voir ces premiers affrontements. Et puis, tu l&rsquo;as dit toi-m\u00eame, on ne conna\u00eet pas leur niveau en sortie de stage, est-ce qu&rsquo;ils vont \u00eatre \u00e0 leur plein potentiel ou pas, mais on a du coup des outsiders comme un certain Lenny Martinez qui pourrait peut-\u00eatre arriver en grande forme sur ce Dauphin\u00e9 et surprendre avec un podium, voire plus peut-\u00eatre, non ?<\/strong><\/p>\n<p>&#13;<\/p>\n<p>Oui, et je pense qu&rsquo;il va marcher. Parce que je pense qu&rsquo;il l&rsquo;a dans la t\u00eate, parce que pour lui, c&rsquo;est son Grand Tour cette ann\u00e9e. C&rsquo;est une \u00e9preuve fran\u00e7aise qu&rsquo;il conna\u00eet bien et o\u00f9 les Martinez ont d\u00e9j\u00e0 marqu\u00e9 de leur empreinte. Donc, je pense qu&rsquo;il va arriver au d\u00e9part en tr\u00e8s bonnes conditions et avec l&rsquo;envie d&rsquo;aller chercher la gagne. \u00c7a, c&rsquo;est \u00e9vident.<br \/>Et pour lui, s&rsquo;il bat les grands favoris, il deviendra un des coureurs sur lesquels il faudra compter \u00e0 l&rsquo;avenir.<\/p>\n<p>&#13;<\/p>\n<p>\u00a0<\/p>\n<p>&#13;<\/p>\n<p><strong>\u00c0 l&rsquo;avenir proche, sur le Tour de France 2025 d\u00e9j\u00e0 peut-\u00eatre ?<\/strong><\/p>\n<p>&#13;<\/p>\n<p>Je ne suis pas s\u00fbr que ce soit une bonne id\u00e9e de le mettre&#8230;<\/p>\n<p>&#13;<\/p>\n<p>\u00a0<\/p>\n<p>&#13;<br \/>\n\u00ab\u00a0Romain Bardet&#8230;\u00a0un coureur qui aura marqu\u00e9 son \u00e9poque\u00a0et qui a encore beaucoup de choses \u00e0 apporter au cyclisme, s&rsquo;il veut y rester\u00a0\u00bb&#13;<\/p>\n<p><strong>On va finir sur un petit mot, peut-\u00eatre sur les adieux de Romain Bardet. On a eu la \u00ab\u00a0der\u00a0\u00bb de Romain Bardet sur le Giro, sur un Grand Tour. On a d\u00e9sormais l&rsquo;ultime \u00ab\u00a0der\u00a0\u00bb de Romain Bardet sur une course. Qu&rsquo;est-ce que tu penses, toi, de sa d\u00e9cision d&rsquo;arr\u00eater comme \u00e7a en plein milieu d&rsquo;ann\u00e9e, sur un peu sa course proche de chez lui ? Est-ce qu&rsquo;il peut faire une sortie \u00e0 la hauteur de sa carri\u00e8re ?<\/strong><\/p>\n<p>&#13;<\/p>\n<p>Alors, d&rsquo;arr\u00eater soit apr\u00e8s le Tour de France, soit apr\u00e8s le Tour d&rsquo;Italie, soit apr\u00e8s le Tour des Flandres, c&rsquo;est devenu une mode. Il y a nombre de coureurs qui arr\u00eatent en milieu de saison, en accord avec leurs employeurs, avec leur \u00e9quipe. Vraisemblablement que \u00e7a a \u00e9t\u00e9 d\u00e9cid\u00e9 avec un avenant au contrat. Je le r\u00e9p\u00e8te, c&rsquo;est devenu une mode. Avant, jamais on ne sera arr\u00eat\u00e9, sauf accident. Mais sur le plan m\u00e9diatique, effectivement, il y a un plus. C&rsquo;est-\u00e0-dire que vous le faites dans un cadre bien pr\u00e9cis o\u00f9 \u00e7a va devenir un \u00e9v\u00e9nement. Et pour Romain Bardet, en plus, les Alpes il conna\u00eet bien. Le Dauphin\u00e9, c&rsquo;est dans les Alpes. C&rsquo;est donc non pas sa r\u00e9gion de naissance, mais d&rsquo;adoption, donc il va avoir envie de briller. Et c&rsquo;est tr\u00e8s bien.<\/p>\n<p>&#13;<\/p>\n<p>Sur le Tour d&rsquo;Italie, c&rsquo;est dommage que, comme sur le dernier Tour de France, il ne va pas chercher une gagne d&rsquo;\u00e9tape. C&rsquo;est un coureur qui aura marqu\u00e9 son \u00e9poque, au travers de sa personnalit\u00e9, de son charisme, de sa fa\u00e7on aussi d&rsquo;analyser les choses, les \u00e9v\u00e9nements. Avec quelquefois, sans langue de bois, un homme int\u00e9ressant qui a encore beaucoup de choses, je pense, \u00e0 apporter au cyclisme s&rsquo;il veut y rester. Mais je lui souhaite un bon Dauphin\u00e9 et il peut \u00eatre fier de sa carri\u00e8re.<\/p>\n<p>Tour d&rsquo;Italie &#8211; Classement g\u00e9n\u00e9ral<\/p>\n","protected":false},"excerpt":{"rendered":"Lire la suite de l&rsquo;article&#13; \u00a0 &#13; \u00a0 &#13; Bonjour Cyril Guimard. \u00c9videmment, on sort de trois belles&hellip;\n","protected":false},"author":2,"featured_media":150246,"comment_status":"","ping_status":"","sticky":false,"template":"","format":"standard","meta":{"footnotes":""},"categories":[1411],"tags":[1154,207,1011,27,209,60,3318,208],"class_list":{"0":"post-150245","1":"post","2":"type-post","3":"status-publish","4":"format-standard","5":"has-post-thumbnail","7":"category-cyclisme","8":"tag-cycling","9":"tag-cyclisme","10":"tag-fr","11":"tag-france","12":"tag-route","13":"tag-sports","14":"tag-tour-d","15":"tag-velo"},"share_on_mastodon":{"url":"https:\/\/pubeurope.com\/@fr\/114622417050097491","error":""},"_links":{"self":[{"href":"https:\/\/www.europesays.com\/fr\/wp-json\/wp\/v2\/posts\/150245","targetHints":{"allow":["GET"]}}],"collection":[{"href":"https:\/\/www.europesays.com\/fr\/wp-json\/wp\/v2\/posts"}],"about":[{"href":"https:\/\/www.europesays.com\/fr\/wp-json\/wp\/v2\/types\/post"}],"author":[{"embeddable":true,"href":"https:\/\/www.europesays.com\/fr\/wp-json\/wp\/v2\/users\/2"}],"replies":[{"embeddable":true,"href":"https:\/\/www.europesays.com\/fr\/wp-json\/wp\/v2\/comments?post=150245"}],"version-history":[{"count":0,"href":"https:\/\/www.europesays.com\/fr\/wp-json\/wp\/v2\/posts\/150245\/revisions"}],"wp:featuredmedia":[{"embeddable":true,"href":"https:\/\/www.europesays.com\/fr\/wp-json\/wp\/v2\/media\/150246"}],"wp:attachment":[{"href":"https:\/\/www.europesays.com\/fr\/wp-json\/wp\/v2\/media?parent=150245"}],"wp:term":[{"taxonomy":"category","embeddable":true,"href":"https:\/\/www.europesays.com\/fr\/wp-json\/wp\/v2\/categories?post=150245"},{"taxonomy":"post_tag","embeddable":true,"href":"https:\/\/www.europesays.com\/fr\/wp-json\/wp\/v2\/tags?post=150245"}],"curies":[{"name":"wp","href":"https:\/\/api.w.org\/{rel}","templated":true}]}}