{"id":150254,"date":"2025-06-04T01:11:11","date_gmt":"2025-06-04T01:11:11","guid":{"rendered":"https:\/\/www.europesays.com\/fr\/150254\/"},"modified":"2025-06-04T01:11:11","modified_gmt":"2025-06-04T01:11:11","slug":"karine-le-marchand-veut-passer-a-autre-chose-apres-les-audiences-moyennes-dune-ambition-intime","status":"publish","type":"post","link":"https:\/\/www.europesays.com\/fr\/150254\/","title":{"rendered":"Karine Le Marchand \u00ab\u00a0veut passer \u00e0 autre chose\u00a0\u00bb apr\u00e8s les audiences \u00ab\u00a0moyennes\u00a0\u00bb d'\u00a0\u00bbUne Ambition intime\u00a0\u00bb"},"content":{"rendered":"<p><img decoding=\"async\" class=\"caas-img caas-lazy has-preview\" src=\"https:\/\/www.europesays.com\/fr\/wp-content\/uploads\/2025\/06\/bea39aa6cfbc7960009bfc97185008c0.jpeg\"\/><\/p>\n<p>Une ambition intime, c&rsquo;est fini. L&rsquo;\u00e9mission de M6 o\u00f9 <a href=\"https:\/\/fr.news.yahoo.com\/communication-contr%C3%B4l%C3%A9e-%C3%A9lan-sinc%C3%A9rit%C3%A9-pourquoi-050400804.html\" data-ylk=\"slk:Karine Le Marchand;elm:context_link;itc:0;sec:content-canvas;outcm:mb_qualified_link;_E:mb_qualified_link;ct:story;\" class=\"link  yahoo-link\" target=\"_blank\" rel=\"noopener\">Karine Le Marchand<\/a> interrogeait des personnalit\u00e9s politiques touche \u00e0 sa fin. Apr\u00e8s les mauvaises audiences de plusieurs num\u00e9ros, elle a annonc\u00e9 sa d\u00e9cision, a rep\u00e9r\u00e9 le <a href=\"https:\/\/www.huffingtonpost.fr\/divertissement\/article\/une-ambition-intime-sur-m6-karine-le-marchand-decue-par-les-audiences-veut-passer-a-autre-chose_250864.html\" rel=\"nofollow noopener\" target=\"_blank\" data-ylk=\"slk:Huffington Post;elm:context_link;itc:0;sec:content-canvas\" class=\"link \">Huffington Post<\/a>.<\/p>\n<p>\u00ab\u00a0\u00c7a n\u2019a pas march\u00e9 comme je l\u2019esp\u00e9rais\u00a0\u00bb, a-t-elle \u00e9crit ce lundi 2 juin dans une story Instagram d\u00e9sormais effac\u00e9e apr\u00e8s la diffusion d&rsquo;une \u00e9mission consacr\u00e9e \u00e0 Sandrine Rousseau, G\u00e9rald Darmanin, Jordan Bardella et Fabien Roussel.<\/p>\n<p>\u00ab\u00a0Pour dire la v\u00e9rit\u00e9, \u00e7a a march\u00e9 selon les personnes. On s\u2019en doutait un petit peu, il y en a deux pour qui \u00e7a a mieux march\u00e9 que les deux autres. C\u2019est une r\u00e9alit\u00e9. On le savait, mais au final, \u00e7a fait une audience, on va dire, moyenne\u2026\u00a0\u00bb, a-t-elle ajout\u00e9.<\/p>\n<p>Selon M\u00e9diam\u00e9trie, qui comptabilise les audiences des \u00e9missions, l&rsquo;\u00e9mission de dimanche a attir\u00e9 seulement 1,46\u00a0million de t\u00e9l\u00e9spectateurs, soit 7,9\u00a0% du public de 4\u00a0ans et plus.<\/p>\n<p>\u00ab\u00a0Loin des clich\u00e9s\u00a0\u00bb<\/p>\n<p>L&rsquo;animatrice, qui cartonne par ailleurs avec L<a href=\"https:\/\/fr.news.yahoo.com\/lamour-pr%C3%A9-candidat-na-re%C3%A7u-063051712.html\" data-ylk=\"slk:&#039;Amour est dans le pr\u00e9;elm:context_link;itc:0;sec:content-canvas;outcm:mb_qualified_link;_E:mb_qualified_link;ct:story;\" class=\"link  yahoo-link\" target=\"_blank\" rel=\"noopener\">&lsquo;Amour est dans le pr\u00e9<\/a>, a tenu \u00e0 remercier ses fans pour leur soutien. \u00ab\u00a0Vous avez\u00a0d\u00e9couvert des personnes loin des clich\u00e9s avec beaucoup de bienveillance.\u00a0\u00bb<\/p>\n<p>\u00ab\u00a0C\u2019est ce que j\u2019ai voulu faire. Et maintenant, comme \u00e7a fait 2\u00a0ans que je suis dessus: je passe \u00e0 autre chose!\u00a0\u00bb, a conclu Karine Le Marchand, qui pr\u00e9sentera bient\u00f4t la saison 20\u00a0de L\u2019Amour est dans le pr\u00e9.<\/p>\n<p>Lanc\u00e9e en 2016, Une ambition intime proposait une s\u00e9rie de portraits souvent d\u00e9cal\u00e9s de personnalit\u00e9s politiques. Marine Le\u00a0Pen, Anne Hidalgo, Nicolas Sarkozy ou encore Marine Le Pen sont pass\u00e9s devant les cam\u00e9ras de Karine Le Marchand.<\/p>\n<p><a href=\"https:\/\/www.bfmtv.com\/people\/tv\/karine-le-marchand-veut-passer-a-autre-chose-apres-les-audiences-moyennes-d-une-ambition-intime_AN-202506030802.html#xtor=AL-68\" rel=\"nofollow noopener\" target=\"_blank\" data-ylk=\"slk:Article original publi\u00e9 sur BFMTV.com;elm:context_link;itc:0;sec:content-canvas\" class=\"link \">Article original publi\u00e9 sur BFMTV.com<\/a><\/p>\n","protected":false},"excerpt":{"rendered":"Une ambition intime, c&rsquo;est fini. L&rsquo;\u00e9mission de M6 o\u00f9 Karine Le Marchand interrogeait des personnalit\u00e9s politiques touche \u00e0&hellip;\n","protected":false},"author":2,"featured_media":150255,"comment_status":"","ping_status":"","sticky":false,"template":"","format":"standard","meta":{"footnotes":""},"categories":[1356],"tags":[58,59,24427,1011,27,432,1077,5413,430,16928,6522,252,1364],"class_list":{"0":"post-150254","1":"post","2":"type-post","3":"status-publish","4":"format-standard","5":"has-post-thumbnail","7":"category-television","8":"tag-divertissement","9":"tag-entertainment","10":"tag-fabien-roussel","11":"tag-fr","12":"tag-france","13":"tag-gerald-darmanin","14":"tag-jordan-bardella","15":"tag-karine-le-marchand","16":"tag-marine-le-pen","17":"tag-personnalites-politiques","18":"tag-sandrine-rousseau","19":"tag-television","20":"tag-tv"},"share_on_mastodon":{"url":"https:\/\/pubeurope.com\/@fr\/114622436745239101","error":""},"_links":{"self":[{"href":"https:\/\/www.europesays.com\/fr\/wp-json\/wp\/v2\/posts\/150254","targetHints":{"allow":["GET"]}}],"collection":[{"href":"https:\/\/www.europesays.com\/fr\/wp-json\/wp\/v2\/posts"}],"about":[{"href":"https:\/\/www.europesays.com\/fr\/wp-json\/wp\/v2\/types\/post"}],"author":[{"embeddable":true,"href":"https:\/\/www.europesays.com\/fr\/wp-json\/wp\/v2\/users\/2"}],"replies":[{"embeddable":true,"href":"https:\/\/www.europesays.com\/fr\/wp-json\/wp\/v2\/comments?post=150254"}],"version-history":[{"count":0,"href":"https:\/\/www.europesays.com\/fr\/wp-json\/wp\/v2\/posts\/150254\/revisions"}],"wp:featuredmedia":[{"embeddable":true,"href":"https:\/\/www.europesays.com\/fr\/wp-json\/wp\/v2\/media\/150255"}],"wp:attachment":[{"href":"https:\/\/www.europesays.com\/fr\/wp-json\/wp\/v2\/media?parent=150254"}],"wp:term":[{"taxonomy":"category","embeddable":true,"href":"https:\/\/www.europesays.com\/fr\/wp-json\/wp\/v2\/categories?post=150254"},{"taxonomy":"post_tag","embeddable":true,"href":"https:\/\/www.europesays.com\/fr\/wp-json\/wp\/v2\/tags?post=150254"}],"curies":[{"name":"wp","href":"https:\/\/api.w.org\/{rel}","templated":true}]}}