{"id":150264,"date":"2025-06-04T01:16:09","date_gmt":"2025-06-04T01:16:09","guid":{"rendered":"https:\/\/www.europesays.com\/fr\/150264\/"},"modified":"2025-06-04T01:16:09","modified_gmt":"2025-06-04T01:16:09","slug":"on-etait-sur-que-le-collier-ne-protegeait-pas-les-deux-assure-noemie","status":"publish","type":"post","link":"https:\/\/www.europesays.com\/fr\/150264\/","title":{"rendered":"\u00ab\u00a0On \u00e9tait s\u00fbr que le collier ne prot\u00e9geait pas les deux\u00a0\u00bb, assure No\u00e9mie"},"content":{"rendered":"<p>Un bluff fatal pour No\u00e9mie. Ce mardi soir sur <a href=\"https:\/\/www.20minutes.fr\/dossier\/tf1\" class=\"color-ultramarine c-link\" target=\"_blank\" rel=\"noopener\">TF1<\/a>, la Bretonne a quitt\u00e9 l\u2019aventure \u00ab\u00a0<a href=\"https:\/\/www.20minutes.fr\/arts-stars\/television\/koh_lanta\/\" class=\"color-ultramarine c-link\" target=\"_blank\" rel=\"noopener\">Koh-Lanta<\/a>\u00a0\u00bb. Redoutable sur les \u00e9preuves, la cheffe d\u2019entreprise de 32 ans a \u00e9t\u00e9 la victime du coup de bluff orchestr\u00e9 par J\u00e9r\u00f4me le Catalan et Claire. Les deux candidats ont fait croire \u00e0 leurs adversaires qu\u2019ils avaient remport\u00e9 un collier d\u2019immunit\u00e9 qui les prot\u00e9geait tous les deux. Le tout avec un faux collier en mains\u00a0! Un subterfuge qui a rebattu les cartes de bien des strat\u00e9gies et qui a conduit \u00e0 l\u2019\u00e9limination de No\u00e9mie.<\/p>\n<p>Pour \u00ab\u00a0<a href=\"https:\/\/www.20minutes.fr\/dossier\/20_minutes\" class=\"color-ultramarine c-link\" target=\"_blank\" rel=\"noopener\">20 Minutes<\/a>\u00a0\u00bb, cette passionn\u00e9e de voile revient, sans d\u00e9tour, sur cet \u00e9pisode qui restera dans les m\u00e9moires des fans du jeu anim\u00e9 par <a href=\"https:\/\/www.20minutes.fr\/dossier\/denis_brogniart\" class=\"color-ultramarine c-link\" target=\"_blank\" rel=\"noopener\">Denis Brogniart<\/a>.<\/p>\n<p>Dans quel \u00e9tat d\u2019esprit avez-vous abord\u00e9 le conseil\u00a0?<\/p>\n<p>Je pensais que \u00e7a allait \u00eatre chaud pour moi. Je me disais que dans \u00ab\u00a0Koh-Lanta\u00a0\u00bb, il y a toujours une part de chance. Donc, je pensais que, sur un mal entendu, \u00e7a allait le faire (rires).<\/p>\n<p>Revenons au moment o\u00f9 J\u00e9r\u00f4me et Claire r\u00e9v\u00e8lent qu\u2019ils ont en leur possession un collier d\u2019immunit\u00e9\u2026<\/p>\n<p>A aucun moment, je n\u2019ai pens\u00e9 que c\u2019\u00e9tait un faux collier. Ils nous l\u2019ont montr\u00e9, donc pas de doute. Par contre, on \u00e9tait s\u00fbr que ce collier ne prot\u00e9geait pas les deux. C\u2019\u00e9tait improbable, on se disait qu\u2019ils nous baladaient un peu. Mais ils ont \u00e9t\u00e9 tr\u00e8s gourmands\u2026<\/p>\n<p>Avez-vous regrett\u00e9 de ne pas avoir fait alliance avec C\u00e9line et Ga\u00eblle, le \u00ab\u00a0bin\u00f4me de l\u2019Est\u00a0\u00bb\u00a0?<\/p>\n<p>Avec des \u00ab\u00a0si\u00a0\u00bb, on refait l\u2019aventure. On aurait d\u00fb rester focus sur Claire car, m\u00eame si elle sortait un collier, \u00e7a ne changeait pas l\u2019issue du jeu. Il faut savoir que lorsque J\u00e9r\u00f4me (le Catalan) a remport\u00e9 son \u00e9preuve, Claire \u00e9tait du coup d\u00e9tentrice du collier. On s\u2019est perdu dans le jeu. Apr\u00e8s trente-cinq jours d\u2019aventures, on n\u2019\u00e9tait plus si lucide que \u00e7a.<\/p>\n<p>Avec une alliance avec C\u00e9line et Ga\u00eblle, il y avait la possibilit\u00e9 de faire sortir J\u00e9r\u00f4me (des <a href=\"https:\/\/www.20minutes.fr\/societe\/landes\/\" class=\"color-ultramarine c-link\" target=\"_blank\" rel=\"noopener\">Landes<\/a>), un Orange, mais je n\u2019aurais pu continuer le jeu en me disant que j\u2019avais \u00e9limin\u00e9 un Orange.<\/p>\n<p>Votre loyaut\u00e9 vous a co\u00fbt\u00e9 votre place dans l\u2019aventure\u2026<\/p>\n<p>La loyaut\u00e9 me d\u00e9finit, donc je ne regrette rien. J\u2019ai tiss\u00e9 des liens tr\u00e8s forts avec Ma\u00ebl et J\u00e9r\u00f4me (des Landes). Je n\u2019aurais pas voulu g\u00e2cher notre amiti\u00e9, car elle est plus forte que le jeu. Sans eux, mon exp\u00e9rience aurait \u00e9t\u00e9 diff\u00e9rente. C\u2019est dans les gal\u00e8res qu\u2019on vit les plus belles histoires. Le d\u00e9part de Romane a \u00e9t\u00e9 le moment qui nous a soud\u00e9s \u00e0 jamais tous les trois. Je ne pouvais pas me la jouer perso.<\/p>\n<p>M\u00eame si vous \u00eates sortie avant de pouvoir vous y frotter, redoutiez-vous l\u2019\u00e9preuve d\u2019orientation\u00a0?<\/p>\n<p>Je n\u2019aurais pas \u00e9t\u00e9 une ennemie pour les autres sur l\u2019\u00e9preuve d\u2019orientation, \u00e7a s\u2019est s\u00fbr. Je la redoutais, car elle demande de la concentration, de la m\u00e9thode et de savoir chercher. Je suis nulle l\u00e0-dessus.<\/p>\n<p>Et les poteaux\u00a0?<\/p>\n<p>J\u2019aurais pu \u00eatre une adversaire car, comme j\u2019ai pu le d\u00e9montrer, en mati\u00e8re l\u2019\u00e9quilibre, je suis assez forte. Cette \u00e9preuve ne me faisait pas peur.<\/p>\n<p>Sur les \u00e9preuves justement, vous avez \u00e9t\u00e9 redoutable \u00e0 plus d\u2019un titre\u2026<\/p>\n<p>L\u2019\u00e9preuve avec Maxime, en bin\u00f4me, m\u2019a particuli\u00e8rement marqu\u00e9. Avec lui, je partais avec une bonne chance de gagner. Il a aval\u00e9 en quelques secondes les insectes. Sur l\u2019\u00e9preuve de l\u2019\u00e9quilibre, c\u2019est moi qui ai soutenu le bin\u00f4me. On a \u00e9t\u00e9 hypercompl\u00e9mentaires. Je ne le connaissais pas en plus, on avait discut\u00e9 un peu avant qu\u2019il soit \u00e9limin\u00e9 des ambassadeurs. Puis, il est revenu revanchard ans l\u2019aventure. Du coup, je m\u2019en m\u00e9fiais un peu. Cependant, ce confort a \u00e9t\u00e9, pour moi, l\u2019occasion de mieux le conna\u00eetre. Il \u00e9tait vraiment marrant. C\u2019\u00e9tait une \u00e9vasion dans le jeu.<\/p>\n<\/p>\n<p>Qu\u2019est-ce que vous aimeriez qu\u2019on retienne de vous\u00a0?<\/p>\n<p>La loyaut\u00e9, avant tout. Je suis droite dans mes bottes. Je ne trahis pas. Je sors de mon \u00ab\u00a0Koh-Lanta\u00a0\u00bb fi\u00e8re, la t\u00eate haute.<\/p>\n<p>Tirez-vous des le\u00e7ons de votre aventure\u00a0?<\/p>\n<p>De me faire davantage confiance, et d\u2019oser encore plus. C\u2019est bien d\u2019y aller plus franchement. De base, je sais que j\u2019ai du mental, mais apr\u00e8s \u00ab\u00a0Koh-Lanta\u00a0\u00bb, mon mental est blind\u00e9.<\/p>\n<p>Comment vos proches ont-ils r\u00e9agi\u00a0?<\/p>\n<p>Mon mari a \u00e9t\u00e9 choqu\u00e9 de voir nos conditions dans le jeu, notamment en mati\u00e8re de nourriture. Il a \u00e9t\u00e9 admiratif de moi. Il m\u2019a reconnu dans tout le jeu, et \u00e7a, c\u2019est hyperagr\u00e9able.<\/p>\n","protected":false},"excerpt":{"rendered":"Un bluff fatal pour No\u00e9mie. Ce mardi soir sur TF1, la Bretonne a quitt\u00e9 l\u2019aventure \u00ab\u00a0Koh-Lanta\u00a0\u00bb. Redoutable sur&hellip;\n","protected":false},"author":2,"featured_media":150265,"comment_status":"","ping_status":"","sticky":false,"template":"","format":"standard","meta":{"footnotes":""},"categories":[8],"tags":[829,681,58,59,1011,27,330,680,252,199],"class_list":{"0":"post-150264","1":"post","2":"type-post","3":"status-publish","4":"format-standard","5":"has-post-thumbnail","7":"category-divertissement","8":"tag-bretagne","9":"tag-denis-brogniart","10":"tag-divertissement","11":"tag-entertainment","12":"tag-fr","13":"tag-france","14":"tag-jeux","15":"tag-koh-lanta","16":"tag-television","17":"tag-tf1"},"share_on_mastodon":{"url":"https:\/\/pubeurope.com\/@fr\/114622456365699153","error":""},"_links":{"self":[{"href":"https:\/\/www.europesays.com\/fr\/wp-json\/wp\/v2\/posts\/150264","targetHints":{"allow":["GET"]}}],"collection":[{"href":"https:\/\/www.europesays.com\/fr\/wp-json\/wp\/v2\/posts"}],"about":[{"href":"https:\/\/www.europesays.com\/fr\/wp-json\/wp\/v2\/types\/post"}],"author":[{"embeddable":true,"href":"https:\/\/www.europesays.com\/fr\/wp-json\/wp\/v2\/users\/2"}],"replies":[{"embeddable":true,"href":"https:\/\/www.europesays.com\/fr\/wp-json\/wp\/v2\/comments?post=150264"}],"version-history":[{"count":0,"href":"https:\/\/www.europesays.com\/fr\/wp-json\/wp\/v2\/posts\/150264\/revisions"}],"wp:featuredmedia":[{"embeddable":true,"href":"https:\/\/www.europesays.com\/fr\/wp-json\/wp\/v2\/media\/150265"}],"wp:attachment":[{"href":"https:\/\/www.europesays.com\/fr\/wp-json\/wp\/v2\/media?parent=150264"}],"wp:term":[{"taxonomy":"category","embeddable":true,"href":"https:\/\/www.europesays.com\/fr\/wp-json\/wp\/v2\/categories?post=150264"},{"taxonomy":"post_tag","embeddable":true,"href":"https:\/\/www.europesays.com\/fr\/wp-json\/wp\/v2\/tags?post=150264"}],"curies":[{"name":"wp","href":"https:\/\/api.w.org\/{rel}","templated":true}]}}