{"id":150270,"date":"2025-06-04T01:19:09","date_gmt":"2025-06-04T01:19:09","guid":{"rendered":"https:\/\/www.europesays.com\/fr\/150270\/"},"modified":"2025-06-04T01:19:09","modified_gmt":"2025-06-04T01:19:09","slug":"lukraine-revendique-une-attaque-sur-ce-pont-symbole-de-lannexion-de-la-crimee","status":"publish","type":"post","link":"https:\/\/www.europesays.com\/fr\/150270\/","title":{"rendered":"l\u2019Ukraine revendique une attaque sur ce pont symbole de l\u2019annexion de la Crim\u00e9e"},"content":{"rendered":"<p>        <img decoding=\"async\" loading=\"lazy\" src=\"https:\/\/www.europesays.com\/fr\/wp-content\/uploads\/2025\/06\/cc6edac_sirius-fs-upload-1-h8t2cs0l1mli-1748965048282-000-492j3t2.jpg\"  width=\"728\" height=\"409\" alt=\"L\u2019Ukraine a revendiqu\u00e9 une nouvelle attaque contre le pont de Crim\u00e9e en minant des piliers de l\u2019installation longue de 19\u00a0km pour relier la p\u00e9ninsule ukrainienne annex\u00e9e par Moscou \u00e0 la Russie.\"\/>  <\/p>\n<p>HANDOUT \/ AFP<\/p>\n<p>L\u2019Ukraine a revendiqu\u00e9 une nouvelle attaque contre le pont de Crim\u00e9e en minant des piliers de l\u2019installation longue de 19\u00a0km pour relier la p\u00e9ninsule ukrainienne annex\u00e9e par Moscou \u00e0 la Russie.<\/p>\n<p class=\"asset asset-text\">INTERNATIONAL &#8211; Troisi\u00e8me attaque contre ce symbole de l\u2019occupation russe. Le <a href=\"https:\/\/www.huffingtonpost.fr\/international\/article\/explosion-sur-le-pont-de-crimee-pour-poutine-c-est-le-pire-des-cadeaux_208711.html\" target=\"_blank\" rel=\"noopener\">pont de Crim\u00e9e<\/a>, qui relie la <a href=\"https:\/\/www.huffingtonpost.fr\/international\/article\/guerre-en-ukraine-pourquoi-la-crimee-se-retrouve-au-centre-des-discussions-en-vue-d-une-treve_249193.html\" target=\"_blank\" rel=\"noopener\">p\u00e9ninsule annex\u00e9e par Moscou<\/a> au territoire russe, a \u00e9t\u00e9 vis\u00e9 ce mardi 3\u00a0juin par une nouvelle attaque ukrainienne, revendiqu\u00e9e par les services de s\u00e9curit\u00e9 ukrainiens (SBU). Ce qui est <a href=\"https:\/\/www.huffingtonpost.fr\/international\/article\/pont-de-crimee-critiques-internes-en-ukraine-poutine-enchaine-les-deconvenues_208726.html\" target=\"_blank\" rel=\"noopener\">loin d\u2019\u00eatre une premi\u00e8re depuis le d\u00e9but de l\u2019invasion russe<\/a> de l\u2019Ukraine en f\u00e9vrier\u00a02022.<\/p>\n<p class=\"asset asset-text\">C\u2019est m\u00eame la troisi\u00e8me fois que cette infrastructure \u2212 \u00e9galement nomm\u00e9e \u00ab\u00a0pont\u00a0de Kertch\u00a0\u00bb \u2212 est vis\u00e9e par Kiev dans sa guerre avec la Russie. Dans un communiqu\u00e9, le SBU s\u2019est m\u00eame f\u00e9licit\u00e9 de cette op\u00e9ration, qui a consist\u00e9 \u00e0 \u00ab\u00a0miner les piliers de cette installation ill\u00e9gale\u00a0\u00bb. \u00ab\u00a0Et aujourd\u2019hui, sans faire de victime civile, le premier engin explosif a \u00e9t\u00e9 activ\u00e9 \u00e0 4\u00a0h\u00a044 du matin\u00a0!\u00a0\u00bb, soit un peu avant 4\u00a0heures du matin, heure fran\u00e7aise.<\/p>\n<p class=\"asset asset-text\">Les services de s\u00e9curit\u00e9 ukrainiens ont \u00e9galement assur\u00e9 avoir inflig\u00e9 des \u00ab\u00a0d\u00e9g\u00e2ts s\u00e9v\u00e8res\u00a0\u00bb avec \u00ab\u00a01\u00a0100\u00a0kg de TNT\u00a0\u00bb install\u00e9s sur \u00ab\u00a0des piliers de soutien sous-marins\u00a0\u00bb de la structure qui, selon le SBU, serait dans un \u00ab\u00a0\u00e9tat d\u2019urgence\u00a0\u00bb.\u00a0Le SBU a \u00e9galement publi\u00e9 une vid\u00e9o, non authentifi\u00e9e, montrant une explosion sous-marine pr\u00e8s d\u2019un pilier du pont, <strong>comme vous pouvez le voir ci-dessous<\/strong>. Mais pour l\u2019heure, l\u2019ampleur r\u00e9elle des destructions reste incertaine.<\/p>\n<p> La lecture de ce contenu est susceptible d\u2019entra\u00eener un d\u00e9p\u00f4t de cookies de la part de l\u2019op\u00e9rateur tiers qui l\u2019h\u00e9berge. Compte-tenu des choix que vous avez exprim\u00e9s en mati\u00e8re de d\u00e9p\u00f4t de cookies, nous avons bloqu\u00e9 l\u2019affichage de ce contenu. Si vous souhaitez y acc\u00e9der, vous devez accepter la cat\u00e9gorie de cookies \u201cContenus tiers\u201d en cliquant sur le bouton ci-dessous. <\/p>\n<p> Lire la Vid\u00e9o        19\u00a0km pour relier la Russie \u00e0 la Crim\u00e9e    <\/p>\n<p class=\"asset asset-text\">Seule indication r\u00e9ellement tangible \u00e0 cette heure, celle concernant la circulation sur le pont, qui a bel et bien \u00e9t\u00e9 temporairement ferm\u00e9e entre 5\u00a0heures et 8\u00a0heures du matin ce mardi, comme pr\u00e9cis\u00e9 sur Telegram par le compte officiel du gestionnaire de l\u2019ouvrage. En revanche, ce dernier n\u2019a pas mentionn\u00e9 la raison de cette suspension d\u2019environ trois heures.<\/p>\n<p class=\"asset asset-text\">S\u2019il n\u2019est pas r\u00e9guli\u00e8rement vis\u00e9, le pont de Crim\u00e9e est indissociable de l\u2019annexion de cette p\u00e9ninsule ukrainienne en 2014. Il avait \u00e9t\u00e9 inaugur\u00e9 en 2018\u00a0apr\u00e8s plusieurs ann\u00e9es de travaux pour relier la Crim\u00e9e \u00e0 la Russie gr\u00e2ce \u00e0 un ouvrage de 19\u00a0km de long.<\/p>\n<p class=\"asset asset-text\">Apr\u00e8s le d\u00e9but de l\u2019invasion \u00e0 grande \u00e9chelle contre l\u2019Ukraine, en f\u00e9vrier\u00a02022, il avait toutefois \u00e9t\u00e9 endommag\u00e9 \u00e0 deux reprises par des attaques revendiqu\u00e9es par Kiev\u00a0: <a href=\"https:\/\/www.huffingtonpost.fr\/international\/article\/explosion-sur-le-pont-de-crimee-pour-poutine-c-est-le-pire-des-cadeaux_208711.html\" target=\"_blank\" rel=\"noopener\">en octobre\u00a02022 avec un camion pi\u00e9g\u00e9<\/a> et <a href=\"https:\/\/www.huffingtonpost.fr\/international\/video\/guerre-en-ukraine-le-pont-de-crimee-vise-par-une-attaque-ukrainienne-pas-de-degats-selon-moscou_221732.html\" target=\"_blank\" rel=\"noopener\">en juillet\u00a02023 avec des drones navals<\/a>. Depuis, les autorit\u00e9s russes ont fortement renforc\u00e9 la surveillance de cette immense structure qui permet notamment d\u2019envoyer des troupes et du mat\u00e9riel militaire en Crim\u00e9e annex\u00e9e. Un avantage strat\u00e9gique non n\u00e9gligeable pour la Russie que Kiev<\/p>\n","protected":false},"excerpt":{"rendered":"HANDOUT \/ AFP L\u2019Ukraine a revendiqu\u00e9 une nouvelle attaque contre le pont de Crim\u00e9e en minant des piliers&hellip;\n","protected":false},"author":2,"featured_media":150271,"comment_status":"","ping_status":"","sticky":false,"template":"","format":"standard","meta":{"footnotes":""},"categories":[5],"tags":[11,13469,1011,27,131,14,12,5604,132,220,28],"class_list":{"0":"post-150270","1":"post","2":"type-post","3":"status-publish","4":"format-standard","5":"has-post-thumbnail","7":"category-international","8":"tag-actualites","9":"tag-crimee","10":"tag-fr","11":"tag-france","12":"tag-guerre-en-ukraine","13":"tag-international","14":"tag-news","15":"tag-pont","16":"tag-russie","17":"tag-ukraine","18":"tag-world"},"share_on_mastodon":{"url":"https:\/\/pubeurope.com\/@fr\/114622468291455410","error":""},"_links":{"self":[{"href":"https:\/\/www.europesays.com\/fr\/wp-json\/wp\/v2\/posts\/150270","targetHints":{"allow":["GET"]}}],"collection":[{"href":"https:\/\/www.europesays.com\/fr\/wp-json\/wp\/v2\/posts"}],"about":[{"href":"https:\/\/www.europesays.com\/fr\/wp-json\/wp\/v2\/types\/post"}],"author":[{"embeddable":true,"href":"https:\/\/www.europesays.com\/fr\/wp-json\/wp\/v2\/users\/2"}],"replies":[{"embeddable":true,"href":"https:\/\/www.europesays.com\/fr\/wp-json\/wp\/v2\/comments?post=150270"}],"version-history":[{"count":0,"href":"https:\/\/www.europesays.com\/fr\/wp-json\/wp\/v2\/posts\/150270\/revisions"}],"wp:featuredmedia":[{"embeddable":true,"href":"https:\/\/www.europesays.com\/fr\/wp-json\/wp\/v2\/media\/150271"}],"wp:attachment":[{"href":"https:\/\/www.europesays.com\/fr\/wp-json\/wp\/v2\/media?parent=150270"}],"wp:term":[{"taxonomy":"category","embeddable":true,"href":"https:\/\/www.europesays.com\/fr\/wp-json\/wp\/v2\/categories?post=150270"},{"taxonomy":"post_tag","embeddable":true,"href":"https:\/\/www.europesays.com\/fr\/wp-json\/wp\/v2\/tags?post=150270"}],"curies":[{"name":"wp","href":"https:\/\/api.w.org\/{rel}","templated":true}]}}