{"id":150272,"date":"2025-06-04T01:20:15","date_gmt":"2025-06-04T01:20:15","guid":{"rendered":"https:\/\/www.europesays.com\/fr\/150272\/"},"modified":"2025-06-04T01:20:15","modified_gmt":"2025-06-04T01:20:15","slug":"lattentat-de-puget-sur-argens-un-rappel-tres-concret-de-la-menace-du-terrorisme-dextreme-droite-liberation","status":"publish","type":"post","link":"https:\/\/www.europesays.com\/fr\/150272\/","title":{"rendered":"L\u2019attentat de Puget-sur-Argens, un rappel tr\u00e8s concret de la menace du terrorisme d\u2019extr\u00eame droite \u2013 Lib\u00e9ration"},"content":{"rendered":"<p class=\"sc-ksZaOG ehjQrN text-element\">Pour la premi\u00e8re fois depuis sa cr\u00e9ation en 2019, le Parquet national antiterroriste (Pnat) a ouvert une enqu\u00eate dans le cadre d\u2019un attentat non d\u00e9jou\u00e9 et inspir\u00e9 par une id\u00e9ologie d\u2019extr\u00eame droite. Les magistrats sp\u00e9cialis\u00e9s <a href=\"https:\/\/www.liberation.fr\/societe\/police-justice\/parquet-antiterroriste-saisi-videos-racistes-du-suspect-ce-que-lon-sait-du-meurtre-dun-tunisien-dans-le-var-20250602_NCT5YYNYS5AILNUGNEOMUBEZG4\/\" target=\"_blank\" rel=\"nofollow noopener\">se sont en effet saisis du meurtre raciste de Hichem Miraoui<\/a>, Tunisien de 45 ans, samedi 31 mai \u00e0 Puget-sur-Argens (Var), dont est suspect\u00e9 Christophe B., son voisin, \u00e2g\u00e9 de 53 ans. Ce dernier est \u00e9galement soup\u00e7onn\u00e9 d\u2019avoir bless\u00e9 un Turc. En parall\u00e8le, il a publi\u00e9 sur son compte Facebook un total de cinq vid\u00e9os avant et apr\u00e8s son passage \u00e0 l\u2019acte. Christophe B. y revendique son geste dans ce qui s\u2019apparente \u00e0 un manifeste politique raciste et <a href=\"https:\/\/www.liberation.fr\/societe\/votez-bien-la-prochaine-fois-le-manifeste-raciste-de-christophe-b-suspect-de-lattaque-terroriste-de-puget-sur-argens-20250603_JXBKPYUMW5F33IZ4ZDHKHJBFQQ\/\" target=\"_blank\" rel=\"nofollow noopener\">appelle \u00ables Fran\u00e7ais\u00bb \u00e0 \u00abse r\u00e9veiller\u00bb et \u00e0 l\u2019imiter en s\u2019en prenant aux \u00abislamiques\u00bb<\/a> (sic), signifiant son all\u00e9geance au drapeau \u00abbleu-blanc-rouge\u00bb. Un discours aux relents de cette \u00abguerre civile raciale\u00bb que l\u2019extr\u00eame droite fantasme, et qui a arm\u00e9 le bras de nombreux terroristes \u00e0 travers le monde ces derni\u00e8res ann\u00e9es.<\/p>\n","protected":false},"excerpt":{"rendered":"Pour la premi\u00e8re fois depuis sa cr\u00e9ation en 2019, le Parquet national antiterroriste (Pnat) a ouvert une enqu\u00eate&hellip;\n","protected":false},"author":2,"featured_media":150273,"comment_status":"","ping_status":"","sticky":false,"template":"","format":"standard","meta":{"footnotes":""},"categories":[4],"tags":[11,27849,1011,27,12,25],"class_list":{"0":"post-150272","1":"post","2":"type-post","3":"status-publish","4":"format-standard","5":"has-post-thumbnail","7":"category-france","8":"tag-actualites","9":"tag-attentat-raciste-puget-sur-argens","10":"tag-fr","11":"tag-france","12":"tag-news","13":"tag-republique-francaise"},"share_on_mastodon":{"url":"https:\/\/pubeurope.com\/@fr\/114622472138823725","error":""},"_links":{"self":[{"href":"https:\/\/www.europesays.com\/fr\/wp-json\/wp\/v2\/posts\/150272","targetHints":{"allow":["GET"]}}],"collection":[{"href":"https:\/\/www.europesays.com\/fr\/wp-json\/wp\/v2\/posts"}],"about":[{"href":"https:\/\/www.europesays.com\/fr\/wp-json\/wp\/v2\/types\/post"}],"author":[{"embeddable":true,"href":"https:\/\/www.europesays.com\/fr\/wp-json\/wp\/v2\/users\/2"}],"replies":[{"embeddable":true,"href":"https:\/\/www.europesays.com\/fr\/wp-json\/wp\/v2\/comments?post=150272"}],"version-history":[{"count":0,"href":"https:\/\/www.europesays.com\/fr\/wp-json\/wp\/v2\/posts\/150272\/revisions"}],"wp:featuredmedia":[{"embeddable":true,"href":"https:\/\/www.europesays.com\/fr\/wp-json\/wp\/v2\/media\/150273"}],"wp:attachment":[{"href":"https:\/\/www.europesays.com\/fr\/wp-json\/wp\/v2\/media?parent=150272"}],"wp:term":[{"taxonomy":"category","embeddable":true,"href":"https:\/\/www.europesays.com\/fr\/wp-json\/wp\/v2\/categories?post=150272"},{"taxonomy":"post_tag","embeddable":true,"href":"https:\/\/www.europesays.com\/fr\/wp-json\/wp\/v2\/tags?post=150272"}],"curies":[{"name":"wp","href":"https:\/\/api.w.org\/{rel}","templated":true}]}}