{"id":150289,"date":"2025-06-04T01:31:45","date_gmt":"2025-06-04T01:31:45","guid":{"rendered":"https:\/\/www.europesays.com\/fr\/150289\/"},"modified":"2025-06-04T01:31:45","modified_gmt":"2025-06-04T01:31:45","slug":"insolite-pres-de-rouen-la-future-mariee-arrive-a-la-mairie-a-cheval","status":"publish","type":"post","link":"https:\/\/www.europesays.com\/fr\/150289\/","title":{"rendered":"Insolite. Pr\u00e8s de Rouen, la future mari\u00e9e arrive \u00e0 la mairie&#8230; \u00e0 cheval\u00a0!"},"content":{"rendered":"<p>            Par<br \/>\n        <strong><br \/>\n            <a href=\"https:\/\/actu.fr\/auteur\/le-journal-delbeuf\" title=\"Consulter tous les articles de R\u00e9daction Elbeuf\" rel=\"nofollow noopener\" target=\"_blank\">R\u00e9daction Elbeuf<\/a><br \/>\n        <\/strong><\/p>\n<p>        Publi\u00e9 le<\/p>\n<p>            3 juin 2025 \u00e0 12h39        <\/p>\n<p>Souvent, la robe suffit \u00e0 attirer tous les regards et faire s\u2019\u00e9merveiller les invit\u00e9s comme les passants. Mais pour certaines <b>mari\u00e9es<\/b>, l\u2019arriv\u00e9e sur les lieux de la c\u00e9r\u00e9monie est un spectacle \u00e0 part enti\u00e8re.<\/p>\n<p>La mari\u00e9e arrive \u00e0 cheval<\/p>\n<p class=\" wall-content\">C\u2019est ce qu\u2019il s\u2019est pass\u00e9, le samedi 31 mai 2025, sur le parvis de la mairie de <a href=\"https:\/\/actu.fr\/normandie\/caudebec-les-elbeuf_76165\" rel=\"nofollow noopener\" target=\"_blank\">Caudebec (Seine-Maritime)<\/a>, o\u00f9 la mari\u00e9e du jour a d\u00e9laiss\u00e9 les habituels coup\u00e9s luxueux ou voitures de collection pour arriver\u2026 <b>\u00e0 dos de cheval<\/b> !<\/p>\n<p class=\" wall-content\">C\u00e9line Dossier, cavali\u00e8re confirm\u00e9e, a choisi ce mode de transport original et \u00e9l\u00e9gant. Sur les coups de 15 h 30, elle s\u2019est pr\u00e9sent\u00e9e en monte amazone sur le parvis de l\u2019h\u00f4tel de ville, o\u00f9 de nombreux invit\u00e9s l\u2019attendaient.<\/p>\n<p class=\" wall-content\">Cette ing\u00e9nieure dans le BTP a alors pu rejoindre son futur mari, Ludovic Azevedo, artisan boucher et fils de Joao Azevedo, bien connu des habitu\u00e9s de la rue de la R\u00e9publique.<\/p>\n<p class=\" wall-content\">Alors que sa monture ne semblait pas du tout effray\u00e9e elle par les applaudissements de la foule, les deux futurs \u00e9poux ont ensuite \u00e9t\u00e9 \u00e0 la rencontre de la premi\u00e8re adjointe au maire, Lydie Meyer, qui les a accueillis avant de proc\u00e9der \u00e0 leur union.<\/p>\n<p>Vid\u00e9os : en ce moment sur Actu<\/p>\n<p class=\" wall-content\">Suivez toute l\u2019actualit\u00e9 de vos villes et m\u00e9dias favoris en vous inscrivant \u00e0 <a href=\"https:\/\/moncompte.actu.fr\" title=\"D\u00e9couvez Mon Actu\" rel=\"nofollow noopener\" data-trk=\"{&quot;cta&quot;:{&quot;action&quot;:&quot;https:\\\/\\\/moncompte.actu.fr&quot;,&quot;category&quot;:&quot;mon compte&quot;,&quot;from&quot;:&quot;article footer&quot;,&quot;name&quot;:&quot;Mon actu&quot;,&quot;type&quot;:&quot;cta&quot;}}\" target=\"_blank\">Mon Actu<\/a>.<\/p>\n","protected":false},"excerpt":{"rendered":"Par R\u00e9daction Elbeuf Publi\u00e9 le 3 juin 2025 \u00e0 12h39 Souvent, la robe suffit \u00e0 attirer tous les&hellip;\n","protected":false},"author":2,"featured_media":150290,"comment_status":"","ping_status":"","sticky":false,"template":"","format":"standard","meta":{"footnotes":""},"categories":[9587],"tags":[1111,11,12668,1777,674,1011,27,1757,1930,12,5161,25,9590],"class_list":{"0":"post-150289","1":"post","2":"type-post","3":"status-publish","4":"format-standard","5":"has-post-thumbnail","7":"category-rouen","8":"tag-actu","9":"tag-actualites","10":"tag-cheval","11":"tag-eu","12":"tag-europe","13":"tag-fr","14":"tag-france","15":"tag-insolite","16":"tag-mariage","17":"tag-news","18":"tag-normandie","19":"tag-republique-francaise","20":"tag-rouen"},"share_on_mastodon":{"url":"https:\/\/pubeurope.com\/@fr\/114622515382927835","error":""},"_links":{"self":[{"href":"https:\/\/www.europesays.com\/fr\/wp-json\/wp\/v2\/posts\/150289","targetHints":{"allow":["GET"]}}],"collection":[{"href":"https:\/\/www.europesays.com\/fr\/wp-json\/wp\/v2\/posts"}],"about":[{"href":"https:\/\/www.europesays.com\/fr\/wp-json\/wp\/v2\/types\/post"}],"author":[{"embeddable":true,"href":"https:\/\/www.europesays.com\/fr\/wp-json\/wp\/v2\/users\/2"}],"replies":[{"embeddable":true,"href":"https:\/\/www.europesays.com\/fr\/wp-json\/wp\/v2\/comments?post=150289"}],"version-history":[{"count":0,"href":"https:\/\/www.europesays.com\/fr\/wp-json\/wp\/v2\/posts\/150289\/revisions"}],"wp:featuredmedia":[{"embeddable":true,"href":"https:\/\/www.europesays.com\/fr\/wp-json\/wp\/v2\/media\/150290"}],"wp:attachment":[{"href":"https:\/\/www.europesays.com\/fr\/wp-json\/wp\/v2\/media?parent=150289"}],"wp:term":[{"taxonomy":"category","embeddable":true,"href":"https:\/\/www.europesays.com\/fr\/wp-json\/wp\/v2\/categories?post=150289"},{"taxonomy":"post_tag","embeddable":true,"href":"https:\/\/www.europesays.com\/fr\/wp-json\/wp\/v2\/tags?post=150289"}],"curies":[{"name":"wp","href":"https:\/\/api.w.org\/{rel}","templated":true}]}}