{"id":150299,"date":"2025-06-04T01:39:04","date_gmt":"2025-06-04T01:39:04","guid":{"rendered":"https:\/\/www.europesays.com\/fr\/150299\/"},"modified":"2025-06-04T01:39:04","modified_gmt":"2025-06-04T01:39:04","slug":"estrosi-et-le-prefet-interdisent-le-bateau-de-greenpeace-pendant-le-sommet-de-lonu-2","status":"publish","type":"post","link":"https:\/\/www.europesays.com\/fr\/150299\/","title":{"rendered":"Estrosi et le pr\u00e9fet interdisent le bateau de Greenpeace pendant le sommet de l\u2019ONU"},"content":{"rendered":"<p>L\u2019Arctic Sunrise, le navire embl\u00e9matique de Greenpeace, ne pourra finalement pas accoster dans le port de Nice, en marge du sommet de l\u2019<a href=\"https:\/\/www.20minutes.fr\/monde\/onu\/\" class=\"color-ultramarine c-link\" target=\"_blank\" rel=\"noopener\">Onu<\/a> sur les oc\u00e9ans.<\/p>\n<p>Alors qu\u2019une trentaine de navires scientifiques d\u2019Ong sont invit\u00e9s \u00e0 participer \u00e0 l\u2019\u00e9v\u00e8nement, la mairie et la <a href=\"https:\/\/www.20minutes.fr\/dossier\/prefecture\" class=\"color-ultramarine c-link\" target=\"_blank\" rel=\"noopener\">pr\u00e9fecture<\/a> ont interdit l\u2019acc\u00e8s au port au bateau de l\u2019Ong. La pr\u00e9sence de ses membres n\u2019est en revanche pas remise en cause.<\/p>\n<\/p>\n<p>Une \u00ab\u00a0d\u00e9cision politique\u00a0\u00bb<\/p>\n<p>Le bateau devait rester trois jours \u00e0 quai pour participer aux \u00e9v\u00e8nements publics organis\u00e9s en marge du sommet. Mais un arr\u00eat\u00e9 pris par le maire et le pr\u00e9fet interdit \u00e0 l\u2019Arctic Sunrise d\u2019entrer dans le port. Il devra rester au large. L\u2019acc\u00e8s aux membres de Greenpeace \u00e0 la conf\u00e9rence n\u2019est cependant pas remis en cause.<\/p>\n<p>Greenpeace d\u00e9nonce une \u00ab\u00a0d\u00e9cision politique\u00a0\u00bb, \u00ab\u00a0absolument inacceptable\u00a0\u00bb selon son directeur ex\u00e9cutif Mads Christensen. De son c\u00f4t\u00e9, la ministre de la Transition \u00e9cologique <a href=\"https:\/\/www.20minutes.fr\/politique\/agnes-pannier-runacher\/\" class=\"color-ultramarine c-link\" target=\"_blank\" rel=\"noopener\">Agn\u00e8s Pannier-Runacher<\/a> nie toute implication directe, mais la mairie affirme que l\u2019arr\u00eat\u00e9 suit une recommandation de son minist\u00e8re, \u00e9voqu\u00e9e lors d\u2019un comit\u00e9 de pilotage le 22\u00a0mai dernier.<\/p>\n<p><a href=\"https:\/\/www.20minutes.fr\/dossier\/greenpeace\" class=\"c-link c-btn c-btn--primary\" target=\"_blank\" rel=\"noopener\">Notre dossier sur Greenpeace<\/a>Une pr\u00e9c\u00e9dente op\u00e9ration jug\u00e9e controvers\u00e9e<\/p>\n<p>En toile de fond, une action men\u00e9e par Greenpace le 21\u00a0mai\u00a0: l\u2019<a href=\"https:\/\/www.20minutes.fr\/dossier\/ong\" class=\"color-ultramarine c-link\" target=\"_blank\" rel=\"noopener\">Ong<\/a> avait <a href=\"https:\/\/www.20minutes.fr\/planete\/4155749-20250527-mediterranee-greenpeace-lache-rochers-mer-parquet-ouvre-enquete\" class=\"color-ultramarine c-link\" target=\"_blank\" rel=\"noopener\">largu\u00e9 des rochers dans une aire marine prot\u00e9g\u00e9e<\/a> en <a href=\"https:\/\/www.20minutes.fr\/dossier\/mediterranee\" class=\"color-ultramarine c-link\" target=\"_blank\" rel=\"noopener\">M\u00e9diterran\u00e9e<\/a> pour bloquer le chalutage de fond. \u00ab\u00a0Je ne peux que r\u00e9prouver qu\u2019un bateau de Greenpeace soit entr\u00e9 dans une aire marine prot\u00e9g\u00e9e pour y d\u00e9verser des cailloux.\u00a0\u00bb La ministre avait alors d\u00e9nonc\u00e9 l\u2019action, assurant que la p\u00eache au chalut y est d\u00e9j\u00e0 interdite. <a href=\"https:\/\/www.20minutes.fr\/dossier\/greenpeace\" class=\"color-ultramarine c-link\" target=\"_blank\" rel=\"noopener\">Greenpeace<\/a> soutient au contraire que cette interdiction est r\u00e9guli\u00e8rement viol\u00e9e.<\/p>\n<p>L\u2019Arctic Sunrise avait d\u00e9j\u00e0 \u00e9t\u00e9 exclu dimanche dernier d\u2019une parade maritime organis\u00e9e lors de la Journ\u00e9e mondiale de l\u2019oc\u00e9an au large de Nice. L\u2019organisateur, Yvan Griboval, a d\u00e9clar\u00e9 avoir pris cette d\u00e9cision pour \u00e9viter tout risque d\u2019action militante pendant l\u2019\u00e9v\u00e9nement.<\/p>\n","protected":false},"excerpt":{"rendered":"L\u2019Arctic Sunrise, le navire embl\u00e9matique de Greenpeace, ne pourra finalement pas accoster dans le port de Nice, en&hellip;\n","protected":false},"author":2,"featured_media":150300,"comment_status":"","ping_status":"","sticky":false,"template":"","format":"standard","meta":{"footnotes":""},"categories":[2819],"tags":[1111,11,2432,2898,1777,674,1011,27,22050,1252,12,2401,11356,3521,883,52,882,25],"class_list":{"0":"post-150299","1":"post","2":"type-post","3":"status-publish","4":"format-standard","5":"has-post-thumbnail","7":"category-nice","8":"tag-actu","9":"tag-actualites","10":"tag-agnes-pannier-runacher","11":"tag-alpes-maritimes","12":"tag-eu","13":"tag-europe","14":"tag-fr","15":"tag-france","16":"tag-greenpeace","17":"tag-mediterranee","18":"tag-news","19":"tag-nice","20":"tag-ong","21":"tag-onu","22":"tag-paca","23":"tag-planete","24":"tag-provence-alpes-cote-dazur","25":"tag-republique-francaise"},"share_on_mastodon":{"url":"https:\/\/pubeurope.com\/@fr\/114622546737727747","error":""},"_links":{"self":[{"href":"https:\/\/www.europesays.com\/fr\/wp-json\/wp\/v2\/posts\/150299","targetHints":{"allow":["GET"]}}],"collection":[{"href":"https:\/\/www.europesays.com\/fr\/wp-json\/wp\/v2\/posts"}],"about":[{"href":"https:\/\/www.europesays.com\/fr\/wp-json\/wp\/v2\/types\/post"}],"author":[{"embeddable":true,"href":"https:\/\/www.europesays.com\/fr\/wp-json\/wp\/v2\/users\/2"}],"replies":[{"embeddable":true,"href":"https:\/\/www.europesays.com\/fr\/wp-json\/wp\/v2\/comments?post=150299"}],"version-history":[{"count":0,"href":"https:\/\/www.europesays.com\/fr\/wp-json\/wp\/v2\/posts\/150299\/revisions"}],"wp:featuredmedia":[{"embeddable":true,"href":"https:\/\/www.europesays.com\/fr\/wp-json\/wp\/v2\/media\/150300"}],"wp:attachment":[{"href":"https:\/\/www.europesays.com\/fr\/wp-json\/wp\/v2\/media?parent=150299"}],"wp:term":[{"taxonomy":"category","embeddable":true,"href":"https:\/\/www.europesays.com\/fr\/wp-json\/wp\/v2\/categories?post=150299"},{"taxonomy":"post_tag","embeddable":true,"href":"https:\/\/www.europesays.com\/fr\/wp-json\/wp\/v2\/tags?post=150299"}],"curies":[{"name":"wp","href":"https:\/\/api.w.org\/{rel}","templated":true}]}}