{"id":150315,"date":"2025-06-04T01:49:13","date_gmt":"2025-06-04T01:49:13","guid":{"rendered":"https:\/\/www.europesays.com\/fr\/150315\/"},"modified":"2025-06-04T01:49:13","modified_gmt":"2025-06-04T01:49:13","slug":"a-marseille-une-nouvelle-vie-pour-le-jardin-saint-nicolas-et-les-vestiges-de-la-corderie","status":"publish","type":"post","link":"https:\/\/www.europesays.com\/fr\/150315\/","title":{"rendered":"\u00c0 Marseille, une nouvelle vie pour le jardin Saint-Nicolas et les vestiges de la Corderie"},"content":{"rendered":"<p>Ce n\u2019est pas \u00ab\u00a0le sujet du jour\u00a0\u00bb, insiste <a href=\"https:\/\/www.laprovence.com\/article\/region\/2686894170608814\/redresser-les-quartiers-de-belsunce-et-de-noailles-lenjeu-pour-2025-de-la-maire-des-1e-et-7e-a-marseille\" target=\"_blank\" rel=\"noopener\">Sophie Camard<\/a>, la maire (GRS) des 1er et 7e arrondissements, devant les vestiges de la <a href=\"https:\/\/www.laprovence.com\/article\/region\/2707622384323514\/le-reenfouissement-de-la-carriere-antique-grecque-de-la-corderie-a-marseille-a-commence\" target=\"_blank\" rel=\"noopener\">Corderie<\/a> fra\u00eechement ensevelis. Pour le d\u00e9marrage des travaux du <a href=\"https:\/\/www.laprovence.com\/article\/edition-ailleurs\/4201516\/le-jardin-saint-nicolas-redevient-vert.html\" target=\"_blank\" rel=\"noopener\">jardin municipal Saint-Nicolas<\/a> &#8211; \u00e0 l\u2019angle du boulevard de la Corderie, de l\u2019avenue de la Corse et de la rue d\u2019Endoume &#8211; un tour par la carri\u00e8re antique \u00e9tait difficilement \u00e9vitable.<\/p>\n","protected":false},"excerpt":{"rendered":"Ce n\u2019est pas \u00ab\u00a0le sujet du jour\u00a0\u00bb, insiste Sophie Camard, la maire (GRS) des 1er et 7e arrondissements,&hellip;\n","protected":false},"author":2,"featured_media":150316,"comment_status":"","ping_status":"","sticky":false,"template":"","format":"standard","meta":{"footnotes":""},"categories":[2814],"tags":[17,1111,11,1777,674,1011,27,3354,884,12,2043,471,882,16,25,14334,96,4717],"class_list":{"0":"post-150315","1":"post","2":"type-post","3":"status-publish","4":"format-standard","5":"has-post-thumbnail","7":"category-marseille","8":"tag-17","9":"tag-actu","10":"tag-actualites","11":"tag-eu","12":"tag-europe","13":"tag-fr","14":"tag-france","15":"tag-jardin","16":"tag-marseille","17":"tag-news","18":"tag-nouvelle","19":"tag-pour","20":"tag-provence-alpes-cote-dazur","21":"tag-region","22":"tag-republique-francaise","23":"tag-saint-nicolas","24":"tag-une","25":"tag-vie"},"share_on_mastodon":{"url":"https:\/\/pubeurope.com\/@fr\/114622586097313789","error":""},"_links":{"self":[{"href":"https:\/\/www.europesays.com\/fr\/wp-json\/wp\/v2\/posts\/150315","targetHints":{"allow":["GET"]}}],"collection":[{"href":"https:\/\/www.europesays.com\/fr\/wp-json\/wp\/v2\/posts"}],"about":[{"href":"https:\/\/www.europesays.com\/fr\/wp-json\/wp\/v2\/types\/post"}],"author":[{"embeddable":true,"href":"https:\/\/www.europesays.com\/fr\/wp-json\/wp\/v2\/users\/2"}],"replies":[{"embeddable":true,"href":"https:\/\/www.europesays.com\/fr\/wp-json\/wp\/v2\/comments?post=150315"}],"version-history":[{"count":0,"href":"https:\/\/www.europesays.com\/fr\/wp-json\/wp\/v2\/posts\/150315\/revisions"}],"wp:featuredmedia":[{"embeddable":true,"href":"https:\/\/www.europesays.com\/fr\/wp-json\/wp\/v2\/media\/150316"}],"wp:attachment":[{"href":"https:\/\/www.europesays.com\/fr\/wp-json\/wp\/v2\/media?parent=150315"}],"wp:term":[{"taxonomy":"category","embeddable":true,"href":"https:\/\/www.europesays.com\/fr\/wp-json\/wp\/v2\/categories?post=150315"},{"taxonomy":"post_tag","embeddable":true,"href":"https:\/\/www.europesays.com\/fr\/wp-json\/wp\/v2\/tags?post=150315"}],"curies":[{"name":"wp","href":"https:\/\/api.w.org\/{rel}","templated":true}]}}