{"id":150317,"date":"2025-06-04T01:50:09","date_gmt":"2025-06-04T01:50:09","guid":{"rendered":"https:\/\/www.europesays.com\/fr\/150317\/"},"modified":"2025-06-04T01:50:09","modified_gmt":"2025-06-04T01:50:09","slug":"pres-de-lyon-au-moins-deux-blesses-graves-apres-un-accident-sur-la46-lautoroute-coupee","status":"publish","type":"post","link":"https:\/\/www.europesays.com\/fr\/150317\/","title":{"rendered":"Pr\u00e8s de Lyon : au moins deux bless\u00e9s graves apr\u00e8s un accident sur l&rsquo;A46, l&rsquo;autoroute coup\u00e9e"},"content":{"rendered":"<p>Un accident s&rsquo;est produit ce mardi 3 juin, sur l&rsquo;A46, au niveau de Communay, pr\u00e8s de Lyon.<\/p>\n<p>Un accident entre une voiture et un poids-lourd s&rsquo;est d\u00e9roul\u00e9 ce mardi, vers 17h40, sur l&rsquo;A46.<\/p>\n<p>La collision s&rsquo;est produite \u00e0 hauteur de <b>Communay<\/b>, en direction de Marseille.\u00a0<\/p>\n<p>Deux bless\u00e9s graves, l&rsquo;A46 coup\u00e9e\u00a0<\/p>\n<p>Selon les pompiers, trois personnes ont \u00e9t\u00e9 bless\u00e9es,<b> dont au moins deux gri\u00e8vement<\/b>. Les victimes ont \u00e9t\u00e9 h\u00e9liport\u00e9es vers l&rsquo;h\u00f4pital.\u00a0<\/p>\n<p>L&rsquo;A46 est coup\u00e9e au niveau de Communay, en direction de Marseille, le temps de l&rsquo;intervention.<\/p>\n<p><\/p>\n","protected":false},"excerpt":{"rendered":"Un accident s&rsquo;est produit ce mardi 3 juin, sur l&rsquo;A46, au niveau de Communay, pr\u00e8s de Lyon. Un&hellip;\n","protected":false},"author":2,"featured_media":150318,"comment_status":"","ping_status":"","sticky":false,"template":"","format":"standard","meta":{"footnotes":""},"categories":[1889],"tags":[6954,119,1111,11,2430,27962,1777,674,1011,27,2428,12,25],"class_list":{"0":"post-150317","1":"post","2":"type-post","3":"status-publish","4":"format-standard","5":"has-post-thumbnail","7":"category-lyon","8":"tag-a46","9":"tag-accident","10":"tag-actu","11":"tag-actualites","12":"tag-auvergne-rhone-alpes","13":"tag-communay","14":"tag-eu","15":"tag-europe","16":"tag-fr","17":"tag-france","18":"tag-lyon","19":"tag-news","20":"tag-republique-francaise"},"share_on_mastodon":{"url":"https:\/\/pubeurope.com\/@fr\/114622590039079134","error":""},"_links":{"self":[{"href":"https:\/\/www.europesays.com\/fr\/wp-json\/wp\/v2\/posts\/150317","targetHints":{"allow":["GET"]}}],"collection":[{"href":"https:\/\/www.europesays.com\/fr\/wp-json\/wp\/v2\/posts"}],"about":[{"href":"https:\/\/www.europesays.com\/fr\/wp-json\/wp\/v2\/types\/post"}],"author":[{"embeddable":true,"href":"https:\/\/www.europesays.com\/fr\/wp-json\/wp\/v2\/users\/2"}],"replies":[{"embeddable":true,"href":"https:\/\/www.europesays.com\/fr\/wp-json\/wp\/v2\/comments?post=150317"}],"version-history":[{"count":0,"href":"https:\/\/www.europesays.com\/fr\/wp-json\/wp\/v2\/posts\/150317\/revisions"}],"wp:featuredmedia":[{"embeddable":true,"href":"https:\/\/www.europesays.com\/fr\/wp-json\/wp\/v2\/media\/150318"}],"wp:attachment":[{"href":"https:\/\/www.europesays.com\/fr\/wp-json\/wp\/v2\/media?parent=150317"}],"wp:term":[{"taxonomy":"category","embeddable":true,"href":"https:\/\/www.europesays.com\/fr\/wp-json\/wp\/v2\/categories?post=150317"},{"taxonomy":"post_tag","embeddable":true,"href":"https:\/\/www.europesays.com\/fr\/wp-json\/wp\/v2\/tags?post=150317"}],"curies":[{"name":"wp","href":"https:\/\/api.w.org\/{rel}","templated":true}]}}