{"id":150319,"date":"2025-06-04T01:51:10","date_gmt":"2025-06-04T01:51:10","guid":{"rendered":"https:\/\/www.europesays.com\/fr\/150319\/"},"modified":"2025-06-04T01:51:10","modified_gmt":"2025-06-04T01:51:10","slug":"un-coran-brule-dans-une-mosquee-pres-de-lyon-lauteur-recherche-actualites","status":"publish","type":"post","link":"https:\/\/www.europesays.com\/fr\/150319\/","title":{"rendered":"Un Coran br\u00fbl\u00e9 dans une mosqu\u00e9e pr\u00e8s de Lyon, l&rsquo;auteur recherch\u00e9 : Actualit\u00e9s"},"content":{"rendered":"<p class=\"lead \">Un Coran a \u00e9t\u00e9 br\u00fbl\u00e9 dans une mosqu\u00e9e de Villeurbanne, pr\u00e8s de Lyon, et la police a ouvert mardi une enqu\u00eate pour identifier \u00ab\u00a0au plus vite\u00a0\u00bb l&rsquo;auteur de cet acte qualifi\u00e9 \u00ab\u00a0d&rsquo;islamophobe\u00a0\u00bb par des responsables musulmans et des \u00e9lus locaux.<\/p>\n<p class=\"lead \">Dans la nuit de dimanche \u00e0 lundi, peu avant la premi\u00e8re pri\u00e8re du matin, \u00ab\u00a0un individu \u00e0 visage d\u00e9couvert s&rsquo;est introduit dans la salle de pri\u00e8re, s&rsquo;est empar\u00e9 d&rsquo;un exemplaire du Coran, l&rsquo;a incendi\u00e9 puis l&rsquo;a d\u00e9pos\u00e9 \u00e0 l&rsquo;ext\u00e9rieur de l&rsquo;\u00e9difice avant de prendre la fuite\u00a0\u00bb, a annonc\u00e9 le Conseil des mosqu\u00e9es du Rh\u00f4ne (CMR) dans un communiqu\u00e9.<\/p>\n<p class=\"lead \">Cet homme est entr\u00e9 dans la mosqu\u00e9e vers 03H45 et a eu un \u00e9change avec un fid\u00e8le qui lui a demand\u00e9 d&rsquo;enlever ses chaussures, a pr\u00e9cis\u00e9 \u00e0 l&rsquo;AFP une source polici\u00e8re. Il n&rsquo;y a pas eu de violence mais en ressortant, il s&rsquo;est empar\u00e9 d&rsquo;un Coran mis \u00e0 disposition des fid\u00e8les et \u00ab\u00a0l&rsquo;aurait br\u00fbl\u00e9 dans la rue\u00a0\u00bb, a-t-elle ajout\u00e9.<\/p>\n<p class=\"lead \">Il n&rsquo;y a pas eu d&rsquo;appel \u00e0 la police, qui a d\u00e9couvert les faits parce que le tr\u00e9sorier de la mosqu\u00e9e a port\u00e9 plainte mardi, selon cette source.<\/p>\n<p class=\"lead \"> Le fid\u00e8le t\u00e9moin de l&rsquo;incendie avait \u00e9teint les flammes sans donner l&rsquo;alerte parce qu&rsquo;il n&rsquo;avait pas r\u00e9alis\u00e9 ce qui s&rsquo;\u00e9tait pass\u00e9, a expliqu\u00e9 Kamel Kabtane, le recteur de la Grande mosqu\u00e9e de Lyon. Il en a finalement parl\u00e9 aux responsables qui ont consult\u00e9 ce mardi les images de vid\u00e9osurveillance et port\u00e9 plainte, a-t-il pr\u00e9cis\u00e9.<\/p>\n<p class=\"lead \">Une enqu\u00eate a \u00e9t\u00e9 confi\u00e9e \u00e0 la police pour identifier l&rsquo;auteur et pour \u00ab\u00a0d\u00e9gradation ou d\u00e9t\u00e9rioration par un moyen dangereux pour les personnes, commise en raison de la race, l&rsquo;ethnie, la nation ou la religion\u00a0\u00bb, a indiqu\u00e9 le parquet de Lyon \u00e0 l&rsquo;AFP.<\/p>\n<p class=\"lead \">En fin d&rsquo;apr\u00e8s-midi mardi, deux policiers en civil sont sortis de la mosqu\u00e9e Errahma (La Mis\u00e9ricorde, en arabe), un grand b\u00e2timent moderne aux murs beige clair orn\u00e9s de fen\u00eatres \u00e0 moucharabieh, ont constat\u00e9 des journalistes de l&rsquo;AFP. A l&rsquo;int\u00e9rieur, la salle des pri\u00e8res, d&rsquo;un blanc immacul\u00e9, \u00e9tait vide \u00e0 moins d&rsquo;une heure de la pri\u00e8re du coucher du soleil.<\/p>\n<p class=\"lead \">&#8211; \u00ab\u00a0Acte islamophobe\u00a0\u00bb-<\/p>\n<p class=\"lead \">Il s&rsquo;agit d&rsquo;un \u00ab\u00a0acte islamophobe d&rsquo;une extr\u00eame gravit\u00e9 (&#8230;) dans un contexte d\u00e9j\u00e0 marqu\u00e9 par les violences \u00e0 l&rsquo;encontre de notre communaut\u00e9\u00a0\u00bb, ont d\u00e9nonc\u00e9 les responsables de la mosqu\u00e9e Errahma sur son site internet.<\/p>\n<p class=\"lead \">Les d\u00e9put\u00e9s LFI du Rh\u00f4ne Idir Boumertit et Gabriel Amard, comme le maire socialiste de Villeurbanne C\u00e9dric Van Styvendael, ont \u00e9galement condamn\u00e9 \u00ab\u00a0un acte islamophobe\u00a0\u00bb. <\/p>\n<p class=\"lead \">\u00ab\u00a0Nous assurons nos concitoyens musulmans dans le Rh\u00f4ne de toute l&rsquo;attention de l\u2019Etat et de son soutien face aux actes haineux dont ils sont la cible\u00a0\u00bb, a d\u00e9clar\u00e9 dans un communiqu\u00e9 la pr\u00e9f\u00e8te de la r\u00e9gion Auvergne-Rh\u00f4ne-Alpes, Fabienne Buccio, en assurant \u00eatre en contact \u00ab\u00a0avec les repr\u00e9sentants de la communaut\u00e9 pour prendre les mesures de s\u00e9curit\u00e9 n\u00e9cessaires\u00a0\u00bb.<\/p>\n<p class=\"lead \">Invoquant une \u00ab\u00a0profanation odieuse\u00a0\u00bb et une \u00ab\u00a0atteinte grave \u00e0 la dignit\u00e9 des fid\u00e8les et aux principes fondamentaux de notre r\u00e9publique\u00a0\u00bb, le CMR, instance f\u00e9d\u00e9rative qui regroupe les lieux de culte musulmans du d\u00e9partement du Rh\u00f4ne, appelle les autorit\u00e9s \u00e0 \u00ab\u00a0tout mettre en oeuvre pour identifier l&rsquo;auteur de cet acte et engager des poursuites exemplaires\u00a0\u00bb.<\/p>\n<p class=\"lead \">Le CMR \u00e9voque \u00ab\u00a0une s\u00e9rie d&rsquo;agressions haineuses\u00a0\u00bb et un \u00ab\u00a0climat de plus en plus hostile aux citoyens de confession musulmane\u00a0\u00bb, en faisant r\u00e9f\u00e9rence au meurtre du jeune Malien Aboubakar Ciss\u00e9, tu\u00e9 de 57 coups de couteau le 25 avril dans la mosqu\u00e9e Khadidja de la Grande-Combe, dans le Gard, et celui samedi d\u2019un Tunisien tu\u00e9 par balles \u00e0 Puget-sur-Argens, dans le Var.<\/p>\n<p class=\"lead \">Un crime \u00ab\u00a0pr\u00e9m\u00e9dit\u00e9\u00a0\u00bb, \u00ab\u00a0clairement raciste\u00a0\u00bb et \u00ab\u00a0probablement antimusulman\u00a0\u00bb, selon le ministre de l&rsquo;Int\u00e9rieur Bruno Retailleau. Le Parquet national antiterroriste (Pnat)  s\u2019est d&rsquo;ailleurs saisi de l&rsquo;enqu\u00eate, menant pour la premi\u00e8re fois des investigations sur un homicide raciste li\u00e9 \u00e0 l\u2019ultradroite.<\/p>\n<p class=\"lead \">Les trois premiers mois de 2025 ont enregistr\u00e9 une augmentation des actes antimusulmans de 72% par rapport \u00e0 la m\u00eame p\u00e9riode en 2024, avec 79 cas recens\u00e9s, selon un d\u00e9compte du minist\u00e8re de l&rsquo;Int\u00e9rieur.<\/p>\n<p class=\"lead \">cob-gir\/chp\/vk<\/p>\n<p class=\"small font-weight-bold text-gray3 \"> publi\u00e9 le 3 juin \u00e0 21h39, AFP<\/p>\n<p>                             Partager<\/p>\n","protected":false},"excerpt":{"rendered":"Un Coran a \u00e9t\u00e9 br\u00fbl\u00e9 dans une mosqu\u00e9e de Villeurbanne, pr\u00e8s de Lyon, et la police a ouvert&hellip;\n","protected":false},"author":2,"featured_media":150320,"comment_status":"","ping_status":"","sticky":false,"template":"","format":"standard","meta":{"footnotes":""},"categories":[1889],"tags":[1111,11,2430,1769,1777,674,1011,27,1310,2428,12,4020,25],"class_list":{"0":"post-150319","1":"post","2":"type-post","3":"status-publish","4":"format-standard","5":"has-post-thumbnail","7":"category-lyon","8":"tag-actu","9":"tag-actualites","10":"tag-auvergne-rhone-alpes","11":"tag-enqute","12":"tag-eu","13":"tag-europe","14":"tag-fr","15":"tag-france","16":"tag-incendie","17":"tag-lyon","18":"tag-news","19":"tag-religion","20":"tag-republique-francaise"},"share_on_mastodon":{"url":"https:\/\/pubeurope.com\/@fr\/114622593927630263","error":""},"_links":{"self":[{"href":"https:\/\/www.europesays.com\/fr\/wp-json\/wp\/v2\/posts\/150319","targetHints":{"allow":["GET"]}}],"collection":[{"href":"https:\/\/www.europesays.com\/fr\/wp-json\/wp\/v2\/posts"}],"about":[{"href":"https:\/\/www.europesays.com\/fr\/wp-json\/wp\/v2\/types\/post"}],"author":[{"embeddable":true,"href":"https:\/\/www.europesays.com\/fr\/wp-json\/wp\/v2\/users\/2"}],"replies":[{"embeddable":true,"href":"https:\/\/www.europesays.com\/fr\/wp-json\/wp\/v2\/comments?post=150319"}],"version-history":[{"count":0,"href":"https:\/\/www.europesays.com\/fr\/wp-json\/wp\/v2\/posts\/150319\/revisions"}],"wp:featuredmedia":[{"embeddable":true,"href":"https:\/\/www.europesays.com\/fr\/wp-json\/wp\/v2\/media\/150320"}],"wp:attachment":[{"href":"https:\/\/www.europesays.com\/fr\/wp-json\/wp\/v2\/media?parent=150319"}],"wp:term":[{"taxonomy":"category","embeddable":true,"href":"https:\/\/www.europesays.com\/fr\/wp-json\/wp\/v2\/categories?post=150319"},{"taxonomy":"post_tag","embeddable":true,"href":"https:\/\/www.europesays.com\/fr\/wp-json\/wp\/v2\/tags?post=150319"}],"curies":[{"name":"wp","href":"https:\/\/api.w.org\/{rel}","templated":true}]}}