{"id":150323,"date":"2025-06-04T01:54:12","date_gmt":"2025-06-04T01:54:12","guid":{"rendered":"https:\/\/www.europesays.com\/fr\/150323\/"},"modified":"2025-06-04T01:54:12","modified_gmt":"2025-06-04T01:54:12","slug":"on-me-traine-avec-mon-velo-au-sol-vif-emoi-apres-linterpellation-dun-militant-ecologiste-daubervilliers","status":"publish","type":"post","link":"https:\/\/www.europesays.com\/fr\/150323\/","title":{"rendered":"\u00ab\u00a0On me tra\u00eene avec mon v\u00e9lo au sol\u00a0\u00bb\u00a0: vif \u00e9moi apr\u00e8s l\u2019interpellation d\u2019un militant \u00e9cologiste d\u2019Aubervilliers"},"content":{"rendered":"<p class=\"paragraph text_align_left\">\u00ab Sid\u00e9r\u00e9s. \u00bb C\u2019est l\u2019un des premiers mots qui vient sous la plume des 39 \u00e9lus \u00e9cologistes de Seine-Saint-Denis, qui ont sign\u00e9 collectivement un mail adress\u00e9 ce lundi 2 juin, au pr\u00e9fet de police de Paris, <a href=\"https:\/\/www.leparisien.fr\/politique\/laurent-nunez\/\" target=\"_blank\" rel=\"noreferrer nofollow noopener\">Laurent Nu\u00f1ez<\/a>. Cette stup\u00e9faction, c\u2019est celle qu\u2019ils ont \u00e9prouv\u00e9e en visionnant sur les r\u00e9seaux sociaux l\u2019interpellation d\u2019Arthur B\u00e9al, un militant \u00e9cologiste d\u2019Aubervilliers, alors qu\u2019il se d\u00e9pla\u00e7ait \u00e0 v\u00e9lo le 22 mai, quai de l\u2019Oise, le long du canal de l\u2019Ourcq, dans le XIXe arrondissement de Paris.<\/p>\n<p class=\"paragraph text_align_left\">Les images film\u00e9es en plong\u00e9e, depuis une fen\u00eatre d\u2019immeuble, montrent d\u2019abord une personne amen\u00e9e au sol par des policiers, puis on entend une voix qui commence \u00e0 dire : \u00ab Vous n\u2019avez pas besoin de le balayer comme \u00e7a\u2026 \u00bb C\u2019est la voix d\u2019Arthur B\u00e9al, 31 ans, qui vient de s\u2019arr\u00eater alors qu\u2019il circule \u00e0 ce moment-l\u00e0 sur la piste cyclable situ\u00e9e \u00e0 une quinzaine de m\u00e8tres de la sc\u00e8ne d\u2019interpellation de trois jeunes gens, semble-t-il mineurs.<\/p>\n","protected":false},"excerpt":{"rendered":"\u00ab Sid\u00e9r\u00e9s. \u00bb C\u2019est l\u2019un des premiers mots qui vient sous la plume des 39 \u00e9lus \u00e9cologistes de&hellip;\n","protected":false},"author":2,"featured_media":150324,"comment_status":"","ping_status":"","sticky":false,"template":"","format":"standard","meta":{"footnotes":""},"categories":[1888],"tags":[1111,1928,11,1927,1777,674,1011,27,1944,12,1926,626,1925,25,1945],"class_list":{"0":"post-150323","1":"post","2":"type-post","3":"status-publish","4":"format-standard","5":"has-post-thumbnail","7":"category-paris","8":"tag-actu","9":"tag-actu-paris","10":"tag-actualites","11":"tag-actualites-paris","12":"tag-eu","13":"tag-europe","14":"tag-fr","15":"tag-france","16":"tag-ma-ville","17":"tag-news","18":"tag-news-paris","19":"tag-paris","20":"tag-paris-news","21":"tag-republique-francaise","22":"tag-seine-saint-denis"},"share_on_mastodon":{"url":"https:\/\/pubeurope.com\/@fr\/114622605762149229","error":""},"_links":{"self":[{"href":"https:\/\/www.europesays.com\/fr\/wp-json\/wp\/v2\/posts\/150323","targetHints":{"allow":["GET"]}}],"collection":[{"href":"https:\/\/www.europesays.com\/fr\/wp-json\/wp\/v2\/posts"}],"about":[{"href":"https:\/\/www.europesays.com\/fr\/wp-json\/wp\/v2\/types\/post"}],"author":[{"embeddable":true,"href":"https:\/\/www.europesays.com\/fr\/wp-json\/wp\/v2\/users\/2"}],"replies":[{"embeddable":true,"href":"https:\/\/www.europesays.com\/fr\/wp-json\/wp\/v2\/comments?post=150323"}],"version-history":[{"count":0,"href":"https:\/\/www.europesays.com\/fr\/wp-json\/wp\/v2\/posts\/150323\/revisions"}],"wp:featuredmedia":[{"embeddable":true,"href":"https:\/\/www.europesays.com\/fr\/wp-json\/wp\/v2\/media\/150324"}],"wp:attachment":[{"href":"https:\/\/www.europesays.com\/fr\/wp-json\/wp\/v2\/media?parent=150323"}],"wp:term":[{"taxonomy":"category","embeddable":true,"href":"https:\/\/www.europesays.com\/fr\/wp-json\/wp\/v2\/categories?post=150323"},{"taxonomy":"post_tag","embeddable":true,"href":"https:\/\/www.europesays.com\/fr\/wp-json\/wp\/v2\/tags?post=150323"}],"curies":[{"name":"wp","href":"https:\/\/api.w.org\/{rel}","templated":true}]}}