{"id":150327,"date":"2025-06-04T01:56:14","date_gmt":"2025-06-04T01:56:14","guid":{"rendered":"https:\/\/www.europesays.com\/fr\/150327\/"},"modified":"2025-06-04T01:56:14","modified_gmt":"2025-06-04T01:56:14","slug":"au-nord-ouest-de-paris-un-million-darbres-pour-depolluer-la-capitale","status":"publish","type":"post","link":"https:\/\/www.europesays.com\/fr\/150327\/","title":{"rendered":"Au nord-ouest de Paris, un million d&rsquo;arbres pour d\u00e9polluer la capitale"},"content":{"rendered":"<p class=\"screen-reader-text juiz_sps_maybe_hidden_text\">Partager la publication \u00ab\u00a0Au nord-ouest de Paris, un million d\u2019arbres pour d\u00e9polluer la capitale\u00a0\u00bb<\/p>\n<p>En France, c\u2019est le plus ambitieux projet de reforestation men\u00e9 depuis des si\u00e8cles. Encore en gestation, la for\u00eat de Maubuisson, qui s\u2019\u00e9tend sur sept communes entre les bassins urbains de Cergy-Pontoise et de Val Parisis, devrait bient\u00f4t jouer un r\u00f4le majeur\u00a0dans la d\u00e9pollution de l\u2019air respir\u00e9 par les franciliens.\u00a0Les premi\u00e8res plantations ont commenc\u00e9 en 2019 et, d\u2019ici 2029, dans quatre ans, ce sont plus d\u2019un million d\u2019arbres qui auront pris racine sur une ancienne plaine agricole, qui fut, au XIX\u00e8me si\u00e8cle, le d\u00e9versoir des eaux us\u00e9es de Paris.<\/p>\n<p>Pens\u00e9 pour \u00eatre un levier de r\u00e9silience climatique, le projet, port\u00e9 <a href=\"https:\/\/smapp-foret.fr\/\" target=\"_blank\" rel=\"noreferrer noopener\">le SMAPP<\/a> (Syndicat mixte d\u2019am\u00e9nagement de la Plaine de Pierrelaye-Bessancourt), pr\u00e9voit la cr\u00e9ation d\u2019un vaste massif forestier de 1\u00a0340 hectares, qui alternera espaces bois\u00e9s et prairies verdoyantes. <\/p>\n<p class=\"has-very-light-gray-to-cyan-bluish-gray-gradient-background has-background\"><strong>\u00c0 lire aussi\u00a0: <a href=\"https:\/\/www.wedemain.fr\/respirer\/30-forets-exceptionnelles-a-decouvrir-en-france\/\" target=\"_blank\" rel=\"noopener\">30 for\u00eats exceptionnelles \u00e0 d\u00e9couvrir en France<\/a><\/strong><\/p>\n<p>Plus d\u2019un million d\u2019arbres pour cr\u00e9er un puits de carbone XXL<\/p>\n<p>Trente esp\u00e8ces d\u2019arbres, dont des cormiers, des \u00e9rables planes, des bouleaux, des tilleuls, des charmes, des aulnes de Corse, des h\u00eatres de Turquie ou encore des ch\u00eanes rouges d\u2019Am\u00e9rique, ont \u00e9t\u00e9 minutieusement s\u00e9lectionn\u00e9es par <a href=\"https:\/\/www.onf.fr\/vivre-la-foret\/%2B\/133f::creation-dune-foret-suivi-du-projet-de-la-foret-de-maubuisson.html\" target=\"_blank\" rel=\"noopener\">l\u2019ONF (Office National des For\u00eats)<\/a>, l\u2019autorit\u00e9 scientifique et technique en charge de la reforestation, pour leur capacit\u00e9 \u00e0 <a href=\"https:\/\/www.wedemain.fr\/dechiffrer\/foret-francaise-sadapter-pour-ne-pas-disparaitre\/\" target=\"_blank\" rel=\"noopener\">r\u00e9sister au changement climatique<\/a>. Cette <a href=\"https:\/\/www.wedemain.fr\/respirer\/la-foret-mosaique-vive-la-diversification-face-au-rechauffement-climatique\/\" target=\"_blank\" rel=\"noopener\">for\u00eat mosa\u00efque<\/a> \u2013 30 essences foresti\u00e8res et 18 essences arbustives \u2013 sera en mesure de s\u2019adapter \u00e0 des temp\u00e9ratures qui deviendront progressivement plus chaudes et \u00e0 des \u00e9t\u00e9s qui seront in\u00e9vitablement plus secs.<\/p>\n<p><img loading=\"lazy\" decoding=\"async\" width=\"1000\" height=\"667\" src=\"https:\/\/www.europesays.com\/fr\/wp-content\/uploads\/2025\/06\/La-foret-de-Maubuisson-pousse-dans-le-Val-dOise@SMAPP.jpeg\" alt=\"arbres de la for&#xEA;t de maubuisson\" class=\"wp-image-91406\"  \/>Chaque ann\u00e9e, ce sont 100\u00a0000 arbres qui sont plant\u00e9s dans la for\u00eat de Maubuisson en devenir. Cr\u00e9dit\u00a0: SMAPP<\/p>\n<p>Dans le d\u00e9tail, 960 hectares de boisements, 280 hectares de clairi\u00e8res et 90 kilom\u00e8tres de chemins formeront un site forestier unique en son genre. Gr\u00e2ce \u00e0 la photosynth\u00e8se, ce puits de carbone XXL situ\u00e9 aux abords imm\u00e9diats de la capitale, capturera et stockera massivement le CO2 pr\u00e9sent dans l\u2019atmosph\u00e8re, au rythme de 4,9 tonnes par hectare et par an, ce qui contribuera \u00e0 r\u00e9guler le climat et \u00e0 assainir l\u2019air \u00e0 l\u2019\u00e9chelle r\u00e9gionale. Ce n\u2019est cependant pas le seul b\u00e9n\u00e9fice de cette op\u00e9ration hors norme.<\/p>\n<p>Un sanctuaire pour la biodiversit\u00e9<\/p>\n<p>Les sols de la Plaine de Pierrelaye-Bessancourt, d\u00e9sormais baptis\u00e9e for\u00eat de Maubuisson en hommage \u00e0 l\u2019abbaye cistercienne du m\u00eame nom fond\u00e9e in situ en 1234 par Blanche de Castille, ont \u00e9t\u00e9 pollu\u00e9s par un si\u00e8cle d\u2019\u00e9pandage des eaux us\u00e9es de la capitale, charg\u00e9es en m\u00e9taux lourds, notamment en cadmium, en chrome, en cuivre, et en plomb\u2026 Au fil du temps, les occupations ill\u00e9gales et les d\u00e9p\u00f4ts sauvages ont aggrav\u00e9 la situation.<\/p>\n<p>Parmi les essences choisies par l\u2019ONF, certaines, et notamment le ch\u00eane, vont absorber ces m\u00e9taux lourds via leurs racines et les stocker dans leurs troncs et leurs feuilles afin qu\u2019ils ne puissent plus contaminer les nappes phr\u00e9atiques et les terres saines en migrant. En fixant ces \u00e9l\u00e9ments, les arbres vont consid\u00e9rablement r\u00e9duire leur toxicit\u00e9 r\u00e9siduelle et par ricochet l\u2019impact qu\u2019ils peuvent avoir sur la biodiversit\u00e9. Au-del\u00e0 de la d\u00e9pollution des sols, le projet de la for\u00eat de Maubuisson s\u2019inscrit \u00e9galement dans une d\u00e9marche plus large de pr\u00e9servation et de <a href=\"https:\/\/www.wedemain.fr\/dechiffrer\/les-forets-face-au-defi-climatique-entre-resilience-naturelle-et-intervention-humaine\/\" target=\"_blank\" rel=\"noopener\">restauration des \u00e9cosyst\u00e8mes locaux<\/a>.<\/p>\n<p>Relier les for\u00eats, restaurer les continuit\u00e9s \u00e9cologiques<\/p>\n<p>Par ailleurs, l\u2019am\u00e9nagement forestier a \u00e9galement pour objectif de restaurer plusieurs corridors \u00e9cologiques. Ce massif doit notamment permettre de relier les for\u00eats de Saint-Germain-en-Laye et de Montmorency. Elle devrait aussi favoriser le d\u00e9veloppement des esp\u00e8ces animales pr\u00e9sentes sur le site, dont certaines sont prot\u00e9g\u00e9es, parmi lesquelles les populations de reptiles et d\u2019insectes.<\/p>\n<p>L\u2019am\u00e9nagement forestier est actuellement op\u00e9r\u00e9 au rythme des acquisitions fonci\u00e8res r\u00e9alis\u00e9es par le SMAPP. Ce sont 6\u00a0000 parcelles priv\u00e9es qui sont concern\u00e9es. Pour donner vie \u00e0 ce projet colossal, un budget de 85 millions d\u2019euros a \u00e9t\u00e9 vot\u00e9.<\/p>\n<p><img loading=\"lazy\" decoding=\"async\" width=\"997\" height=\"1000\" src=\"https:\/\/www.europesays.com\/fr\/wp-content\/uploads\/2025\/06\/La-foret-de-Maubuisson-est-encore-en-gestation@SMAPP.jpeg\" alt=\"fore&#x302;t de Maubuisson\" class=\"wp-image-91404\"  \/>La fore\u0302t de Maubuisson encore en gestation. Cr\u00e9dit\u00a0: SMAPP<\/p>\n<p>Un espace de loisirs ouvert \u00e0 tous<\/p>\n<p>Au rythme de 100\u00a0000 arbres plant\u00e9s tous les ans, la cr\u00e9ation des boisements a \u00e9t\u00e9 \u00e9tal\u00e9e sur une d\u00e9cennie, mais le massif n\u2019atteindra sa maturit\u00e9 qu\u2019entre 30 et 50 ans, certaines essences n\u00e9cessitant davantage de temps pour se d\u00e9velopper. En attendant que la nature fasse son \u0153uvre, des animations et des ateliers permettront aux visiteurs et aux riverains de d\u00e9couvrir et de s\u2019approprier ce nouveau site. \u00a0<\/p>\n<p>La for\u00eat de Maubuisson a \u00e9t\u00e9 pens\u00e9e pour \u00eatre un lieu accueillant, d\u00e9di\u00e9 \u00e0 la d\u00e9tente, \u00e0 la promenade, au sport et \u00e0 la d\u00e9couverte de la nature. Inscrite dans la trame verte et bleue r\u00e9gionale, elle b\u00e9n\u00e9ficie d\u2019une reconnaissance en tant que zone naturelle d\u2019int\u00e9r\u00eat \u00e9cologique, faunistique et floristique (ZNIEFF) sur plusieurs de ses secteurs. Cette distinction renforce sa protection et garantit sa vocation environnementale sur le long terme.<\/p>\n<p>Gr\u00e2ce \u00e0 ce dispositif complet, ce nouveau maillon cl\u00e9 de la ceinture verte r\u00e9gionale en devenir devrait b\u00e9n\u00e9ficier \u00e0 tous les franciliens. Et servir de laboratoire \u00e0 ciel ouvert de la protection du vivant et de l\u2019adaptation \u00e0 la crise environnementale. Un projet qui pourrait inspirer d\u2019autres initiatives de reforestation urbaine \u00e0 travers l\u2019Europe.<\/p>\n<p class=\"has-text-align-center has-background\" style=\"background-color:#8dd2fc52\"><strong>SOUTENEZ WE DEMAIN, SOUTENEZ UNE R\u00c9DACTION IND\u00c9PENDANTE<\/strong><br \/>Inscrivez-vous \u00e0 notre\u00a0<a href=\"https:\/\/b877ee5f.sibforms.com\/serve\/MUIEAOSKSjKxjthVkyzxkiDzQbmLpndIKtf3zp7MAX11QbZbdZzd-ft5nxDyCUGdzvrOrmI_SGJK7fHcJkIIdLO8meyPB3efOix4kDD6WyMCSQVPyC-vdWdcByv0XGGmGTagbQNFno7BhiT3Fq6z9pu4FLzyscH-uCuqunDbT7J81iZhAhIfrjYN60DEjouEEtHHe1T-24c2YKxX\" target=\"_blank\" rel=\"noreferrer noopener\"><strong>newsletter hebdomadaire<\/strong><\/a><br \/>et\u00a0<a href=\"https:\/\/wedemain.aboshop.fr\/common\/categories\/160\" target=\"_blank\" rel=\"noopener\"><strong>abonnez-vous \u00e0 notre magazine<\/strong><\/a>.<\/p>\n","protected":false},"excerpt":{"rendered":"Partager la publication \u00ab\u00a0Au nord-ouest de Paris, un million d\u2019arbres pour d\u00e9polluer la capitale\u00a0\u00bb En France, c\u2019est le&hellip;\n","protected":false},"author":2,"featured_media":150328,"comment_status":"","ping_status":"","sticky":false,"template":"","format":"standard","meta":{"footnotes":""},"categories":[1888],"tags":[11,3570,1777,674,5183,1011,27,6306,12,626,1800,5140,25,25869],"class_list":{"0":"post-150327","1":"post","2":"type-post","3":"status-publish","4":"format-standard","5":"has-post-thumbnail","7":"category-paris","8":"tag-actualites","9":"tag-arbres","10":"tag-eu","11":"tag-europe","12":"tag-foret","13":"tag-fr","14":"tag-france","15":"tag-grand-paris","16":"tag-news","17":"tag-paris","18":"tag-pollution","19":"tag-rechauffement-climatique","20":"tag-republique-francaise","21":"tag-toparticle"},"share_on_mastodon":{"url":"https:\/\/pubeurope.com\/@fr\/114622613724226646","error":""},"_links":{"self":[{"href":"https:\/\/www.europesays.com\/fr\/wp-json\/wp\/v2\/posts\/150327","targetHints":{"allow":["GET"]}}],"collection":[{"href":"https:\/\/www.europesays.com\/fr\/wp-json\/wp\/v2\/posts"}],"about":[{"href":"https:\/\/www.europesays.com\/fr\/wp-json\/wp\/v2\/types\/post"}],"author":[{"embeddable":true,"href":"https:\/\/www.europesays.com\/fr\/wp-json\/wp\/v2\/users\/2"}],"replies":[{"embeddable":true,"href":"https:\/\/www.europesays.com\/fr\/wp-json\/wp\/v2\/comments?post=150327"}],"version-history":[{"count":0,"href":"https:\/\/www.europesays.com\/fr\/wp-json\/wp\/v2\/posts\/150327\/revisions"}],"wp:featuredmedia":[{"embeddable":true,"href":"https:\/\/www.europesays.com\/fr\/wp-json\/wp\/v2\/media\/150328"}],"wp:attachment":[{"href":"https:\/\/www.europesays.com\/fr\/wp-json\/wp\/v2\/media?parent=150327"}],"wp:term":[{"taxonomy":"category","embeddable":true,"href":"https:\/\/www.europesays.com\/fr\/wp-json\/wp\/v2\/categories?post=150327"},{"taxonomy":"post_tag","embeddable":true,"href":"https:\/\/www.europesays.com\/fr\/wp-json\/wp\/v2\/tags?post=150327"}],"curies":[{"name":"wp","href":"https:\/\/api.w.org\/{rel}","templated":true}]}}