{"id":150330,"date":"2025-06-04T01:58:13","date_gmt":"2025-06-04T01:58:13","guid":{"rendered":"https:\/\/www.europesays.com\/fr\/150330\/"},"modified":"2025-06-04T01:58:13","modified_gmt":"2025-06-04T01:58:13","slug":"la-russie-nenvisage-pas-la-paix-a-court-terme-le-nombre-de-morts-salourdit","status":"publish","type":"post","link":"https:\/\/www.europesays.com\/fr\/150330\/","title":{"rendered":"La Russie n\u2019envisage pas la paix \u00e0 court terme, le nombre de morts s\u2019alourdit"},"content":{"rendered":"<p><strong>R\u00e9cap&rsquo; &#8211; \u00ab 20 Minutes \u00bb fait le point pour vous tous les soirs sur le conflit en Ukraine. Ce mardi, la Russie a \u00e9cart\u00e9 toute r\u00e9solution rapide du conflit arm\u00e9<\/strong><\/p>\n<p>Vous avez rat\u00e9 les derniers \u00e9v\u00e9nements sur la <a href=\"https:\/\/www.20minutes.fr\/monde\/ukraine\/?at_medium=RSS%20feed&amp;at_campaign=ynews&amp;utm_source=yahoo&amp;utm_medium=rss&amp;utm_campaign=news_feed&amp;utm_content=in_article_link\" rel=\"nofollow noopener\" target=\"_blank\" data-ylk=\"slk:guerre en Ukraine;elm:context_link;itc:0;sec:content-canvas\" class=\"link \">guerre en Ukraine<\/a> ? 20 Minutes fait le point pour vous tous les soirs. Voici l\u2019essentiel de ce mardi 3 juin 2025, 1.196e jour du conflit.<\/p>\n<p>Le fait du jour<\/p>\n<p>Pas de solution \u00ab imm\u00e9diate \u00bb \u00e0 l\u2019horizon : le <a href=\"https:\/\/www.20minutes.fr\/dossier\/kremlin?at_medium=RSS%20feed&amp;at_campaign=ynews&amp;utm_source=yahoo&amp;utm_medium=rss&amp;utm_campaign=news_feed&amp;utm_content=in_article_link\" rel=\"nofollow noopener\" target=\"_blank\" data-ylk=\"slk:Kremlin;elm:context_link;itc:0;sec:content-canvas\" class=\"link \">Kremlin<\/a> a \u00e9cart\u00e9 mardi tout r\u00e8glement \u00e0 court terme du conflit arm\u00e9 en Ukraine, au lendemain de nouveaux pourparlers russo-ukrainiens peu fructueux \u00e0 <a href=\"https:\/\/www.20minutes.fr\/monde\/istanbul\/?at_medium=RSS%20feed&amp;at_campaign=ynews&amp;utm_source=yahoo&amp;utm_medium=rss&amp;utm_campaign=news_feed&amp;utm_content=in_article_link\" rel=\"nofollow noopener\" target=\"_blank\" data-ylk=\"slk:Istanbul;elm:context_link;itc:0;sec:content-canvas\" class=\"link \">Istanbul<\/a>.<\/p>\n<p>Alors que l\u2019arm\u00e9e russe, plus nombreuse et mieux \u00e9quip\u00e9e, a l\u2019avantage, Kiev accuse depuis des mois la Russie de faire tra\u00eener les n\u00e9gociations de paix, car Moscou refuse sa demande d\u2019une tr\u00eave inconditionnelle, estimant qu\u2019elle permettrait \u00e0 l\u2019Ukraine de reprendre des forces avec l\u2019aide de ses alli\u00e9s occidentaux.<\/p>\n<p>\u00ab Il serait erron\u00e9 d\u2019attendre des d\u00e9cisions et des avanc\u00e9es imm\u00e9diates \u00bb, a tranch\u00e9 mardi le porte-parole de la pr\u00e9sidence russe, Dmitri Peskov. \u00ab La question du r\u00e8glement est extr\u00eamement complexe et comporte de nombreuses nuances \u00bb, a-t-il ajout\u00e9, rappelant que Moscou souhaitait avant tout \u00ab \u00e9liminer les causes profondes du conflit \u00bb pour parvenir \u00e0 la paix.<\/p>\n<p>La Russie campe sur des demandes maximalistes, \u00e0 savoir la cession par Kiev de quatre r\u00e9gions qu\u2019elle occupe partiellement, en plus de la Crim\u00e9e annex\u00e9e en 2014, et que l\u2019Ukraine renonce \u00e0 int\u00e9grer l\u2019Otan. Mardi, le pr\u00e9sident ukrainien Volodymyr Zelensky a annonc\u00e9 que l\u2019Ukaine avait \u00e9t\u00e9 invit\u00e9e \u00e0 un sommet de l\u2019Alliance fin juin \u00e0 <a href=\"https:\/\/www.20minutes.fr\/monde\/la_haye\/?at_medium=RSS%20feed&amp;at_campaign=ynews&amp;utm_source=yahoo&amp;utm_medium=rss&amp;utm_campaign=news_feed&amp;utm_content=in_article_link\" rel=\"nofollow noopener\" target=\"_blank\" data-ylk=\"slk:La Haye;elm:context_link;itc:0;sec:content-canvas\" class=\"link \">La Haye<\/a>.<\/p>\n<p>Le chiffre du jour<\/p>\n<p>4. C\u2019est le nombre de personnes tu\u00e9es mardi dans une f(&#8230;)<\/p>\n<p><a href=\"https:\/\/www.20minutes.fr\/monde\/4156768-20250603-guerre-ukraine-russie-envisage-paix-court-terme-nombre-morts-alourdit?at_medium=RSS%20feed&amp;at_campaign=ynews&amp;utm_source=yahoo&amp;utm_medium=rss&amp;utm_campaign=news_feed&amp;utm_content=read_more_link\" rel=\"nofollow noopener\" target=\"_blank\" data-ylk=\"slk:Lire la suite sur 20minutes;elm:context_link;itc:0;sec:content-canvas\" class=\"link \">Lire la suite sur 20minutes<\/a><\/p>\n<p>\u00c0 lire aussi :<br \/><a href=\"https:\/\/www.20minutes.fr\/monde\/ukraine\/4156661-20250603-guerre-ukraine-vasyl-malyuk-tacticien-discret-tisse-operation-toile-araignee?at_medium=RSS%20feed&amp;at_campaign=ynews&amp;utm_source=yahoo&amp;utm_medium=rss&amp;utm_campaign=news_feed&amp;utm_content=related_content_link\" rel=\"nofollow noopener\" target=\"_blank\" data-ylk=\"slk:Guerre en Ukraine : Qui est Vasyl Malyuk, le tacticien discret qui a tiss\u00e9 l\u2019op\u00e9ration \u00ab Toile d\u2019araign\u00e9e \u00bb ?;elm:context_link;itc:0;sec:content-canvas\" class=\"link \">Guerre en Ukraine : Qui est Vasyl Malyuk, le tacticien discret qui a tiss\u00e9 l\u2019op\u00e9ration \u00ab Toile d\u2019araign\u00e9e \u00bb ?<\/a><br \/><a href=\"https:\/\/www.20minutes.fr\/monde\/ukraine\/4156580-20250603-guerre-ukraine-consignes-zelensky-paraisse-petit-photos-nouvelle-intox-russe?at_medium=RSS%20feed&amp;at_campaign=ynews&amp;utm_source=yahoo&amp;utm_medium=rss&amp;utm_campaign=news_feed&amp;utm_content=related_content_link\" rel=\"nofollow noopener\" target=\"_blank\" data-ylk=\"slk:Guerre en Ukraine : Des consignes pour que Zelensky ne paraisse pas petit sur les photos ? Une nouvelle intox russe;elm:context_link;itc:0;sec:content-canvas\" class=\"link \">Guerre en Ukraine : Des consignes pour que Zelensky ne paraisse pas petit sur les photos ? Une nouvelle intox russe<\/a><\/p>\n","protected":false},"excerpt":{"rendered":"R\u00e9cap&rsquo; &#8211; \u00ab 20 Minutes \u00bb fait le point pour vous tous les soirs sur le conflit en&hellip;\n","protected":false},"author":2,"featured_media":150331,"comment_status":"","ping_status":"","sticky":false,"template":"","format":"standard","meta":{"footnotes":""},"categories":[1591],"tags":[642,11,1887,2489,12,27963,1885,1886,132,220],"class_list":{"0":"post-150330","1":"post","2":"type-post","3":"status-publish","4":"format-standard","5":"has-post-thumbnail","7":"category-russie","8":"tag-20-minutes","9":"tag-actualites","10":"tag-federation-de-russie","11":"tag-la-russie","12":"tag-news","13":"tag-nombre-de-personnes","14":"tag-russia","15":"tag-russian-federation","16":"tag-russie","17":"tag-ukraine"},"share_on_mastodon":{"url":"https:\/\/pubeurope.com\/@fr\/114622621516251880","error":""},"_links":{"self":[{"href":"https:\/\/www.europesays.com\/fr\/wp-json\/wp\/v2\/posts\/150330","targetHints":{"allow":["GET"]}}],"collection":[{"href":"https:\/\/www.europesays.com\/fr\/wp-json\/wp\/v2\/posts"}],"about":[{"href":"https:\/\/www.europesays.com\/fr\/wp-json\/wp\/v2\/types\/post"}],"author":[{"embeddable":true,"href":"https:\/\/www.europesays.com\/fr\/wp-json\/wp\/v2\/users\/2"}],"replies":[{"embeddable":true,"href":"https:\/\/www.europesays.com\/fr\/wp-json\/wp\/v2\/comments?post=150330"}],"version-history":[{"count":0,"href":"https:\/\/www.europesays.com\/fr\/wp-json\/wp\/v2\/posts\/150330\/revisions"}],"wp:featuredmedia":[{"embeddable":true,"href":"https:\/\/www.europesays.com\/fr\/wp-json\/wp\/v2\/media\/150331"}],"wp:attachment":[{"href":"https:\/\/www.europesays.com\/fr\/wp-json\/wp\/v2\/media?parent=150330"}],"wp:term":[{"taxonomy":"category","embeddable":true,"href":"https:\/\/www.europesays.com\/fr\/wp-json\/wp\/v2\/categories?post=150330"},{"taxonomy":"post_tag","embeddable":true,"href":"https:\/\/www.europesays.com\/fr\/wp-json\/wp\/v2\/tags?post=150330"}],"curies":[{"name":"wp","href":"https:\/\/api.w.org\/{rel}","templated":true}]}}