{"id":150345,"date":"2025-06-04T02:06:16","date_gmt":"2025-06-04T02:06:16","guid":{"rendered":"https:\/\/www.europesays.com\/fr\/150345\/"},"modified":"2025-06-04T02:06:16","modified_gmt":"2025-06-04T02:06:16","slug":"france-tv-bouleverse-sa-grille-pour-diffuser-le-quart-de-finale-de-la-francaise-lois-boisson","status":"publish","type":"post","link":"https:\/\/www.europesays.com\/fr\/150345\/","title":{"rendered":"France TV bouleverse sa grille pour diffuser le quart de finale de la Fran\u00e7aise, Lo\u00efs Boisson"},"content":{"rendered":"<p>La joueuse de tennis class\u00e9e 361e mondiale a cr\u00e9\u00e9 la surprise ce lundi en renversant la troisi\u00e8me mondiale, Jessica Pegula. \u00c0 l\u2019occasion de son prochain match, ce mercredi 4 juin, France 3 a chang\u00e9 sa programmation initiale.<\/p>\n<p class=\"fig-paragraph\">La surprise de ce tournoi.\u00a0<a href=\"https:\/\/www.lefigaro.fr\/tag\/lois-boisson\" target=\"_blank\" rel=\"noopener nofollow\" data-gtm-custom-categorie=\"navigation\" data-gtm-custom-action=\"crossclick\" data-gtm-custom-label=\"Contextuel\" data-gtm-event=\"customEventSPE\"><strong>Lo\u00efs Boisson<\/strong><\/a> \u00a0est d\u2019ores et d\u00e9j\u00e0 consid\u00e9r\u00e9e comme le nouveau ph\u00e9nom\u00e8ne du tennis fran\u00e7ais. \u00c0 seulement 22 ans, la jeune femme class\u00e9e 361e mondiale s\u2019est qualifi\u00e9e en quarts de finale de Roland-Garros ce lundi 2 juin faisant plier l\u2019am\u00e9ricaine Jessica Pegula, la troisi\u00e8me mondiale.<\/p>\n<p class=\"fig-paragraph\">En plus de renverser tous les pronostics, Lo\u00efs Boisson est parvenue \u00e0 l\u2019exploit de se hisser jusqu\u2019en quarts de finale, \u00e9v\u00e9nement in\u00e9dit pour une Fran\u00e7aise depuis 2017. Et si la Dijonnaise avait du mal \u00e0 r\u00e9aliser la port\u00e9e de son exploit, elle en \u00e9tait tout de m\u00eame fi\u00e8re. \u00abLe but est qu\u2019il y en ait plus dans les ann\u00e9es qui viennent. Pour moi, cela repr\u00e9sente beaucoup et j\u2019ai bien l\u2019intention d\u2019aller plus loin\u00bb, a-t-elle affirm\u00e9 dans\u00a0<a href=\"http:\/\/www.lefigaro.fr\/sports\/tennis\/roland-garros\/roland-garros-je-ne-pouvais-pas-esperer-mieux-en-arrivant-ici-savoure-lois-boisson-20250602\" target=\"_blank\" data-fig-type=\"NewsFlash\" rel=\"noopener nofollow\" data-gtm-custom-categorie=\"navigation\" data-gtm-custom-action=\"crossclick\" data-gtm-custom-label=\"Contextuel\" data-gtm-event=\"customEventSPE\" data-fig-domain=\"LEFIGARO\">nos colonnes<\/a>. Ce \u00abplus loin\u00bb arrive d\u00e8s demain, mercredi 4 juin.<\/p>\n<p class=\"fig-body-link\">\n            \u00c0 lire aussi<br \/>\n        <a class=\"fig-body-link__link\" href=\"http:\/\/tvmag.lefigaro.fr\/programme-tv\/people\/pourquoi-les-stars-tele-portent-elles-toutes-du-lacoste-a-roland-garros-20250531\" target=\"_blank\" data-fig-type=\"Article\" rel=\"noopener nofollow\" data-gtm-custom-categorie=\"navigation\" data-gtm-custom-action=\"crossclick\" data-gtm-custom-label=\"Contextuel\" data-gtm-event=\"customEventSPE\" data-fig-domain=\"TVMAG\">Pourquoi les stars t\u00e9l\u00e9 portent-elles toutes la marque au crocodile \u00e0 Roland-Garros\u00a0?<br \/>\n    <\/a>\n<\/p>\n<p class=\"fig-paragraph\">Et France T\u00e9l\u00e9visions, diffuseur officiel du tournoi fran\u00e7ais, compte bien couvrir l\u2019\u00e9v\u00e9nement. Pour l\u2019occasion, ce ne sera pas France 4 &#8211; comme \u00e0 son habitude &#8211; mais bel et bien France 3 qui sera au rendez-vous. S\u2019il \u00e9tait initialement pr\u00e9vu que la cha\u00eene propose \u00e0 ses t\u00e9l\u00e9spectateurs le magazine quotidien d\u00e9di\u00e9 \u00e0 la m\u00e9t\u00e9o, \u00abM\u00e9t\u00e9o \u00e0 la carte\u00bb pr\u00e9sent\u00e9 par Laurent Romejko et Marie Vignes, France T\u00e9l\u00e9visions a pris le parti de d\u00e9programmer l\u2019\u00e9mission pour assurer la diffusion du tant attendu match.<\/p>\n<p class=\"fig-paragraph\">D\u00e8s 12h55, France 3 assurera donc la retransmission en direct du match opposant Lo\u00efs Boisson \u00e0 la russe Mira Andreeva, demi-finaliste du tournoi il y a un an. Et si au d\u00e9but de cette \u00e9dition 2025 de Roland-Garros, l\u2019espoir de victoire ne semblait pas permis pour la joueuse de tennis fran\u00e7aise, aujourd\u2019hui toutes les cartes semblent \u00eatre rebattues.<\/p>\n","protected":false},"excerpt":{"rendered":"La joueuse de tennis class\u00e9e 361e mondiale a cr\u00e9\u00e9 la surprise ce lundi en renversant la troisi\u00e8me mondiale,&hellip;\n","protected":false},"author":2,"featured_media":150346,"comment_status":"","ping_status":"","sticky":false,"template":"","format":"standard","meta":{"footnotes":""},"categories":[2],"tags":[497,496,11,499,1011,27,876,23339,10535,500,12,504,505,495,503,502,501,25,4171,498],"class_list":{"0":"post-150345","1":"post","2":"type-post","3":"status-publish","4":"format-standard","5":"has-post-thumbnail","7":"category-actualites","8":"tag-actu-tv","9":"tag-actualite-tv","10":"tag-actualites","11":"tag-buzz-tv","12":"tag-fr","13":"tag-france","14":"tag-france-3","15":"tag-france-television","16":"tag-lois-boisson","17":"tag-medias","18":"tag-news","19":"tag-news-tele","20":"tag-news-television","21":"tag-news-tv","22":"tag-programme-tele","23":"tag-programme-tv","24":"tag-quiz-tv","25":"tag-republique-francaise","26":"tag-roland-garros","27":"tag-tv-actu"},"share_on_mastodon":{"url":"https:\/\/pubeurope.com\/@fr\/114622653007132348","error":""},"_links":{"self":[{"href":"https:\/\/www.europesays.com\/fr\/wp-json\/wp\/v2\/posts\/150345","targetHints":{"allow":["GET"]}}],"collection":[{"href":"https:\/\/www.europesays.com\/fr\/wp-json\/wp\/v2\/posts"}],"about":[{"href":"https:\/\/www.europesays.com\/fr\/wp-json\/wp\/v2\/types\/post"}],"author":[{"embeddable":true,"href":"https:\/\/www.europesays.com\/fr\/wp-json\/wp\/v2\/users\/2"}],"replies":[{"embeddable":true,"href":"https:\/\/www.europesays.com\/fr\/wp-json\/wp\/v2\/comments?post=150345"}],"version-history":[{"count":0,"href":"https:\/\/www.europesays.com\/fr\/wp-json\/wp\/v2\/posts\/150345\/revisions"}],"wp:featuredmedia":[{"embeddable":true,"href":"https:\/\/www.europesays.com\/fr\/wp-json\/wp\/v2\/media\/150346"}],"wp:attachment":[{"href":"https:\/\/www.europesays.com\/fr\/wp-json\/wp\/v2\/media?parent=150345"}],"wp:term":[{"taxonomy":"category","embeddable":true,"href":"https:\/\/www.europesays.com\/fr\/wp-json\/wp\/v2\/categories?post=150345"},{"taxonomy":"post_tag","embeddable":true,"href":"https:\/\/www.europesays.com\/fr\/wp-json\/wp\/v2\/tags?post=150345"}],"curies":[{"name":"wp","href":"https:\/\/api.w.org\/{rel}","templated":true}]}}