{"id":150349,"date":"2025-06-04T02:10:12","date_gmt":"2025-06-04T02:10:12","guid":{"rendered":"https:\/\/www.europesays.com\/fr\/150349\/"},"modified":"2025-06-04T02:10:12","modified_gmt":"2025-06-04T02:10:12","slug":"dn3-le-xiii-catalan-champion-de-dn3-rugby-a-xiii","status":"publish","type":"post","link":"https:\/\/www.europesays.com\/fr\/150349\/","title":{"rendered":"DN3 &#8211; Le XIII Catalan champion de DN3 &#8211; Rugby \u00e0 XIII"},"content":{"rendered":"<p style=\"text-align: justify;\" data-start=\"76\" data-end=\"254\"><strong>Ce week-end, le terrain de Villeneuve-Minervois \u00e9tait le th\u00e9\u00e2tre de sa deuxi\u00e8me finale Nationale de la saison. Ce coup-ci, place \u00e0 la DN3 : XIII Catalan vs Toulouse Jules-Julien.<\/strong><\/p>\n<p style=\"text-align: justify;\" data-start=\"256\" data-end=\"475\">Pour ce dernier match de l\u2019ann\u00e9e, ce sont deux \u00e9quipes dont les noms sont bien connus du monde treiziste, mais dont les cat\u00e9gories seniors ont \u00e9t\u00e9 relanc\u00e9es il y a peu de saisons. Bravo \u00e0 elles pour le travail accompli.<\/p>\n<p style=\"text-align: justify;\" data-start=\"477\" data-end=\"825\">Malgr\u00e9 le score de 16-0 \u00e0 la mi-temps, il se d\u00e9termine dans les 20 derni\u00e8res minutes, au profit de Catalans plus appliqu\u00e9s et moins fautifs, pour se solder sur le score de 34 \u00e0 6. Et malgr\u00e9 un \u00e9cart de 28 points, les deux formations ont offert un spectacle de qualit\u00e9 aux nombreux supporters pr\u00e9sents. F\u00e9licitations aux champions du jour !<\/p>\n<p style=\"text-align: justify;\" data-start=\"827\" data-end=\"1052\">Une fois de plus : certes, la DN3 est le plus bas \u00e9chelon fran\u00e7ais, mais non moins important pour contribuer au rugby \u00e0 XIII fran\u00e7ais. Bravo aux clubs, staffs et joueurs pour leur saison\u2026 Sans amateurs, pas de professionnels.<\/p>\n<p style=\"text-align: justify;\" data-start=\"1054\" data-end=\"1165\">La saison de DN2 et DN3 est d\u00e9sormais termin\u00e9e, place au repos, pr\u00e9parations et projections sur la saison prochaine.<\/p>\n<p style=\"text-align: justify;\" data-start=\"1167\" data-end=\"1173\" data-is-last-node=\"\" data-is-only-node=\"\">Merci.<\/p>\n","protected":false},"excerpt":{"rendered":"Ce week-end, le terrain de Villeneuve-Minervois \u00e9tait le th\u00e9\u00e2tre de sa deuxi\u00e8me finale Nationale de la saison. Ce&hellip;\n","protected":false},"author":2,"featured_media":150350,"comment_status":"","ping_status":"","sticky":false,"template":"","format":"standard","meta":{"footnotes":""},"categories":[1416],"tags":[16974,1011,27,479,2228,1468,2229,60,27966,27967],"class_list":{"0":"post-150349","1":"post","2":"type-post","3":"status-publish","4":"format-standard","5":"has-post-thumbnail","7":"category-rugby","8":"tag-dn3","9":"tag-fr","10":"tag-france","11":"tag-rugby","12":"tag-rugby-a-xiii","13":"tag-rugby-football","14":"tag-rugby-league","15":"tag-sports","16":"tag-toulouse-jules-julien","17":"tag-xiii-catalan"},"share_on_mastodon":{"url":"https:\/\/pubeurope.com\/@fr\/114622668711366142","error":""},"_links":{"self":[{"href":"https:\/\/www.europesays.com\/fr\/wp-json\/wp\/v2\/posts\/150349","targetHints":{"allow":["GET"]}}],"collection":[{"href":"https:\/\/www.europesays.com\/fr\/wp-json\/wp\/v2\/posts"}],"about":[{"href":"https:\/\/www.europesays.com\/fr\/wp-json\/wp\/v2\/types\/post"}],"author":[{"embeddable":true,"href":"https:\/\/www.europesays.com\/fr\/wp-json\/wp\/v2\/users\/2"}],"replies":[{"embeddable":true,"href":"https:\/\/www.europesays.com\/fr\/wp-json\/wp\/v2\/comments?post=150349"}],"version-history":[{"count":0,"href":"https:\/\/www.europesays.com\/fr\/wp-json\/wp\/v2\/posts\/150349\/revisions"}],"wp:featuredmedia":[{"embeddable":true,"href":"https:\/\/www.europesays.com\/fr\/wp-json\/wp\/v2\/media\/150350"}],"wp:attachment":[{"href":"https:\/\/www.europesays.com\/fr\/wp-json\/wp\/v2\/media?parent=150349"}],"wp:term":[{"taxonomy":"category","embeddable":true,"href":"https:\/\/www.europesays.com\/fr\/wp-json\/wp\/v2\/categories?post=150349"},{"taxonomy":"post_tag","embeddable":true,"href":"https:\/\/www.europesays.com\/fr\/wp-json\/wp\/v2\/tags?post=150349"}],"curies":[{"name":"wp","href":"https:\/\/api.w.org\/{rel}","templated":true}]}}